{"id":55981,"date":"2026-03-02T02:21:12","date_gmt":"2026-03-02T02:21:12","guid":{"rendered":"https:\/\/bihavadis.com\/?p=55981"},"modified":"2026-03-02T02:21:12","modified_gmt":"2026-03-02T02:21:12","slug":"depremde-yardim-eden-albay-ile-bulusma","status":"publish","type":"post","link":"https:\/\/bihavadis.com\/index.php\/2026\/03\/02\/depremde-yardim-eden-albay-ile-bulusma\/","title":{"rendered":"Depremde Yard\u0131m Eden Albay ile Bulu\u015fma"},"content":{"rendered":"<p>Milli Savunma Bakanl\u0131\u011f\u0131n\u0131n (MSB) giri\u015fimleriyle Hatay&#8217;da, afetzede gen\u00e7 k\u0131z kendisine 6 \u015eubat 2023&#8217;teki depremlerde parkas\u0131n\u0131 veren albay ile bir araya geldi.<\/p>\n<p>Afetzede Beliz Ayd\u0131n (19), Kahramanmara\u015f merkezli depremlere Hatay&#8217;\u0131n merkez Antakya il\u00e7esi Cebrail Mahallesi&#8217;ndeki anneannesinin evinde yakaland\u0131.<\/p>\n<p>Depremden yara almadan kurtulan Ayd\u0131n, hemen ayn\u0131 mahallede bulunan annesi Bet\u00fcl G\u00fcnya\u015far ve a\u011fabeyi Abdurrahman Ayd\u0131n&#8217;\u0131n ya\u015fad\u0131\u011f\u0131 eve gitti.<\/p>\n<p>Ailesinin ya\u015fad\u0131\u011f\u0131 evin y\u0131k\u0131ld\u0131\u011f\u0131n\u0131 g\u00f6ren Ayd\u0131n, afetten k\u0131sa s\u00fcre sonra b\u00f6lgeye gelen jandarma ekiplerinin enkazdaki \u00e7al\u0131\u015fmalar\u0131n\u0131 g\u00f6zya\u015flar\u0131 i\u00e7inde takip etti.<\/p>\n<p>Bu s\u0131rada arama kurtarma \u00e7al\u0131\u015fmalar\u0131na kat\u0131lan albay Ra\u015fit \u00c7elik, \u00fczerindeki parkay\u0131 \u00e7\u0131kararak enkaz\u0131n yak\u0131n\u0131nda so\u011fukta endi\u015feli bir \u015fekilde bekleyen gen\u00e7 k\u0131za giydirdi.<\/p>\n<p>Jandarma ekiplerinin \u00e7al\u0131\u015fmas\u0131 sonucu depremden yakla\u015f\u0131k 13 saat sonra Ayd\u0131n&#8217;\u0131n annesi ve a\u011fabeyi yaral\u0131 olarak \u00e7\u0131kar\u0131ld\u0131.<\/p>\n<p>Hastaneye kald\u0131r\u0131lan Ayd\u0131n&#8217;\u0131n annesi yap\u0131lan m\u00fcdahaleye ra\u011fmen kurtar\u0131lamad\u0131, a\u011fabeyinin ise iki baca\u011f\u0131 diz alt\u0131ndan ampute edildi.<\/p>\n<p>A\u011fabeyiyle ya\u015fama tutunan Ayd\u0131n, afetin ard\u0131ndan enkazda kendisine parka veren ki\u015fiyi unutamad\u0131.<\/p>\n<p>Yap\u0131lan giri\u015fimlerle Beliz Ayd\u0131n ile kendisine enkaz ba\u015f\u0131nda parka veren emekli albay Ra\u015fit \u00c7elik bir araya getirildi.<\/p>\n<p>Bulu\u015fma s\u0131ras\u0131nda g\u00f6zya\u015flar\u0131na hakim olamayan gen\u00e7 k\u0131z, depremde kendilerine yard\u0131mc\u0131 oldu\u011fu i\u00e7in \u00c7elik&#8217;e te\u015fekk\u00fcr etti.<\/p>\n<p>&#8220;Askerlerimiz fedakarca, hayatlar\u0131n\u0131 riske atarcas\u0131na enkazdan vatanda\u015flar\u0131m\u0131z\u0131 \u00e7\u0131karmaya \u00e7al\u0131\u015f\u0131yorlard\u0131&#8221;<\/p>\n<p>Emekli albay Ra\u015fit \u00c7elik de depremlerin ard\u0131ndan askerleriyle haz\u0131rl\u0131klar\u0131n\u0131 yaparak enkazlarda \u00e7al\u0131\u015fmalar yapt\u0131klar\u0131n\u0131 s\u00f6yledi.<\/p>\n<p>Afetin ard\u0131ndan askerleriyle yo\u011fun bir \u015fekilde \u00e7al\u0131\u015ft\u0131klar\u0131n\u0131 anlatan \u00c7elik, &#8220;Ben orada size yard\u0131m ederken askerlerimiz fedakarca, hayatlar\u0131n\u0131 riske atarcas\u0131na enkazdan vatanda\u015flar\u0131m\u0131z\u0131 \u00e7\u0131karmaya \u00e7al\u0131\u015f\u0131yorlard\u0131. Belki parka g\u00fcndeme geldi ama i\u015fin bir de g\u00f6r\u00fclmeyen y\u00fcz\u00fc var. Orada \u00e7ok fazla faaliyetler ger\u00e7ekle\u015ftirildi. \u00d6zellikle ilk 3 g\u00fcn \u00e7al\u0131\u015fmalar\u0131m\u0131z \u00e7ok yo\u011fundu.&#8221; diye konu\u015ftu.<\/p>\n<p>\u00c7elik, o g\u00fcnleri hi\u00e7bir zaman unutamad\u0131\u011f\u0131n\u0131 ifade etti.<\/p>\n<p>Ziyaretin ard\u0131ndan Milli Savunma Bakanl\u0131\u011f\u0131nca Abdurrahman Ayd\u0131n&#8217;a ak\u00fcl\u00fc sandalye, Beliz Ayd\u0131n&#8217;a ise tablet hediye edildi.<\/p>\n","protected":false},"excerpt":{"rendered":"<p>Beliz Ayd\u0131n, depremde kendisine parka veren albay Ra\u015fit \u00c7elik ile duygusal bir bulu\u015fma ya\u015fad\u0131.<\/p>\n","protected":false},"author":1,"featured_media":55982,"comment_status":"open","ping_status":"open","sticky":false,"template":"","format":"standard","meta":{"footnotes":""},"categories":[9,4,13],"tags":[562,881,3355,6882],"class_list":["post-55981","post","type-post","status-publish","format-standard","has-post-thumbnail","hentry","category-genel","category-gundem","category-son-dakika","tag-aydin","tag-celik","tag-enkaz","tag-parka"],"_links":{"self":[{"href":"https:\/\/bihavadis.com\/index.php\/wp-json\/wp\/v2\/posts\/55981","targetHints":{"allow":["GET"]}}],"collection":[{"href":"https:\/\/bihavadis.com\/index.php\/wp-json\/wp\/v2\/posts"}],"about":[{"href":"https:\/\/bihavadis.com\/index.php\/wp-json\/wp\/v2\/types\/post"}],"author":[{"embeddable":true,"href":"https:\/\/bihavadis.com\/index.php\/wp-json\/wp\/v2\/users\/1"}],"replies":[{"embeddable":true,"href":"https:\/\/bihavadis.com\/index.php\/wp-json\/wp\/v2\/comments?post=55981"}],"version-history":[{"count":1,"href":"https:\/\/bihavadis.com\/index.php\/wp-json\/wp\/v2\/posts\/55981\/revisions"}],"predecessor-version":[{"id":55983,"href":"https:\/\/bihavadis.com\/index.php\/wp-json\/wp\/v2\/posts\/55981\/revisions\/55983"}],"wp:featuredmedia":[{"embeddable":true,"href":"https:\/\/bihavadis.com\/index.php\/wp-json\/wp\/v2\/media\/55982"}],"wp:attachment":[{"href":"https:\/\/bihavadis.com\/index.php\/wp-json\/wp\/v2\/media?parent=55981"}],"wp:term":[{"taxonomy":"category","embeddable":true,"href":"https:\/\/bihavadis.com\/index.php\/wp-json\/wp\/v2\/categories?post=55981"},{"taxonomy":"post_tag","embeddable":true,"href":"https:\/\/bihavadis.com\/index.php\/wp-json\/wp\/v2\/tags?post=55981"}],"curies":[{"name":"wp","href":"https:\/\/api.w.org\/{rel}","templated":true}]}}