{"id":56021,"date":"2026-03-02T02:54:10","date_gmt":"2026-03-02T02:54:10","guid":{"rendered":"https:\/\/bihavadis.com\/?p=56021"},"modified":"2026-03-02T02:54:10","modified_gmt":"2026-03-02T02:54:10","slug":"victor-osimhen-konyaspora-karsi-yok","status":"publish","type":"post","link":"https:\/\/bihavadis.com\/index.php\/2026\/03\/02\/victor-osimhen-konyaspora-karsi-yok\/","title":{"rendered":"Victor Osimhen, Konyaspor&#8217;a kar\u015f\u0131 yok!"},"content":{"rendered":"<p>S\u00fcper Lig&#8217;de Konyaspor ile deplasmanda kar\u015f\u0131la\u015facak Galatasaray, kamp kadrosunu a\u00e7\u0131klad\u0131.<\/p>\n<p>Galatasaray&#8217;da Victor Osimhen, kamp kadrosunda yer alm\u0131yor.<\/p>\n<p>Sar\u0131-k\u0131rm\u0131z\u0131l\u0131lar, Victor Osimhen&#8217;in dizindeki a\u011fr\u0131 sebebiyle Konyaspor ma\u00e7\u0131n\u0131n kadrosuna al\u0131nmad\u0131\u011f\u0131n\u0131 a\u00e7\u0131klad\u0131.<\/p>\n<p><strong>&#8220;A\u011eRI NEDEN\u0130YLE TEDB\u0130R AMA\u00c7LI&#8221;<\/strong><\/p>\n<p>Galatasaray&#8217;\u0131n a\u00e7\u0131klamas\u0131nda,<b><em> &#8220;Sa\u011f dizinde a\u011fr\u0131lar\u0131 bulunan Victor Osimhen, tedbir ama\u00e7l\u0131 olarak T. Konyaspor ma\u00e7\u0131 kamp kadrosuna al\u0131nmam\u0131\u015ft\u0131r.&#8221; <\/em><\/b>denildi.<\/p>\n<p>Galatasaray&#8217;\u0131n Konyaspor kamp kadrosu \u015fu \u015fekilde&#8230;<\/p>\n<p><img decoding=\"async\" src=\"https:\/\/bihavadis.com\/wp-content\/uploads\/2026\/03\/victor-osimhen-konyaspora-karsi-yok-0-IUPyW9Mp.jpg\"\/><\/p>\n<p><img decoding=\"async\" src=\"https:\/\/bihavadis.com\/wp-content\/uploads\/2026\/03\/victor-osimhen-konyaspora-karsi-yok-1-DARlSHtz.jpg\"\/> <\/p>\n<div> <span><strong>Kaynak:<\/strong> Ensonhaber Haber Merkezi<\/span> <\/div>\n","protected":false},"excerpt":{"rendered":"<p>S\u00fcper Lig&#8217;de Konyaspor ile deplasmanda kar\u015f\u0131la\u015facak Galatasaray, kamp kadrosunu a\u00e7\u0131klad\u0131. Galatasaray&#8217;da Victor Osimhen, kamp kadrosunda yer alm\u0131yor. Sar\u0131-k\u0131rm\u0131z\u0131l\u0131lar, Victor Osimhen&#8217;in dizindeki a\u011fr\u0131 sebebiyle Konyaspor ma\u00e7\u0131n\u0131n kadrosuna &#8230;<\/p>\n","protected":false},"author":1,"featured_media":56022,"comment_status":"open","ping_status":"open","sticky":false,"template":"","format":"standard","meta":{"footnotes":""},"categories":[14],"tags":[6887],"class_list":["post-56021","post","type-post","status-publish","format-standard","has-post-thumbnail","hentry","category-spor","tag-kadrosu"],"_links":{"self":[{"href":"https:\/\/bihavadis.com\/index.php\/wp-json\/wp\/v2\/posts\/56021","targetHints":{"allow":["GET"]}}],"collection":[{"href":"https:\/\/bihavadis.com\/index.php\/wp-json\/wp\/v2\/posts"}],"about":[{"href":"https:\/\/bihavadis.com\/index.php\/wp-json\/wp\/v2\/types\/post"}],"author":[{"embeddable":true,"href":"https:\/\/bihavadis.com\/index.php\/wp-json\/wp\/v2\/users\/1"}],"replies":[{"embeddable":true,"href":"https:\/\/bihavadis.com\/index.php\/wp-json\/wp\/v2\/comments?post=56021"}],"version-history":[{"count":1,"href":"https:\/\/bihavadis.com\/index.php\/wp-json\/wp\/v2\/posts\/56021\/revisions"}],"predecessor-version":[{"id":56025,"href":"https:\/\/bihavadis.com\/index.php\/wp-json\/wp\/v2\/posts\/56021\/revisions\/56025"}],"wp:featuredmedia":[{"embeddable":true,"href":"https:\/\/bihavadis.com\/index.php\/wp-json\/wp\/v2\/media\/56022"}],"wp:attachment":[{"href":"https:\/\/bihavadis.com\/index.php\/wp-json\/wp\/v2\/media?parent=56021"}],"wp:term":[{"taxonomy":"category","embeddable":true,"href":"https:\/\/bihavadis.com\/index.php\/wp-json\/wp\/v2\/categories?post=56021"},{"taxonomy":"post_tag","embeddable":true,"href":"https:\/\/bihavadis.com\/index.php\/wp-json\/wp\/v2\/tags?post=56021"}],"curies":[{"name":"wp","href":"https:\/\/api.w.org\/{rel}","templated":true}]}}