{"id":56036,"date":"2026-03-02T03:06:10","date_gmt":"2026-03-02T03:06:10","guid":{"rendered":"https:\/\/bihavadis.com\/?p=56036"},"modified":"2026-03-02T03:06:10","modified_gmt":"2026-03-02T03:06:10","slug":"zeki-celik-icin-juventusla-anlasti-iddiasi","status":"publish","type":"post","link":"https:\/\/bihavadis.com\/index.php\/2026\/03\/02\/zeki-celik-icin-juventusla-anlasti-iddiasi\/","title":{"rendered":"Zeki \u00c7elik i\u00e7in Juventus&#8217;la anla\u015ft\u0131 iddias\u0131"},"content":{"rendered":"<p>Roma formas\u0131 giyen milli futbolcumuz Zeki \u00c7elik&#8217;le ilgili dikkat \u00e7eken bir transfer geli\u015fmesi g\u00fcndeme geldi.<\/p>\n<p>Roma ile s\u00f6zle\u015fmesi sezon sonunda bitecek milli futbolcu, yeni s\u00f6zle\u015fmeyle birlikte kul\u00fcpten 4 milyon euro maa\u015f talep etti.<\/p>\n<p><strong>\u0130TALYANLAR JUVE&#8217;YLE ANLA\u015eTI DED\u0130<\/strong><\/p>\n<p>Roma, 29 ya\u015f\u0131ndaki futbolcunun bu talebini y\u00fcksek buldu ve taraflar aras\u0131nda yeni s\u00f6zle\u015fme i\u00e7in anla\u015fma sa\u011flanamad\u0131.<\/p>\n<p>La Stampa&#8217;da yer alan habere g\u00f6re, Zeki \u00c7elik&#8217;in menajeri ile g\u00f6r\u00fc\u015fen Juventus, deneyimli futbolcunun transferi konusunda el s\u0131k\u0131\u015ft\u0131.<\/p>\n<p><img decoding=\"async\" src=\"https:\/\/bihavadis.com\/wp-content\/uploads\/2026\/03\/zeki-celik-icin-juventusla-anlasti-iddiasi-0-sMYQFz9R.jpg\"\/><\/p>\n<p><strong>BEDELS\u0130Z OLARAK KADROYA KATILIYOR<\/strong><\/p>\n<p>Juventus, Roma ile s\u00f6zle\u015fmesi tamamlamas\u0131n\u0131n ard\u0131ndan milli futbolcuyu yaz transfer d\u00f6neminde bedelsiz olarak kadrosuna katmaya haz\u0131rlan\u0131yor.<\/p>\n<p>2026 y\u0131l\u0131ndan bu yana Roma formas\u0131 giyen Zeki \u00c7elik, \u0130talyan ekibinde 137 ma\u00e7ta 2 gol att\u0131 ve 10 asist yapt\u0131.<\/p>\n<p><img decoding=\"async\" src=\"https:\/\/bihavadis.com\/wp-content\/uploads\/2026\/03\/zeki-celik-icin-juventusla-anlasti-iddiasi-1-jCrk5Tsv.jpg\"\/> <\/p>\n<div> <span><strong>Kaynak:<\/strong> Ensonhaber Haber Merkezi<\/span> <\/div>\n","protected":false},"excerpt":{"rendered":"<p>Roma formas\u0131 giyen milli futbolcumuz Zeki \u00c7elik&#8217;le ilgili dikkat \u00e7eken bir transfer geli\u015fmesi g\u00fcndeme geldi. Roma ile s\u00f6zle\u015fmesi sezon sonunda bitecek milli futbolcu, yeni s\u00f6zle\u015fmeyle birlikte kul\u00fcpten 4 milyon euro maa\u015f talep etti. \u0130TALYANLAR JUVE &#8230;<\/p>\n","protected":false},"author":1,"featured_media":56037,"comment_status":"open","ping_status":"open","sticky":false,"template":"","format":"standard","meta":{"footnotes":""},"categories":[14],"tags":[5124],"class_list":["post-56036","post","type-post","status-publish","format-standard","has-post-thumbnail","hentry","category-spor","tag-roma"],"_links":{"self":[{"href":"https:\/\/bihavadis.com\/index.php\/wp-json\/wp\/v2\/posts\/56036","targetHints":{"allow":["GET"]}}],"collection":[{"href":"https:\/\/bihavadis.com\/index.php\/wp-json\/wp\/v2\/posts"}],"about":[{"href":"https:\/\/bihavadis.com\/index.php\/wp-json\/wp\/v2\/types\/post"}],"author":[{"embeddable":true,"href":"https:\/\/bihavadis.com\/index.php\/wp-json\/wp\/v2\/users\/1"}],"replies":[{"embeddable":true,"href":"https:\/\/bihavadis.com\/index.php\/wp-json\/wp\/v2\/comments?post=56036"}],"version-history":[{"count":1,"href":"https:\/\/bihavadis.com\/index.php\/wp-json\/wp\/v2\/posts\/56036\/revisions"}],"predecessor-version":[{"id":56040,"href":"https:\/\/bihavadis.com\/index.php\/wp-json\/wp\/v2\/posts\/56036\/revisions\/56040"}],"wp:featuredmedia":[{"embeddable":true,"href":"https:\/\/bihavadis.com\/index.php\/wp-json\/wp\/v2\/media\/56037"}],"wp:attachment":[{"href":"https:\/\/bihavadis.com\/index.php\/wp-json\/wp\/v2\/media?parent=56036"}],"wp:term":[{"taxonomy":"category","embeddable":true,"href":"https:\/\/bihavadis.com\/index.php\/wp-json\/wp\/v2\/categories?post=56036"},{"taxonomy":"post_tag","embeddable":true,"href":"https:\/\/bihavadis.com\/index.php\/wp-json\/wp\/v2\/tags?post=56036"}],"curies":[{"name":"wp","href":"https:\/\/api.w.org\/{rel}","templated":true}]}}