{"id":56044,"date":"2026-03-02T03:12:09","date_gmt":"2026-03-02T03:12:09","guid":{"rendered":"https:\/\/bihavadis.com\/?p=56044"},"modified":"2026-03-02T03:12:09","modified_gmt":"2026-03-02T03:12:09","slug":"ispanyada-otanazi-talep-eden-kadinin-babasi-mahkemeye-itiraz-basvurusu-yapti","status":"publish","type":"post","link":"https:\/\/bihavadis.com\/index.php\/2026\/03\/02\/ispanyada-otanazi-talep-eden-kadinin-babasi-mahkemeye-itiraz-basvurusu-yapti\/","title":{"rendered":"\u0130spanya\u2019da \u00f6tanazi talep eden kad\u0131n\u0131n babas\u0131 mahkemeye itiraz ba\u015fvurusu yapt\u0131"},"content":{"rendered":"<p>\u0130spanya&#8217;da tart\u0131\u015fma yaratan olay&#8230;<\/p>\n<p>\u00dclkede 2021 y\u0131l\u0131nda y\u00fcr\u00fcrl\u00fc\u011fe giren yasa ile, ciddi ve tedavi edilemez hastal\u0131\u011f\u0131 ya da kronik ve engelleyici bir durumu bulunan ve ak\u0131l sa\u011fl\u0131\u011f\u0131 yerinde olan ki\u015filere belirli \u015fartlar alt\u0131nda \u00f6tanazi hakk\u0131 tan\u0131nd\u0131.<\/p>\n<p>S\u00f6z konusu gen\u00e7 kad\u0131n, 2022 y\u0131l\u0131nda be\u015finci kattan atlayarak intihar giri\u015fiminde bulundu.<\/p>\n<p><strong>\u00d6TANAZ\u0130 BA\u015eVURUSU YAPTI<\/strong><\/p>\n<p>Olay\u0131n ard\u0131ndan fel\u00e7 kalan kad\u0131n, Nisan 2024\u2019te yasal hakk\u0131n\u0131 kullanmak i\u00e7in ba\u015fvuruda bulundu.<\/p>\n<p>Katalonya\u2019daki \u00f6tanazi kurulu talebi de\u011ferlendirerek onaylad\u0131 ve i\u015flemin A\u011fustos 2024\u2019te ger\u00e7ekle\u015ftirilmesi planland\u0131.<\/p>\n<p><img decoding=\"async\" src=\"https:\/\/bihavadis.com\/wp-content\/uploads\/2026\/03\/ispanyada-otanazi-talep-eden-kadinin-babasi-mahkemeye-itiraz-basvurusu-yapti-0-QUNVlRfl.jpg\"\/><\/p>\n<p><strong>BABASI \u0130T\u0130RAZ ETT\u0130<\/strong><\/p>\n<p>Ancak baba, k\u0131z\u0131n\u0131n zihinsel rahats\u0131zl\u0131klar ya\u015fad\u0131\u011f\u0131n\u0131 ve bunun \u00f6zg\u00fcr ve bilin\u00e7li karar verme yetisini etkileyebilece\u011fini savunarak s\u00fcrece itiraz etti.<\/p>\n<p>Ayr\u0131ca gen\u00e7 kad\u0131n\u0131n karar\u0131n\u0131 de\u011fi\u015ftirmi\u015f olabilece\u011fini ve durumunun &#8220;katlan\u0131lamaz fiziksel ya da psikolojik ac\u0131&#8221; olu\u015fturmad\u0131\u011f\u0131n\u0131 ileri s\u00fcrd\u00fc.<\/p>\n<p>Bunun \u00fczerine mahkeme, ihtiyati tedbir karar\u0131 alarak i\u015flemi durdurdu.<\/p>\n<p><strong>\u0130T\u0130RAZ DAHA SONRA REDDED\u0130LD\u0130<\/strong><\/p>\n<p>Dosya Anayasa Mahkemesi\u2019ne ta\u015f\u0131n\u0131rken mahkeme, baban\u0131n &#8220;ya\u015fam hakk\u0131n\u0131n ihlal edildi\u011fi&#8221; y\u00f6n\u00fcndeki iddialar\u0131nda temel bir hak ihlaline dair a\u00e7\u0131k bir bulgu bulunmad\u0131\u011f\u0131na h\u00fckmederek itiraz\u0131 reddetti.<\/p>\n<p>Bu kararla birlikte baban\u0131n \u0130spanya\u2019daki hukuk yollar\u0131 t\u00fckenmi\u015f oldu.<\/p>\n<p><img decoding=\"async\" src=\"https:\/\/bihavadis.com\/wp-content\/uploads\/2026\/03\/ispanyada-otanazi-talep-eden-kadinin-babasi-mahkemeye-itiraz-basvurusu-yapti-1-CYcCf9jU.jpg\"\/><\/p>\n<p><strong>\u00d6TANAZ\u0130 YASASI SONRASI KAYDA GE\u00c7EN \u0130LK DOSYA<\/strong><\/p>\n<p>Muhafazakar bir yard\u0131m kurulu\u015fu ise davay\u0131 Avrupa \u0130nsan Haklar\u0131 Mahkemesi\u2019ne ta\u015f\u0131yacaklar\u0131n\u0131 a\u00e7\u0131klad\u0131.<\/p>\n<p>Gen\u00e7 kad\u0131n\u0131n dosyas\u0131, 2021\u2019de y\u00fcr\u00fcrl\u00fc\u011fe giren \u00f6tanazi yasas\u0131 sonras\u0131 bir yarg\u0131c\u0131n de\u011ferlendirmesine sunulan ilk vaka olarak kayda ge\u00e7ti.<\/p>\n<div> <span><strong>Kaynak:<\/strong> Ensonhaber Haber Merkezi<\/span> <\/div>\n","protected":false},"excerpt":{"rendered":"<p>\u0130spanya&#8217;da tart\u0131\u015fma yaratan olay&#8230; \u00dclkede 2021 y\u0131l\u0131nda y\u00fcr\u00fcrl\u00fc\u011fe giren yasa ile, ciddi ve tedavi edilemez hastal\u0131\u011f\u0131 ya da kronik ve engelleyici bir durumu bulunan ve ak\u0131l sa\u011fl\u0131\u011f\u0131 yerinde olan ki\u015filere belirli \u015fartlar alt\u0131nda \u00f6tanazi hakk\u0131 tan\u0131nd\u0131 &#8230;<\/p>\n","protected":false},"author":1,"featured_media":56045,"comment_status":"open","ping_status":"open","sticky":false,"template":"","format":"standard","meta":{"footnotes":""},"categories":[6],"tags":[1693,6888],"class_list":["post-56044","post","type-post","status-publish","format-standard","has-post-thumbnail","hentry","category-dunya","tag-hak","tag-otanazi"],"_links":{"self":[{"href":"https:\/\/bihavadis.com\/index.php\/wp-json\/wp\/v2\/posts\/56044","targetHints":{"allow":["GET"]}}],"collection":[{"href":"https:\/\/bihavadis.com\/index.php\/wp-json\/wp\/v2\/posts"}],"about":[{"href":"https:\/\/bihavadis.com\/index.php\/wp-json\/wp\/v2\/types\/post"}],"author":[{"embeddable":true,"href":"https:\/\/bihavadis.com\/index.php\/wp-json\/wp\/v2\/users\/1"}],"replies":[{"embeddable":true,"href":"https:\/\/bihavadis.com\/index.php\/wp-json\/wp\/v2\/comments?post=56044"}],"version-history":[{"count":1,"href":"https:\/\/bihavadis.com\/index.php\/wp-json\/wp\/v2\/posts\/56044\/revisions"}],"predecessor-version":[{"id":56048,"href":"https:\/\/bihavadis.com\/index.php\/wp-json\/wp\/v2\/posts\/56044\/revisions\/56048"}],"wp:featuredmedia":[{"embeddable":true,"href":"https:\/\/bihavadis.com\/index.php\/wp-json\/wp\/v2\/media\/56045"}],"wp:attachment":[{"href":"https:\/\/bihavadis.com\/index.php\/wp-json\/wp\/v2\/media?parent=56044"}],"wp:term":[{"taxonomy":"category","embeddable":true,"href":"https:\/\/bihavadis.com\/index.php\/wp-json\/wp\/v2\/categories?post=56044"},{"taxonomy":"post_tag","embeddable":true,"href":"https:\/\/bihavadis.com\/index.php\/wp-json\/wp\/v2\/tags?post=56044"}],"curies":[{"name":"wp","href":"https:\/\/api.w.org\/{rel}","templated":true}]}}