{"id":5610,"date":"2026-01-30T03:18:06","date_gmt":"2026-01-30T03:18:06","guid":{"rendered":"https:\/\/bihavadis.com\/?p=5610"},"modified":"2026-01-30T03:18:06","modified_gmt":"2026-01-30T03:18:06","slug":"kolombiya-cumhurbaskani-latin-amerika-ulkelerine-birlik-cagrisinda-bulundu","status":"publish","type":"post","link":"https:\/\/bihavadis.com\/index.php\/2026\/01\/30\/kolombiya-cumhurbaskani-latin-amerika-ulkelerine-birlik-cagrisinda-bulundu\/","title":{"rendered":"Kolombiya Cumhurba\u015fkan\u0131, Latin Amerika \u00fclkelerine birlik \u00e7a\u011fr\u0131s\u0131nda bulundu"},"content":{"rendered":"<p>Latin Amerika&#8217;da gerginlik s\u00fcr\u00fcyor&#8230;<\/p>\n<p>Kolombiya Cumhurba\u015fkan\u0131 Gustavo Petro, Panama&#8217;da Latin Amerika ve Karayipler Kalk\u0131nma Bankas\u0131 (CAF) taraf\u0131ndan d\u00fczenlenen <em><b>&#8220;Latin Amerika ve Karayipler Uluslararas\u0131 Ekonomik Forumu&#8221; <\/b><\/em>a\u00e7\u0131l\u0131\u015f\u0131nda konu\u015ftu.<\/p>\n<p><strong>&#8220;F\u00dcZELERLE HEDEF ALINMAK \u0130STEM\u0130YORUZ&#8221;<\/strong><\/p>\n<p>ABD&#8217;nin ismini anmadan Venezuela&#8217;ya yap\u0131lan askeri m\u00fcdahaleyi hat\u0131rlatan Petro, <em><b>&#8220;Caracas&#8217;\u0131n veya Amerika k\u0131tas\u0131ndaki herhangi bir \u00fclkenin, ne kuzeyde ne de g\u00fcneyde f\u00fczelerle hedef al\u0131nmas\u0131n\u0131 istemiyoruz. Halklar\u0131m\u0131z tarihi \u00f6yle bir \u015fekilde \u015fekillendirdi ki kendimizi Latin Amerika ve Karayip medeniyeti olarak g\u00f6rmeye ba\u015flamal\u0131y\u0131z, \u00e7e\u015fitlilik g\u00f6steren, son derece farkl\u0131 ancak birbirine ba\u011fl\u0131 bir medeniyet.&#8221; <\/b><\/em>ifadelerini kulland\u0131.<\/p>\n<p>Petro, uluslararas\u0131 sorunlara dikkati \u00e7ekerek, uyu\u015fturucu ka\u00e7ak\u00e7\u0131l\u0131\u011f\u0131, iklim krizi ve \u00e7at\u0131\u015fmalar\u0131n t\u0131rmanmas\u0131 gibi k\u00fcresel tehditlere kar\u015f\u0131 koyman\u0131n tek yolunun b\u00f6lgesel entegrasyondan ge\u00e7ti\u011fini savundu.<\/p>\n<p><strong>B\u0130RL\u0130K \u00c7A\u011eRISI YAPTI<\/strong><\/p>\n<p>Latin Amerika&#8217;n\u0131n as\u0131l g\u00fcc\u00fcn\u00fcn f\u00fczeler ya da paradan gelmedi\u011fini vurgulayan Petro, <em><b>&#8220;Ger\u00e7ek zenginlik, ya\u015famda, do\u011fada, k\u00fclt\u00fcrel \u00e7e\u015fitlilikte ve d\u00fcnyaya sava\u015f yerine bar\u0131\u015f\u00e7\u0131l bir alternatif sunabilme aray\u0131\u015f\u0131ndad\u0131r. Par\u00e7alara ayr\u0131l\u0131p yaln\u0131zla\u015fmaya raz\u0131 m\u0131 olaca\u011f\u0131z, yoksa ger\u00e7ek bir birlik mi kuraca\u011f\u0131z?&#8221; <\/b><\/em>sorusunu y\u00f6neltti.<\/p>\n<p>Latin Amerika ve Karayipler Uluslararas\u0131 Ekonomik Forumu&#8217;na Kolombiya&#8217;n\u0131n yan\u0131 s\u0131ra Brezilya, Panama, Bolivya, Jamaika, Ekvador, Guatemala devlet ba\u015fkanlar\u0131 ve \u015eili&#8217;nin se\u00e7ilmi\u015f Devlet Ba\u015fkan\u0131 Jose Antonio Kast kat\u0131ld\u0131.<\/p>\n","protected":false},"excerpt":{"rendered":"<p>Kolombiya Cumhurba\u015fkan\u0131 Gustavo Petro, ABD&#8217;nin Venezuela&#8217;ya askeri m\u00fcdahalesini ele\u015ftirerek Latin Amerika \u00fclkelerinden birlik olunmas\u0131 \u00e7a\u011fr\u0131s\u0131nda bulundu.<\/p>\n","protected":false},"author":1,"featured_media":5611,"comment_status":"open","ping_status":"open","sticky":false,"template":"","format":"standard","meta":{"footnotes":""},"categories":[6],"tags":[1310],"class_list":["post-5610","post","type-post","status-publish","format-standard","has-post-thumbnail","hentry","category-dunya","tag-latin-amerika"],"_links":{"self":[{"href":"https:\/\/bihavadis.com\/index.php\/wp-json\/wp\/v2\/posts\/5610","targetHints":{"allow":["GET"]}}],"collection":[{"href":"https:\/\/bihavadis.com\/index.php\/wp-json\/wp\/v2\/posts"}],"about":[{"href":"https:\/\/bihavadis.com\/index.php\/wp-json\/wp\/v2\/types\/post"}],"author":[{"embeddable":true,"href":"https:\/\/bihavadis.com\/index.php\/wp-json\/wp\/v2\/users\/1"}],"replies":[{"embeddable":true,"href":"https:\/\/bihavadis.com\/index.php\/wp-json\/wp\/v2\/comments?post=5610"}],"version-history":[{"count":1,"href":"https:\/\/bihavadis.com\/index.php\/wp-json\/wp\/v2\/posts\/5610\/revisions"}],"predecessor-version":[{"id":5612,"href":"https:\/\/bihavadis.com\/index.php\/wp-json\/wp\/v2\/posts\/5610\/revisions\/5612"}],"wp:featuredmedia":[{"embeddable":true,"href":"https:\/\/bihavadis.com\/index.php\/wp-json\/wp\/v2\/media\/5611"}],"wp:attachment":[{"href":"https:\/\/bihavadis.com\/index.php\/wp-json\/wp\/v2\/media?parent=5610"}],"wp:term":[{"taxonomy":"category","embeddable":true,"href":"https:\/\/bihavadis.com\/index.php\/wp-json\/wp\/v2\/categories?post=5610"},{"taxonomy":"post_tag","embeddable":true,"href":"https:\/\/bihavadis.com\/index.php\/wp-json\/wp\/v2\/tags?post=5610"}],"curies":[{"name":"wp","href":"https:\/\/api.w.org\/{rel}","templated":true}]}}