{"id":56144,"date":"2026-03-02T03:57:07","date_gmt":"2026-03-02T03:57:07","guid":{"rendered":"https:\/\/bihavadis.com\/?p=56144"},"modified":"2026-03-02T03:57:07","modified_gmt":"2026-03-02T03:57:07","slug":"antalyada-akran-zorbaligina-ugrayan-cocugun-cenesi-kirildi","status":"publish","type":"post","link":"https:\/\/bihavadis.com\/index.php\/2026\/03\/02\/antalyada-akran-zorbaligina-ugrayan-cocugun-cenesi-kirildi\/","title":{"rendered":"Antalya&#8217;da akran zorbal\u0131\u011f\u0131na u\u011frayan \u00e7ocu\u011fun \u00e7enesi k\u0131r\u0131ld\u0131"},"content":{"rendered":"<p>Antalya&#8217;n\u0131n Muratpa\u015fa il\u00e7esinde akran zorbal\u0131\u011f\u0131&#8230;<\/p>\n<p>Muratpa\u015fa Borsa Ticaret Meslek Lisesi&#8217;nde 9. s\u0131n\u0131f \u00f6\u011frencisi Muhammed Yasin \u00c7., teneff\u00fcs aras\u0131nda ba\u015fka bir s\u0131n\u0131ftan gelerek s\u0131ras\u0131na oturan ve ayaklar\u0131yla oturaca\u011f\u0131 b\u00f6l\u00fcme basan \u00f6\u011frenciyi<em><b> &#8220;kalkar m\u0131s\u0131n&#8221; <\/b><\/em>diyerek uyard\u0131.<\/p>\n<p>Uyar\u0131n\u0131n ard\u0131ndan s\u0131radan kalkan\u00a0\u00f6\u011frencinin\u00a0bir s\u00fcre sonra \u00fc\u00e7 arkada\u015f\u0131yla birlikte yeniden s\u0131n\u0131fa geldi\u011fi \u00f6ne s\u00fcr\u00fcld\u00fc.<\/p>\n<p><strong>\u00c7ENES\u0130NE VURULUNCA YERE D\u00dc\u015eT\u00dc<\/strong><\/p>\n<p>Muhammed Yasin \u00c7.&#8217;nin <em><b>&#8220;Neden ters bakt\u0131n?&#8221;<\/b><\/em> demesi \u00fczerine \u00e7\u0131kan arbedede, di\u011fer\u00a0\u00f6\u011frencinin\u00a0Muhammed Yasin \u00c7.&#8217;nin \u00e7enesine vurdu\u011fu, darbe alan\u00a0\u00f6\u011frencinin\u00a0yere d\u00fc\u015ft\u00fc\u011f\u00fc iddia edildi.<\/p>\n<p>\u00d6nce sa\u011fl\u0131k oca\u011f\u0131na sonra hastaneye sevk edilen \u00f6\u011frencinin\u00a0\u00e7enesinde k\u0131r\u0131k tespit edildi.<\/p>\n<p><img decoding=\"async\" src=\"https:\/\/bihavadis.com\/wp-content\/uploads\/2026\/03\/antalyada-akran-zorbaligina-ugrayan-cocugun-cenesi-kirildi-0-Jfi5tByJ.jpg\"\/><\/p>\n<p><strong>&#8220;\u0130K\u0130 NOKTADA KIRIK TESP\u0130T ED\u0130LD\u0130&#8221;<\/strong><\/p>\n<p>Olayla ilgili konu\u015fan veli Ergin \u00c7., <em><b>&#8220;Ge\u00e7ti\u011fimiz hafta okul idaresinden telefon geldi. Arkada\u015flar aras\u0131nda kavga oldu\u011funu ve di\u015f k\u0131r\u0131kl\u0131\u011f\u0131 ya\u015fand\u0131\u011f\u0131n\u0131 s\u00f6ylediler. Be\u015f dakika sonra tekrar aray\u0131p \u00e7ocu\u011fun ara\u015ft\u0131rma hastanesine sevk edildi\u011fini bildirdiler. Okula gitti\u011fimde o\u011flum \u00e7enesini tutuyordu. <\/b><\/em><\/p>\n<p><em><b>Yap\u0131lan kontrollerde \u00e7enesinin iki noktadan k\u0131r\u0131ld\u0131\u011f\u0131 ortaya \u00e7\u0131kt\u0131. 16 \u015eubat Pazartesi g\u00fcn\u00fc yakla\u015f\u0131k be\u015f saat s\u00fcren bir operasyon ge\u00e7irdi. Plak yerle\u015ftirildi, ba\u011flant\u0131lar yap\u0131ld\u0131. Doktorlar tedavi s\u00fcrecinin 6 ay ile 1 y\u0131l aras\u0131nda s\u00fcrebilece\u011fini s\u00f6yledi.&#8221;<\/b><\/em> dedi.\u00a0<\/p>\n<p><strong>&#8220;BU B\u0130R ADL\u0130 VAKA&#8221;<\/strong><\/p>\n<p>\u00a0Olay\u0131n adli boyutuna dikkat \u00e7eken\u00a0Veli Ergin \u00c7., \u015funlar\u0131 kaydetti:<\/p>\n<p>Kamera kay\u0131tlar\u0131nda olay\u0131n net oldu\u011fu ifade edildi. Ambulans ve polis \u00e7a\u011fr\u0131l\u0131p \u00e7a\u011fr\u0131lmad\u0131\u011f\u0131n\u0131 sordum. \u00c7a\u011fr\u0131lmad\u0131\u011f\u0131n\u0131 \u00f6\u011frendim. Polisler tuttu\u011fu tutanaklarda olay\u0131n &#8220;kasten yaralanma&#8221; oldu\u011funu belirttiler. <\/p>\n<p>Bunun bir adli vaka oldu\u011funu d\u00fc\u015f\u00fcn\u00fcyorum. Daha sonra ambulans\u0131 ve polisi ben arad\u0131m. Yarg\u0131 s\u00fcrecini ba\u015flatt\u0131k<\/p>\n<p><img decoding=\"async\" src=\"https:\/\/bihavadis.com\/wp-content\/uploads\/2026\/03\/antalyada-akran-zorbaligina-ugrayan-cocugun-cenesi-kirildi-1-1Kjrau8a.jpg\"\/><\/p>\n<p><strong>D\u0130S\u0130PL\u0130N CEZASINA \u0130T\u0130RAZ<\/strong><\/p>\n<p>Olay\u0131n ard\u0131ndan disiplin kurulunun topland\u0131\u011f\u0131n\u0131 belirten Ergin \u00c7., verilen cezaya itiraz etti\u011fini s\u00f6yleyerek, <em><b>&#8220;Olay\u0131 ger\u00e7ekle\u015ftiren \u00f6\u011frenciye 5 g\u00fcn ge\u00e7ici uzakla\u015ft\u0131rma cezas\u0131 verildi. Bu karar\u0131n cayd\u0131r\u0131c\u0131 olmad\u0131\u011f\u0131n\u0131 d\u00fc\u015f\u00fcn\u00fcyorum ve itiraz ettim. <\/b><\/em><\/p>\n<p><em><b>Be\u015f g\u00fcnl\u00fck uzakla\u015ft\u0131rma demek, gel bir daha birinin \u00e7enesini k\u0131r, ba\u015fkas\u0131n\u0131n \u00e7ocu\u011fun \u00e7enesini k\u0131r anlam\u0131na geliyor.&#8221;<\/b><\/em> ifadelerini kulland\u0131.\u00a0<\/p>\n<p><strong>EN AZ B\u0130R D\u00d6NEM E\u011e\u0130T\u0130ME KATILAMAYACAK<\/strong><\/p>\n<p>16 \u015eubat Pazartesi g\u00fcn\u00fc yakla\u015f\u0131k 5 saat s\u00fcren operasyonun ard\u0131ndan Muhammed Yasin \u00c7.&#8217;nin \u00e7enesinde iki noktada k\u0131r\u0131k tespit edilerek plak yerle\u015ftirildi.<\/p>\n<p>Tedavi s\u00fcrecinin uzun ve zorlu ge\u00e7ece\u011fini belirten veli Ergin \u00c7., o\u011flunun sa\u011fl\u0131k durumu nedeniyle en az bir d\u00f6nem okuldan mahrum kalaca\u011f\u0131n\u0131 da s\u00f6zlerine ekledi.<\/p>\n<div> <span><strong>Kaynak:<\/strong> \u0130hlas Haber Ajans\u0131 (\u0130HA)<\/span> <\/div>\n","protected":false},"excerpt":{"rendered":"<p>Antalya&#8217;n\u0131n Muratpa\u015fa il\u00e7esinde akran zorbal\u0131\u011f\u0131&#8230; Muratpa\u015fa Borsa Ticaret Meslek Lisesi&#8217;nde 9. s\u0131n\u0131f \u00f6\u011frencisi Muhammed Yasin \u00c7., teneff\u00fcs aras\u0131nda ba\u015fka bir s\u0131n\u0131ftan gelerek s\u0131ras\u0131na oturan ve ayaklar\u0131yla oturaca\u011f\u0131 b\u00f6l\u00fcme basan \u00f6\u011frenciyi &#8220;kalkar &#8230;<\/p>\n","protected":false},"author":1,"featured_media":56145,"comment_status":"open","ping_status":"open","sticky":false,"template":"","format":"standard","meta":{"footnotes":""},"categories":[4,13],"tags":[3037,6895,544],"class_list":["post-56144","post","type-post","status-publish","format-standard","has-post-thumbnail","hentry","category-gundem","category-son-dakika","tag-gel","tag-kir","tag-sure"],"_links":{"self":[{"href":"https:\/\/bihavadis.com\/index.php\/wp-json\/wp\/v2\/posts\/56144","targetHints":{"allow":["GET"]}}],"collection":[{"href":"https:\/\/bihavadis.com\/index.php\/wp-json\/wp\/v2\/posts"}],"about":[{"href":"https:\/\/bihavadis.com\/index.php\/wp-json\/wp\/v2\/types\/post"}],"author":[{"embeddable":true,"href":"https:\/\/bihavadis.com\/index.php\/wp-json\/wp\/v2\/users\/1"}],"replies":[{"embeddable":true,"href":"https:\/\/bihavadis.com\/index.php\/wp-json\/wp\/v2\/comments?post=56144"}],"version-history":[{"count":1,"href":"https:\/\/bihavadis.com\/index.php\/wp-json\/wp\/v2\/posts\/56144\/revisions"}],"predecessor-version":[{"id":56148,"href":"https:\/\/bihavadis.com\/index.php\/wp-json\/wp\/v2\/posts\/56144\/revisions\/56148"}],"wp:featuredmedia":[{"embeddable":true,"href":"https:\/\/bihavadis.com\/index.php\/wp-json\/wp\/v2\/media\/56145"}],"wp:attachment":[{"href":"https:\/\/bihavadis.com\/index.php\/wp-json\/wp\/v2\/media?parent=56144"}],"wp:term":[{"taxonomy":"category","embeddable":true,"href":"https:\/\/bihavadis.com\/index.php\/wp-json\/wp\/v2\/categories?post=56144"},{"taxonomy":"post_tag","embeddable":true,"href":"https:\/\/bihavadis.com\/index.php\/wp-json\/wp\/v2\/tags?post=56144"}],"curies":[{"name":"wp","href":"https:\/\/api.w.org\/{rel}","templated":true}]}}