{"id":56225,"date":"2026-03-02T05:00:07","date_gmt":"2026-03-02T05:00:07","guid":{"rendered":"https:\/\/bihavadis.com\/?p=56225"},"modified":"2026-03-02T05:00:07","modified_gmt":"2026-03-02T05:00:07","slug":"vedat-isikhan-deprem-bolgesinde-sigortali-kisi-sayisi-2-milyon-56-bin-kisiye-ulasti","status":"publish","type":"post","link":"https:\/\/bihavadis.com\/index.php\/2026\/03\/02\/vedat-isikhan-deprem-bolgesinde-sigortali-kisi-sayisi-2-milyon-56-bin-kisiye-ulasti\/","title":{"rendered":"Vedat I\u015f\u0131khan: Deprem b\u00f6lgesinde sigortal\u0131 ki\u015fi say\u0131s\u0131  2 milyon 56 bin ki\u015fiye ula\u015ft\u0131"},"content":{"rendered":"<p>\u00c7e\u015fitli temaslarda bulunmak \u00fczere Elaz\u0131\u011f&#8217;a gelen Bakan\u00a0\u00c7al\u0131\u015fma ve Sosyal G\u00fcvenlik Bakan\u0131 Vedat I\u015f\u0131khan, Valili\u011fi ziyaret etti.\u00a0<\/p>\n<p>Valilik \u015eeref Defteri&#8217;ni imzalayan I\u015f\u0131khan, Vali Numan Hatipo\u011flu ile makam\u0131nda bir s\u00fcre g\u00f6r\u00fc\u015ft\u00fc.<\/p>\n<p>Daha sonra Elaz\u0131\u011f Belediye Ba\u015fkan\u0131 \u015eahin \u015eerifo\u011fullar\u0131&#8217;n\u0131 ziyaret eden I\u015f\u0131khan, kentteki \u00e7al\u0131\u015fmalar hakk\u0131nda bilgi ald\u0131.<\/p>\n<p>AK Parti \u0130l Ba\u015fkanl\u0131\u011f\u0131n\u0131 ziyaret ederek partililerle bir araya gelen I\u015f\u0131khan, burada yapt\u0131\u011f\u0131 konu\u015fmada, rahmet, bereket ve ma\u011ffiret ay\u0131 olan ramazan\u0131 depremzedelerle bir arada ge\u00e7irmenin mutlulu\u011funu ya\u015fad\u0131klar\u0131n\u0131 s\u00f6yledi.<\/p>\n<p><strong>&#8220;DEPREM B\u00d6LGES\u0130NDE S\u0130GORTALI SAYISI 2 M\u0130LYON 56 B\u0130N K\u0130\u015e\u0130 OLDU&#8221;<\/strong><\/p>\n<p>\u00c7al\u0131\u015fma ve Sosyal G\u00fcvenlik Bakan\u0131 I\u015f\u0131khan, burada yapt\u0131\u011f\u0131 a\u00e7\u0131klamada <em><b>&#8220;Deprem b\u00f6lgesinde, depremden \u00f6nceki sigortal\u0131 say\u0131s\u0131 1 milyon 888 bin iken, deprem sonras\u0131 bu say\u0131 ne yaz\u0131k ki yar\u0131 yar\u0131ya azalm\u0131\u015ft\u0131. <\/b><\/em><\/p>\n<p><em><b>Bug\u00fcn itibar\u0131yla sigortal\u0131 say\u0131s\u0131 depremden \u00f6nceki seviyenin de \u00fczerine \u00e7\u0131karak 2 milyon 56 bin ki\u015fiye ula\u015fm\u0131\u015ft\u0131r.&#8221; <\/b><\/em>dedi.<\/p>\n<p><img decoding=\"async\" src=\"https:\/\/bihavadis.com\/wp-content\/uploads\/2026\/03\/vedat-isikhan-deprem-bolgesinde-sigortali-kisi-sayisi-2-milyon-56-bin-kisiye-ulasti-ZqgFOYmk.jpg\"\/><\/p>\n<p><strong>&#8220;3 YIL G\u0130B\u0130 KISA B\u0130R S\u00dcREDE \u015eEH\u0130RLER\u0130M\u0130Z\u0130 AYA\u011eA KALDIRDIK&#8221;<\/strong><\/p>\n<p><em><b>&#8220;Yeni evim, ilk iftar\u0131m&#8221;<\/b><\/p>\n<p>6-7 \u015eubat depremlerinde ya\u015fad\u0131\u011f\u0131m\u0131z y\u0131k\u0131mda, nas\u0131l birbirimize kenetlenip tek y\u00fcrek olduysak, 3 y\u0131l gibi k\u0131sa bir s\u00fcrede \u015fehirlerimizi aya\u011fa kald\u0131rmay\u0131 ba\u015fard\u0131\u011f\u0131m\u0131z 11 ilimizde, p\u0131r\u0131l p\u0131r\u0131l evlerine kavu\u015fan karde\u015flerimizin sevincinde de birlikteyiz, onlarla beraberiz. <\/p>\n<p>Hamdolsun, ac\u0131lar\u0131m\u0131z\u0131 da sevin\u00e7lerimizi de birlikte ya\u015fayan bir milletiz. En zor zamanlarda el ele vererek, asr\u0131n felaketini, asr\u0131n dayan\u0131\u015fmas\u0131na \u00e7evirmi\u015f bir milletin mensuplar\u0131y\u0131z.<\/p>\n<p><img decoding=\"async\" src=\"https:\/\/bihavadis.com\/wp-content\/uploads\/2026\/03\/vedat-isikhan-deprem-bolgesinde-sigortali-kisi-sayisi-2-milyon-56-bin-kisiye-ulasti-pe4AkwRn.jpg\"\/><\/p>\n<p><strong>&#8220;TOPLAM 2,6 M\u0130LYAR L\u0130RA KATILIM PAYINDAN VATANDA\u015eLARIMIZ \u0130\u00c7\u0130N FERAGAT ETT\u0130K&#8221;<\/strong><\/p>\n<p>Deprem b\u00f6lgesi genelinde yakla\u015f\u0131k 500 bin konutu vatanda\u015flara teslim ettiklerini belirten I\u015f\u0131khan, \u015funlar\u0131 kaydetti:<\/p>\n<p>Deprem b\u00f6lgesini en \u00e7ok etkileyen hususlar\u0131n ba\u015f\u0131nda gelen, \u00e7al\u0131\u015fma hayat\u0131n\u0131, istihdam\u0131 ve sosyal g\u00fcvenli\u011fi aya\u011fa kald\u0131rmak i\u00e7in Bakanl\u0131k olarak bir\u00e7ok faaliyeti hayata ge\u00e7irdik. Vatanda\u015flar\u0131m\u0131z\u0131n sosyal g\u00fcvenlik haklar\u0131 kapsam\u0131nda deprem b\u00f6lgesinde prim bor\u00e7lar\u0131n\u0131 cezas\u0131z ve zams\u0131z \u015fekilde erteledik. <\/p>\n<p>Kat\u0131l\u0131m pay\u0131n\u0131 kald\u0131rd\u0131k. Toplam 2,6 milyar lira kat\u0131l\u0131m pay\u0131ndan vatanda\u015flar\u0131m\u0131z\u0131n lehine feragat ettik. SGK&#8217;ya verilmesi gereken belgelerin, beyannamelerin ve prim \u00f6demelerinin s\u00fcrelerini erteledik. \u0130steyen vatanda\u015flar\u0131m\u0131za, bor\u00e7lar\u0131n\u0131 faizsiz olarak 24 aya kadar taksitlendirme imkan\u0131 sa\u011flad\u0131k. <\/p>\n<p>Yap\u0131land\u0131rma Kanunu kapsam\u0131nda m\u00fccbir sebep hali devam eden il ve il\u00e7elerde, 2 Mart 2026&#8217;ya kadar yap\u0131lacak olan ba\u015fvurular\u0131n ilk taksit \u00f6demesini 31 Mart 2026 tarihinde, di\u011fer taksitlerin ise takip eden aylarda \u00f6denmesi kolayl\u0131\u011f\u0131n\u0131 vatanda\u015flar\u0131m\u0131za sa\u011flad\u0131k.<\/p>\n<div> <span><strong>Kaynak:<\/strong> Anadolu Ajans\u0131 (AA)<\/span> <\/div>\n","protected":false},"excerpt":{"rendered":"<p>\u00c7e\u015fitli temaslarda bulunmak \u00fczere Elaz\u0131\u011f&#8217;a gelen Bakan\u00a0\u00c7al\u0131\u015fma ve Sosyal G\u00fcvenlik Bakan\u0131 Vedat I\u015f\u0131khan, Valili\u011fi ziyaret etti.\u00a0 Valilik \u015eeref Defteri&#8217;ni imzalayan I\u015f\u0131khan, Vali Numan Hatipo\u011flu ile makam\u0131nda bir s\u00fcre g\u00f6r\u00fc\u015ft\u00fc. Daha sonra Elaz\u0131\u011f &#8230;<\/p>\n","protected":false},"author":1,"featured_media":56226,"comment_status":"open","ping_status":"open","sticky":false,"template":"","format":"standard","meta":{"footnotes":""},"categories":[8],"tags":[1034,60,3036,6550],"class_list":["post-56225","post","type-post","status-publish","format-standard","has-post-thumbnail","hentry","category-ekonomi","tag-bolgesi","tag-deprem","tag-isikhan","tag-vatandaslarimiz"],"_links":{"self":[{"href":"https:\/\/bihavadis.com\/index.php\/wp-json\/wp\/v2\/posts\/56225","targetHints":{"allow":["GET"]}}],"collection":[{"href":"https:\/\/bihavadis.com\/index.php\/wp-json\/wp\/v2\/posts"}],"about":[{"href":"https:\/\/bihavadis.com\/index.php\/wp-json\/wp\/v2\/types\/post"}],"author":[{"embeddable":true,"href":"https:\/\/bihavadis.com\/index.php\/wp-json\/wp\/v2\/users\/1"}],"replies":[{"embeddable":true,"href":"https:\/\/bihavadis.com\/index.php\/wp-json\/wp\/v2\/comments?post=56225"}],"version-history":[{"count":1,"href":"https:\/\/bihavadis.com\/index.php\/wp-json\/wp\/v2\/posts\/56225\/revisions"}],"predecessor-version":[{"id":56229,"href":"https:\/\/bihavadis.com\/index.php\/wp-json\/wp\/v2\/posts\/56225\/revisions\/56229"}],"wp:featuredmedia":[{"embeddable":true,"href":"https:\/\/bihavadis.com\/index.php\/wp-json\/wp\/v2\/media\/56226"}],"wp:attachment":[{"href":"https:\/\/bihavadis.com\/index.php\/wp-json\/wp\/v2\/media?parent=56225"}],"wp:term":[{"taxonomy":"category","embeddable":true,"href":"https:\/\/bihavadis.com\/index.php\/wp-json\/wp\/v2\/categories?post=56225"},{"taxonomy":"post_tag","embeddable":true,"href":"https:\/\/bihavadis.com\/index.php\/wp-json\/wp\/v2\/tags?post=56225"}],"curies":[{"name":"wp","href":"https:\/\/api.w.org\/{rel}","templated":true}]}}