{"id":56249,"date":"2026-03-02T05:15:06","date_gmt":"2026-03-02T05:15:06","guid":{"rendered":"https:\/\/bihavadis.com\/?p=56249"},"modified":"2026-03-02T05:15:06","modified_gmt":"2026-03-02T05:15:06","slug":"5g-turkiyede-1-nisanda-baslayacak","status":"publish","type":"post","link":"https:\/\/bihavadis.com\/index.php\/2026\/03\/02\/5g-turkiyede-1-nisanda-baslayacak\/","title":{"rendered":"5G T\u00fcrkiye&#8217;de 1 Nisan&#8217;da Ba\u015flayacak"},"content":{"rendered":"<p> Ula\u015ft\u0131rma ve Altyap\u0131 Bakan\u0131 Abdulkadir Uralo\u011flu, &#8220;1 Nisan itibar\u0131yla 5G&#8217;nin T\u00fcrkiye genelinde kapsamas\u0131 ba\u015flam\u0131\u015f olacak. B\u00fct\u00fcn yerle\u015fimleri de 2 y\u0131l i\u00e7erisinde kapsayaca\u011f\u0131z.&#8221; dedi.<\/p>\n<p>Bir dizi ziyaretler i\u00e7in geldi\u011fi Malatya&#8217;da B\u00fcy\u00fck\u015fehir Belediyesini ziyaret eden Bakan Uralo\u011flu&#8217;na, Ba\u015fkan Sami Er taraf\u0131ndan fahri hem\u015fehrilik berat\u0131 takdim edildi.<\/p>\n<p>Daha sonra AK Parti Malatya \u0130l Ba\u015fkanl\u0131\u011f\u0131na ziyarette bulunan Bakan Uralo\u011flu, buradaki konu\u015fmas\u0131nda, Malatyal\u0131 hem\u015fehrilerinin Cumhur \u0130ttifak\u0131&#8217;na \u00f6nemli destekler verdi\u011fini s\u00f6yledi.<\/p>\n<p>Malatya&#8217;dan gelen talepleri bug\u00fcne kadar kar\u015f\u0131lad\u0131klar\u0131n\u0131 ve kar\u015f\u0131lamaya devam edeceklerini anlatan Bakan Uralo\u011flu, \u00e7\u00f6z\u00fcm noktas\u0131nda milletvekilleri ile ba\u011flant\u0131 halinde olduklar\u0131n\u0131 belirtti.<\/p>\n<p>Malatya&#8217;ya hizmet etmeyi s\u00fcrd\u00fcreceklerini vurgulayan Bakan Uralo\u011flu, \u015f\u00f6yle konu\u015ftu: <\/p>\n<p>&#8220;1 Nisan itibar\u0131yla 5G&#8217;nin T\u00fcrkiye genelinde kapsamas\u0131 ba\u015flam\u0131\u015f olacak. B\u00fct\u00fcn yerle\u015fimleri de 2 y\u0131l i\u00e7erisinde kapsayaca\u011f\u0131z. Yani esas\u0131nda 2 y\u0131l i\u00e7erisinde zaten bir problemimiz kalmayacak ama o zamana kadar da gene yapmam\u0131z gerekenleri peyderpey yapaca\u011f\u0131z. Yine T\u00fcrk Telekomun imtiyaz hakk\u0131n\u0131 uzatt\u0131k ve 3 milyar dolar hazineye bir para aktartt\u0131k. 17 milyar dolar da yat\u0131r\u0131m \u015fart\u0131 koyduk. Dolay\u0131s\u0131yla bu internet problemlerini de in\u015fallah o kapsamda biz \u00e7\u00f6zm\u00fc\u015f olaca\u011f\u0131z.&#8221;<\/p>\n<p>Malatya&#8217;n\u0131n ula\u015f\u0131m a\u011f\u0131n\u0131 geni\u015fletmeye devam edeceklerini dile getiren Bakan Uralo\u011flu, \u00e7al\u0131\u015fmalar\u0131n s\u00fcrd\u00fc\u011f\u00fcn\u00fc s\u00f6yledi.<\/p>\n<p>Malatya&#8217;da 2002&#8217;den bu yana \u00f6nemli hizmetlere imza att\u0131klar\u0131n\u0131 hat\u0131rlatan Uralo\u011flu, \u015funlar\u0131 kaydetti: <\/p>\n<p>&#8220;Demir yolu noktas\u0131nda bakt\u0131\u011f\u0131m\u0131zda Malatya-Narl\u0131 dedi\u011fimiz Gaziantep&#8217;e giden mevcut demir yolunu iyile\u015ftirdik, iyile\u015ftirmeye devam ediyoruz. Ama sizlerin talebi \u00fczerine Cumhurba\u015fkan\u0131m\u0131z\u0131n talimat\u0131yla biz Malatya-Narl\u0131 aras\u0131n\u0131n h\u0131zl\u0131 tren projesini 2026 yat\u0131r\u0131m program\u0131na ald\u0131k. Burada tabii birinci \u00f6ncelikli y\u00fck ve yolcunun ta\u015f\u0131nmas\u0131d\u0131r. Bak\u0131n mevcut demir yolu oldu\u011fu halde yan\u0131na yeni bir hat yapaca\u011f\u0131z. Elbette sizin Sivas \u00fczerinden Ankara&#8217;ya ba\u011flanma talebinizi de biliyorum. Projelerini yapt\u0131k. Orada birazc\u0131k daha sab\u0131rl\u0131 olaca\u011f\u0131z.&#8221;<\/p>\n<p>Programa, AK Parti Malatya milletvekilleri B\u00fclent T\u00fcfenkci, \u0130hsan Koca, Abdurrahman Babacan, \u0130nan\u00e7 Sira\u00e7 Kara \u00d6lmeztoprak, AK Parti Malatya \u0130l Ba\u015fkan\u0131 Ali Bakan ve partililer kat\u0131ld\u0131.<\/p>\n","protected":false},"excerpt":{"rendered":"<p>Bakan Uralo\u011flu, 5G&#8217;nin 1 Nisan&#8217;dan itibaren T\u00fcrkiye&#8217;de kapsama alan\u0131na girece\u011fini duyurdu.<\/p>\n","protected":false},"author":1,"featured_media":56250,"comment_status":"open","ping_status":"open","sticky":false,"template":"","format":"standard","meta":{"footnotes":""},"categories":[8],"tags":[436,2454,267],"class_list":["post-56249","post","type-post","status-publish","format-standard","has-post-thumbnail","hentry","category-ekonomi","tag-bakan","tag-malatya","tag-uraloglu"],"_links":{"self":[{"href":"https:\/\/bihavadis.com\/index.php\/wp-json\/wp\/v2\/posts\/56249","targetHints":{"allow":["GET"]}}],"collection":[{"href":"https:\/\/bihavadis.com\/index.php\/wp-json\/wp\/v2\/posts"}],"about":[{"href":"https:\/\/bihavadis.com\/index.php\/wp-json\/wp\/v2\/types\/post"}],"author":[{"embeddable":true,"href":"https:\/\/bihavadis.com\/index.php\/wp-json\/wp\/v2\/users\/1"}],"replies":[{"embeddable":true,"href":"https:\/\/bihavadis.com\/index.php\/wp-json\/wp\/v2\/comments?post=56249"}],"version-history":[{"count":1,"href":"https:\/\/bihavadis.com\/index.php\/wp-json\/wp\/v2\/posts\/56249\/revisions"}],"predecessor-version":[{"id":56251,"href":"https:\/\/bihavadis.com\/index.php\/wp-json\/wp\/v2\/posts\/56249\/revisions\/56251"}],"wp:featuredmedia":[{"embeddable":true,"href":"https:\/\/bihavadis.com\/index.php\/wp-json\/wp\/v2\/media\/56250"}],"wp:attachment":[{"href":"https:\/\/bihavadis.com\/index.php\/wp-json\/wp\/v2\/media?parent=56249"}],"wp:term":[{"taxonomy":"category","embeddable":true,"href":"https:\/\/bihavadis.com\/index.php\/wp-json\/wp\/v2\/categories?post=56249"},{"taxonomy":"post_tag","embeddable":true,"href":"https:\/\/bihavadis.com\/index.php\/wp-json\/wp\/v2\/tags?post=56249"}],"curies":[{"name":"wp","href":"https:\/\/api.w.org\/{rel}","templated":true}]}}