{"id":56287,"date":"2026-03-02T05:39:06","date_gmt":"2026-03-02T05:39:06","guid":{"rendered":"https:\/\/bihavadis.com\/?p=56287"},"modified":"2026-03-02T05:39:06","modified_gmt":"2026-03-02T05:39:06","slug":"amedspor-cem-ustundagi-transfer-etti","status":"publish","type":"post","link":"https:\/\/bihavadis.com\/index.php\/2026\/03\/02\/amedspor-cem-ustundagi-transfer-etti\/","title":{"rendered":"Amedspor, Cem \u00dcst\u00fcnda\u011f&#8217;\u0131 Transfer Etti"},"content":{"rendered":"<p>\n<p>AMED Sportif Faaliyetler, Kas\u0131mpa\u015fa&#8217;dan Cem \u00dcst\u00fcnda\u011f&#8217;\u0131 2,5 y\u0131ll\u0131\u011f\u0131na kadrosuna katt\u0131.<\/p>\n<p>Kul\u00fcpten yap\u0131lan a\u00e7\u0131klamada, Cem \u00dcst\u00fcnda\u011f&#8217;\u0131n kesin transferi konusunda Kas\u0131mpa\u015fa ile anla\u015fmaya var\u0131ld\u0131\u011f\u0131 bildirildi. Profesyonel futbolcu ile 2,5 sezonluk s\u00f6zle\u015fme imzaland\u0131\u011f\u0131 belirtilen a\u00e7\u0131klamada, &#8220;Kul\u00fcb\u00fcm\u00fcz, Kas\u0131mpa\u015fa Sportif Faaliyetler A.\u015e. futbolcusu Cem \u00dcst\u00fcnda\u011f&#8217;\u0131n kesin transferi konusunda Kas\u0131mpa\u015fa Sportif Faaliyetler A.\u015e. ile anla\u015fmaya varm\u0131\u015ft\u0131r. Profesyonel futbolcu Cem \u00dcst\u00fcnda\u011f ile 2,5 sezonluk profesyonel futbolcu s\u00f6zle\u015fmesi imzalanm\u0131\u015ft\u0131r. Oyuncumuz Cem \u00dcst\u00fcnda\u011f&#8217;a Amedspor formas\u0131 alt\u0131nda ba\u015far\u0131lar diliyor; transferin kul\u00fcb\u00fcm\u00fcz ve camiam\u0131z i\u00e7in hay\u0131rl\u0131 olmas\u0131n\u0131 temenni ediyoruz&#8221; denildi. <\/p>\n","protected":false},"excerpt":{"rendered":"<p>Amed Sportif Faaliyetler, Kas\u0131mpa\u015fa&#8217;dan Cem \u00dcst\u00fcnda\u011f ile 2,5 y\u0131ll\u0131k s\u00f6zle\u015fme imzalad\u0131.<\/p>\n","protected":false},"author":1,"featured_media":56288,"comment_status":"open","ping_status":"open","sticky":false,"template":"","format":"standard","meta":{"footnotes":""},"categories":[14],"tags":[6902],"class_list":["post-56287","post","type-post","status-publish","format-standard","has-post-thumbnail","hentry","category-spor","tag-cem-ustundag"],"_links":{"self":[{"href":"https:\/\/bihavadis.com\/index.php\/wp-json\/wp\/v2\/posts\/56287","targetHints":{"allow":["GET"]}}],"collection":[{"href":"https:\/\/bihavadis.com\/index.php\/wp-json\/wp\/v2\/posts"}],"about":[{"href":"https:\/\/bihavadis.com\/index.php\/wp-json\/wp\/v2\/types\/post"}],"author":[{"embeddable":true,"href":"https:\/\/bihavadis.com\/index.php\/wp-json\/wp\/v2\/users\/1"}],"replies":[{"embeddable":true,"href":"https:\/\/bihavadis.com\/index.php\/wp-json\/wp\/v2\/comments?post=56287"}],"version-history":[{"count":1,"href":"https:\/\/bihavadis.com\/index.php\/wp-json\/wp\/v2\/posts\/56287\/revisions"}],"predecessor-version":[{"id":56289,"href":"https:\/\/bihavadis.com\/index.php\/wp-json\/wp\/v2\/posts\/56287\/revisions\/56289"}],"wp:featuredmedia":[{"embeddable":true,"href":"https:\/\/bihavadis.com\/index.php\/wp-json\/wp\/v2\/media\/56288"}],"wp:attachment":[{"href":"https:\/\/bihavadis.com\/index.php\/wp-json\/wp\/v2\/media?parent=56287"}],"wp:term":[{"taxonomy":"category","embeddable":true,"href":"https:\/\/bihavadis.com\/index.php\/wp-json\/wp\/v2\/categories?post=56287"},{"taxonomy":"post_tag","embeddable":true,"href":"https:\/\/bihavadis.com\/index.php\/wp-json\/wp\/v2\/tags?post=56287"}],"curies":[{"name":"wp","href":"https:\/\/api.w.org\/{rel}","templated":true}]}}