{"id":56323,"date":"2026-03-02T06:00:11","date_gmt":"2026-03-02T06:00:11","guid":{"rendered":"https:\/\/bihavadis.com\/?p=56323"},"modified":"2026-03-02T06:00:11","modified_gmt":"2026-03-02T06:00:11","slug":"rizede-atiksiz-yaylalar-donemi-sona-erdi","status":"publish","type":"post","link":"https:\/\/bihavadis.com\/index.php\/2026\/03\/02\/rizede-atiksiz-yaylalar-donemi-sona-erdi\/","title":{"rendered":"Rize&#8217;de &#8216;At\u0131ks\u0131z yaylalar&#8217; d\u00f6nemi sona erdi"},"content":{"rendered":"<p><span><span>S\u0131f\u0131r At\u0131k Vakf\u0131<\/span><\/span> deste\u011fiyle; <span><span>Rize Valili\u011fi<\/span><\/span>, <span><span>Rize \u00c7evre, \u015eehircilik ve \u0130klim De\u011fi\u015fikli\u011fi \u0130l M\u00fcd\u00fcrl\u00fc\u011f\u00fc<\/span><\/span> ve <span><span>Rize \u0130l Tar\u0131m ve Orman M\u00fcd\u00fcrl\u00fc\u011f\u00fc<\/span><\/span> i\u015f birli\u011finde &#8216;At\u0131ks\u0131z Yaylalar&#8217; projesi ba\u015flat\u0131ld\u0131.<\/p>\n<p>\u00c7evresel s\u00fcrd\u00fcr\u00fclebilirli\u011fi \u00e7ok payda\u015fl\u0131 bir d\u00f6n\u00fc\u015f\u00fcm alan\u0131 olarak ele alan proje, do\u011fal alanlar\u0131n korunmas\u0131n\u0131 stratejik \u00f6ncelik haline getirirken yerel idarelerin kurumsal kapasitesini g\u00fc\u00e7lendirmeyi hedefliyor.<\/p>\n<p>Karadeniz\u2019in \u00f6nemli turizm destinasyonlar\u0131 aras\u0131nda yer alan <span><span>Huser Yaylas\u0131<\/span><\/span>, <span><span>Elevit Yaylas\u0131<\/span><\/span> ve <span><span>Hand\u00fcz\u00fc Yaylas\u0131<\/span><\/span> pilot alan olarak belirlendi.<\/p>\n<p>Bu yaylalarda at\u0131k y\u00f6netim s\u00fcre\u00e7leri yeniden yap\u0131land\u0131r\u0131lacak, mevcut altyap\u0131 g\u00fc\u00e7lendirilecek ve \u00e7evresel riskleri azaltmaya y\u00f6nelik ilave tedbirler devreye al\u0131nacak.<\/p>\n<p>Tur operat\u00f6rleri, konaklama i\u015fletmeleri, yayla esnaf\u0131 ve ziyaret\u00e7ilere y\u00f6nelik kapsaml\u0131 bilgilendirme s\u00fcreci y\u00fcr\u00fct\u00fclecek.<\/p>\n<p><strong>&#8220;R\u0130ZE\u2019Y\u0130 ATIKSIZ B\u0130R D\u00dcNYA MARKASI HAL\u0130NE GET\u0130RMEK \u0130ST\u0130YORUZ&#8221;<\/strong><\/p>\n<p>S\u0131f\u0131r At\u0131k Vakf\u0131 Ba\u015fkan\u0131 ve COP31 Y\u00fcksek D\u00fczeyli \u0130klim \u015eampiyonu Samed A\u011f\u0131rba\u015f, projeye ili\u015fkin de\u011ferlendirmesinde, T\u00fcrkiye\u2019nin \u00e7evre ve iklim alan\u0131ndaki d\u00f6n\u00fc\u015f\u00fcm iradesine dikkat \u00e7ekti.<\/p>\n<p>A\u011f\u0131rba\u015f,<em><b> &#8220;Cumhurba\u015fkan\u0131m\u0131z Say\u0131n Recep Tayyip Erdo\u011fan\u2019\u0131n \u00e7evre ve iklim politikalar\u0131na verdi\u011fi stratejik \u00f6nem, \u00fclkemizin s\u00fcrd\u00fcr\u00fclebilir kalk\u0131nma hedefleri do\u011frultusunda att\u0131\u011f\u0131 ad\u0131mlar\u0131n en temel motivasyon kayna\u011f\u0131d\u0131r. T\u00fcrkiye\u2019nin k\u00fcresel iklim diplomasisinde \u00fcstlendi\u011fi etkin rol, yerelde hayata ge\u00e7irilen g\u00fc\u00e7l\u00fc ve somut projelerle tahkim edilmektedir.&#8221;<\/b><\/em> ifadelerini kulland\u0131.<\/p>\n<p><img decoding=\"async\" src=\"https:\/\/bihavadis.com\/wp-content\/uploads\/2026\/03\/rizede-atiksiz-yaylalar-donemi-sona-erdi-0-mzeBwtmO.jpg\"\/><\/p>\n<p><strong>&#8220;YERELDE SOMUTLA\u015eMI\u015e EN G\u00dc\u00c7L\u00dc \u00d6RNEKLERDEN B\u0130R\u0130 OLACAK&#8221;<\/strong><\/p>\n<p>A\u011f\u0131rba\u015f, s\u00f6zlerini \u015f\u00f6yle s\u00fcrd\u00fcrd\u00fc:<\/p>\n<p>Bu vizyon, Sayg\u0131de\u011fer Han\u0131mefendi Emine Erdo\u011fan\u2019\u0131n himayelerinde ba\u015flat\u0131lan ve k\u00fcresel bir \u00e7evre hareketine d\u00f6n\u00fc\u015fen S\u0131f\u0131r At\u0131k yakla\u015f\u0131m\u0131yla kurumsal bir \u00e7er\u00e7eveye kavu\u015fmu\u015ftur. Kendilerinin ortaya koydu\u011fu \u00e7evre hassasiyeti ve s\u00fcrd\u00fcr\u00fclebilirlik perspektifi, sahadaki uygulamalara y\u00f6n vermektedir.Bu kapsamda Rize\u2019de at\u0131ks\u0131z yaylalar\u0131 hedefliyoruz. <\/p>\n<p>Ye\u015fil ile mavinin bulu\u015ftu\u011fu bu e\u015fsiz co\u011frafyada, \u00e7evresel sorumlulu\u011fu merkeze alan g\u00fc\u00e7l\u00fc bir d\u00f6n\u00fc\u015f\u00fcm\u00fc hem\u015fehrilerimizle birlikte hayata ge\u00e7irece\u011fiz. Amac\u0131m\u0131z, Rize\u2019yi uluslararas\u0131 \u00f6l\u00e7ekte at\u0131ks\u0131z bir d\u00fcnya markas\u0131 haline getirmektir. Rize\u2019de hayata ge\u00e7irilecek \u2018At\u0131ks\u0131z Yaylalar\u2019 modeli, bu k\u00fcresel vizyonun yerelde somutla\u015fm\u0131\u015f en g\u00fc\u00e7l\u00fc \u00f6rneklerinden biri olacakt\u0131r.<\/p>\n<p>A\u011f\u0131rba\u015f ayr\u0131ca, yerel sahiplenmenin ve kurumsal i\u015f birli\u011finin projeyi kal\u0131c\u0131 k\u0131laca\u011f\u0131n\u0131 belirterek, <em><b>&#8220;At\u0131ks\u0131z Yaylalar modelinin, Rize\u2019den ba\u015flayarak \u00fclkemizin t\u00fcm do\u011fal turizm alanlar\u0131na \u00f6rnek te\u015fkil edece\u011fine inan\u0131yoruz.&#8221;<\/b><\/em> dedi.<\/p>\n<p><strong>YAYLA MERKEZ\u0130NDE ATIK BIRAKMAK YASAKLANACAK<\/strong><\/p>\n<p>Proje, yaln\u0131zca temizlik faaliyetleriyle s\u0131n\u0131rl\u0131 kalmayacak; merkezi ve yerel idarelerin koordinasyonuyla tasarlanan b\u00fct\u00fcnc\u00fcl bir \u00e7evre y\u00f6netim modeli uygulanacak.<\/p>\n<p>Bu kapsamda en dikkat \u00e7ekici uygulamalardan biri, at\u0131k b\u0131rak\u0131m\u0131n\u0131n yayla merkezinden belirli bir mesafe gerisine al\u0131nmas\u0131 olacak.<\/p>\n<p>Belirlenen noktaya ikili at\u0131k toplama kafesleri yerle\u015ftirilecek ve bu alandan sonra yayla merkezine at\u0131k b\u0131rak\u0131lmas\u0131 yasaklanacak.<\/p>\n<p>Yayla i\u00e7inde \u00e7\u00f6p konteyneri bulundurulmayacak, uygulama y\u00f6nlendirme tabelalar\u0131 ve saha g\u00f6revlileriyle desteklenecek.<\/p>\n<p><img decoding=\"async\" src=\"https:\/\/bihavadis.com\/wp-content\/uploads\/2026\/03\/rizede-atiksiz-yaylalar-donemi-sona-erdi-1-ySdvqDfI.jpg\"\/><\/p>\n<p><strong>D\u00dcZENL\u0130 DENET\u0130M VE D\u0130J\u0130TAL RAPORLAMA<\/strong><\/p>\n<p>Dijital izleme ve raporlama mekanizmalar\u0131 kurulacak, d\u00fczenli denetim ve performans de\u011ferlendirmeleri yap\u0131lacak.<\/p>\n<p>\u00d6zellikle yaz sezonunda artan ziyaret\u00e7i yo\u011funlu\u011fu dikkate al\u0131narak turizm faaliyetlerinin \u00e7evresel s\u00fcrd\u00fcr\u00fclebilirlik ilkeleriyle uyumlu y\u00fcr\u00fct\u00fclmesi sa\u011flanacak.<\/p>\n<p><strong>S\u00dcRD\u00dcR\u00dcLEB\u0130L\u0130R TUR\u0130ZM VE DAVRANI\u015e DE\u011e\u0130\u015e\u0130KL\u0130\u011e\u0130 HEDEF\u0130<\/strong><\/p>\n<p>Rize yaylalar\u0131n\u0131n zengin biyolojik \u00e7e\u015fitlili\u011fine dikkat \u00e7ekilen projede, artan ziyaret\u00e7i say\u0131s\u0131n\u0131n at\u0131k olu\u015fumunu ciddi \u00f6l\u00e7\u00fcde art\u0131rd\u0131\u011f\u0131 vurgulan\u0131yor. &#8220;At\u0131ks\u0131z Yaylalar&#8221; projesi, reaktif temizlik anlay\u0131\u015f\u0131 yerine \u00e7evresel fark\u0131ndal\u0131k ve kal\u0131c\u0131 davran\u0131\u015f de\u011fi\u015fikli\u011fi olu\u015fturmay\u0131 ama\u00e7l\u0131yor.<\/p>\n<p>Proje ile do\u011fal ekosistemlerin ve su kaynaklar\u0131n\u0131n korunmas\u0131, biyolojik \u00e7e\u015fitlili\u011fin s\u00fcrd\u00fcr\u00fclebilirli\u011finin sa\u011flanmas\u0131, yaban hayat\u0131 \u00fczerindeki olumsuz etkilerin azalt\u0131lmas\u0131 ve karbon ayak izinin d\u00fc\u015f\u00fcr\u00fclmesi hedefleniyor.<\/p>\n<p><img decoding=\"async\" src=\"https:\/\/bihavadis.com\/wp-content\/uploads\/2026\/03\/rizede-atiksiz-yaylalar-donemi-sona-erdi-2-7zajCWDp.jpg\"\/><\/p>\n<p><strong>\u00d6L\u00c7\u00dcLEB\u0130L\u0130R HEDEFLER VE T\u00dcRK\u0130YE GENEL\u0130NE YAYILMA PLANI<\/strong><\/p>\n<p>Pilot alanlarda performans g\u00f6stergeleri olu\u015fturulacak; at\u0131k miktar\u0131ndaki azalma ve geri kazan\u0131m oranlar\u0131 d\u00fczenli olarak \u00f6l\u00e7\u00fclecek.<\/p>\n<p>Elde edilen veriler do\u011frultusunda model geli\u015ftirilecek ve T\u00fcrkiye genelindeki di\u011fer yayla ve do\u011fal turizm alanlar\u0131na yayg\u0131nla\u015ft\u0131r\u0131lmas\u0131 hedeflenecek.<\/p>\n<p>&#8220;At\u0131ks\u0131z Yaylalar&#8221; projesi, do\u011fan\u0131n korunmas\u0131 ile turizm ve ekonomik hareketlili\u011fin birbirini tamamlayan unsurlar oldu\u011fu anlay\u0131\u015f\u0131yla, yerelden ulusala uzanan stratejik bir \u00e7evre y\u00f6netimi modeli olarak uygulanacak.<\/p>\n<div> <span><strong>Kaynak:<\/strong> Ensonhaber Haber Merkezi<\/span> <\/div>\n","protected":false},"excerpt":{"rendered":"<p>S\u0131f\u0131r At\u0131k Vakf\u0131 deste\u011fiyle; Rize Valili\u011fi, Rize \u00c7evre, \u015eehircilik ve \u0130klim De\u011fi\u015fikli\u011fi \u0130l M\u00fcd\u00fcrl\u00fc\u011f\u00fc ve Rize \u0130l Tar\u0131m ve Orman M\u00fcd\u00fcrl\u00fc\u011f\u00fc i\u015f birli\u011finde &#8216;At\u0131ks\u0131z Yaylalar&#8217; projesi ba\u015flat\u0131ld\u0131. \u00c7evresel s\u00fcrd\u00fcr\u00fclebilirli\u011fi \u00e7ok payda\u015fl\u0131 bir d\u00f6n\u00fc\u015f\u00fcm alan\u0131 &#8230;<\/p>\n","protected":false},"author":1,"featured_media":56324,"comment_status":"open","ping_status":"open","sticky":false,"template":"","format":"standard","meta":{"footnotes":""},"categories":[9,13],"tags":[382,2163,237,3429,3015],"class_list":["post-56323","post","type-post","status-publish","format-standard","has-post-thumbnail","hentry","category-genel","category-son-dakika","tag-alan","tag-atik","tag-proje","tag-rize","tag-yayla"],"_links":{"self":[{"href":"https:\/\/bihavadis.com\/index.php\/wp-json\/wp\/v2\/posts\/56323","targetHints":{"allow":["GET"]}}],"collection":[{"href":"https:\/\/bihavadis.com\/index.php\/wp-json\/wp\/v2\/posts"}],"about":[{"href":"https:\/\/bihavadis.com\/index.php\/wp-json\/wp\/v2\/types\/post"}],"author":[{"embeddable":true,"href":"https:\/\/bihavadis.com\/index.php\/wp-json\/wp\/v2\/users\/1"}],"replies":[{"embeddable":true,"href":"https:\/\/bihavadis.com\/index.php\/wp-json\/wp\/v2\/comments?post=56323"}],"version-history":[{"count":1,"href":"https:\/\/bihavadis.com\/index.php\/wp-json\/wp\/v2\/posts\/56323\/revisions"}],"predecessor-version":[{"id":56328,"href":"https:\/\/bihavadis.com\/index.php\/wp-json\/wp\/v2\/posts\/56323\/revisions\/56328"}],"wp:featuredmedia":[{"embeddable":true,"href":"https:\/\/bihavadis.com\/index.php\/wp-json\/wp\/v2\/media\/56324"}],"wp:attachment":[{"href":"https:\/\/bihavadis.com\/index.php\/wp-json\/wp\/v2\/media?parent=56323"}],"wp:term":[{"taxonomy":"category","embeddable":true,"href":"https:\/\/bihavadis.com\/index.php\/wp-json\/wp\/v2\/categories?post=56323"},{"taxonomy":"post_tag","embeddable":true,"href":"https:\/\/bihavadis.com\/index.php\/wp-json\/wp\/v2\/tags?post=56323"}],"curies":[{"name":"wp","href":"https:\/\/api.w.org\/{rel}","templated":true}]}}