{"id":56352,"date":"2026-03-02T06:24:06","date_gmt":"2026-03-02T06:24:06","guid":{"rendered":"https:\/\/bihavadis.com\/?p=56352"},"modified":"2026-03-02T06:24:06","modified_gmt":"2026-03-02T06:24:06","slug":"yuksek-mahkemenin-kararina-kizan-trump-tum-dunyaya-ek-vergi-getirdi","status":"publish","type":"post","link":"https:\/\/bihavadis.com\/index.php\/2026\/03\/02\/yuksek-mahkemenin-kararina-kizan-trump-tum-dunyaya-ek-vergi-getirdi\/","title":{"rendered":"Y\u00fcksek Mahkeme&#8217;nin karar\u0131na k\u0131zan Trump t\u00fcm d\u00fcnyaya ek vergi getirdi"},"content":{"rendered":"<p>ABD Y\u00fcksek Mahkemesi, Ba\u015fkan Donald Trump taraf\u0131ndan y\u00fcr\u00fcrl\u00fc\u011fe konulan tarifelerin dayand\u0131r\u0131ld\u0131\u011f\u0131 Uluslararas\u0131 Acil Ekonomik G\u00fc\u00e7ler Yasas\u0131&#8217;n\u0131n Ba\u015fkan&#8217;a tarife koyma yetkisi vermedi\u011fine h\u00fckmetmi\u015fti.<\/p>\n<p>Trump, Y\u00fcksek Mahkeme&#8217;nin tarife karar\u0131na ili\u015fkin Beyaz Saray&#8217;da bas\u0131n toplant\u0131s\u0131 d\u00fczenledi.<\/p>\n<p>Y\u00fcksek Mahkeme&#8217;nin tarifelerle ilgili karar\u0131n\u0131n &#8216;son derece hayal k\u0131r\u0131kl\u0131\u011f\u0131&#8217; yaratt\u0131\u011f\u0131n\u0131 belirterek mahkemenin baz\u0131 \u00fcyelerinden utan\u00e7 duydu\u011funu s\u00f6yleyen Trump, <b><em>&#8220;Y\u0131llard\u0131r bizi soyan yabanc\u0131 \u00fclkeler \u00e7ok mutlu, sokaklarda dans ediyorlar. Ama uzun s\u00fcre dans edemeyeceklerinden emin olabilirsiniz&#8221;<\/em><\/b> dedi.<\/p>\n<p><strong>T\u00dcM D\u00dcNYAYA EK VERG\u0130 GET\u0130RD\u0130<\/strong><\/p>\n<p>Tarifelerle ilgili davan\u0131n kendisi i\u00e7in \u00f6nemli oldu\u011funu vurgulayan Trump, <b><em>&#8220;\u0130yi haber \u015fu ki bu korkun\u00e7 kararda t\u00fcm mahkeme taraf\u0131ndan kabul edilen ve Kongre taraf\u0131ndan da tan\u0131nan, ABD Ba\u015fkan\u0131 olarak benim kullanabilece\u011fim Uluslararas\u0131 Acil Ekonomik G\u00fc\u00e7ler Yasas\u0131 tarifelerinden bile daha g\u00fc\u00e7l\u00fc y\u00f6ntemler, uygulamalar, kanunlar ve yetkiler var&#8221;<\/em><\/b> diye konu\u015ftu.<\/p>\n<p>Trump, <b><em>&#8220;Bug\u00fcn, halihaz\u0131rda uygulad\u0131\u011f\u0131m\u0131z tarifelere ek olarak 122. b\u00f6l\u00fcm uyar\u0131nca y\u00fczde 10&#8217;luk k\u00fcresel bir tarife uygulamaya y\u00f6nelik bir karar imzalayaca\u011f\u0131m. Ayr\u0131ca \u00fclkemizi di\u011fer \u00fclkelerin ve \u015firketlerin haks\u0131z ticaret uygulamalar\u0131ndan korumak i\u00e7in 301. b\u00f6l\u00fcm ve di\u011fer maddeler kapsam\u0131nda \u00e7e\u015fitli soru\u015fturmalar ba\u015flataca\u011f\u0131z&#8221;<\/em><\/b> ifadesini kulland\u0131.<\/p>\n<p><img decoding=\"async\" src=\"https:\/\/bihavadis.com\/wp-content\/uploads\/2026\/03\/yuksek-mahkemenin-kararina-kizan-trump-tum-dunyaya-ek-vergi-getirdi-0-NllGe6Yd.jpg\"\/><\/p>\n<p><\/p>\n<div> <span><strong>Kaynak:<\/strong> Ensonhaber Haber Merkezi<\/span> <\/div>\n","protected":false},"excerpt":{"rendered":"<p>ABD Y\u00fcksek Mahkemesi, Ba\u015fkan Donald Trump taraf\u0131ndan y\u00fcr\u00fcrl\u00fc\u011fe konulan tarifelerin dayand\u0131r\u0131ld\u0131\u011f\u0131 Uluslararas\u0131 Acil Ekonomik G\u00fc\u00e7ler Yasas\u0131&#8217;n\u0131n Ba\u015fkan&#8217;a tarife koyma yetkisi vermedi\u011fine h\u00fckmetmi\u015fti. Trump, Y\u00fcksek Mahkeme&#8217;nin tarife karar\u0131na ili\u015fkin &#8230;<\/p>\n","protected":false},"author":1,"featured_media":56353,"comment_status":"open","ping_status":"open","sticky":false,"template":"","format":"standard","meta":{"footnotes":""},"categories":[6],"tags":[427,3559,1369],"class_list":["post-56352","post","type-post","status-publish","format-standard","has-post-thumbnail","hentry","category-dunya","tag-mahkeme","tag-tarife","tag-trump"],"_links":{"self":[{"href":"https:\/\/bihavadis.com\/index.php\/wp-json\/wp\/v2\/posts\/56352","targetHints":{"allow":["GET"]}}],"collection":[{"href":"https:\/\/bihavadis.com\/index.php\/wp-json\/wp\/v2\/posts"}],"about":[{"href":"https:\/\/bihavadis.com\/index.php\/wp-json\/wp\/v2\/types\/post"}],"author":[{"embeddable":true,"href":"https:\/\/bihavadis.com\/index.php\/wp-json\/wp\/v2\/users\/1"}],"replies":[{"embeddable":true,"href":"https:\/\/bihavadis.com\/index.php\/wp-json\/wp\/v2\/comments?post=56352"}],"version-history":[{"count":1,"href":"https:\/\/bihavadis.com\/index.php\/wp-json\/wp\/v2\/posts\/56352\/revisions"}],"predecessor-version":[{"id":56355,"href":"https:\/\/bihavadis.com\/index.php\/wp-json\/wp\/v2\/posts\/56352\/revisions\/56355"}],"wp:featuredmedia":[{"embeddable":true,"href":"https:\/\/bihavadis.com\/index.php\/wp-json\/wp\/v2\/media\/56353"}],"wp:attachment":[{"href":"https:\/\/bihavadis.com\/index.php\/wp-json\/wp\/v2\/media?parent=56352"}],"wp:term":[{"taxonomy":"category","embeddable":true,"href":"https:\/\/bihavadis.com\/index.php\/wp-json\/wp\/v2\/categories?post=56352"},{"taxonomy":"post_tag","embeddable":true,"href":"https:\/\/bihavadis.com\/index.php\/wp-json\/wp\/v2\/tags?post=56352"}],"curies":[{"name":"wp","href":"https:\/\/api.w.org\/{rel}","templated":true}]}}