{"id":56366,"date":"2026-03-02T06:36:06","date_gmt":"2026-03-02T06:36:06","guid":{"rendered":"https:\/\/bihavadis.com\/?p=56366"},"modified":"2026-03-02T06:36:06","modified_gmt":"2026-03-02T06:36:06","slug":"alman-vatandaslarina-irani-acilen-terk-etme-cagrisi","status":"publish","type":"post","link":"https:\/\/bihavadis.com\/index.php\/2026\/03\/02\/alman-vatandaslarina-irani-acilen-terk-etme-cagrisi\/","title":{"rendered":"Alman vatanda\u015flar\u0131na \u0130ran&#8217;\u0131 acilen terk etme \u00e7a\u011fr\u0131s\u0131"},"content":{"rendered":"<p>Almanya\u2019n\u0131n Tahran B\u00fcy\u00fckel\u00e7ili\u011finin sosyal medya hesab\u0131ndan yap\u0131lan  ve <em><b>&#8220;\u0130ran&#8217;daki Alman vatanda\u015flar\u0131na yeniden acil \u00fclkeyi terk etme  \u00e7a\u011fr\u0131s\u0131\u201d<\/b><\/em> ba\u015fl\u0131\u011f\u0131 ta\u015f\u0131yan a\u00e7\u0131klamada, \u0130ran&#8217;da ve b\u00f6lgede gerginlik  durumunun devam etti\u011fi belirtildi.<\/p>\n<p><strong>ALMANYA, \u0130RAN\u2019DAK\u0130 VATANDA\u015eLARINA AC\u0130L AYRILMA \u00c7A\u011eRISINI Y\u0130NELED\u0130<\/strong><\/p>\n<p>G\u00fcvenlik durumunun daha da  k\u00f6t\u00fcle\u015fmesi ve askeri \u00e7at\u0131\u015fmalar ya\u015fanmas\u0131 ihtimalinin d\u0131\u015flanamayaca\u011f\u0131  ifade edilen a\u00e7\u0131klamada, bu nedenle Alman vatanda\u015flar\u0131na \u0130ran&#8217;\u0131 terk  etme \u00e7a\u011fr\u0131s\u0131n\u0131n tekrar hat\u0131rlat\u0131lmak istendi\u011fi aktar\u0131ld\u0131.<\/p>\n<p>A\u00e7\u0131klamada,  gerginli\u011fin t\u0131rmanmas\u0131 durumunda D\u0131\u015fi\u015fleri Bakanl\u0131\u011f\u0131 ve Tahran\u2019daki  Alman B\u00fcy\u00fckel\u00e7ili\u011finin \u00fclkeden ayr\u0131lma konusunda <em><b>&#8220;neredeyse hi\u00e7bir  destek sa\u011flayamayabilece\u011finin&#8221;<\/b><\/em> dikkate al\u0131nmas\u0131 istenerek Alman  vatanda\u015flar\u0131ndan \u00fclkeyi terk etmek i\u00e7in mevcut imkanlar\u0131 kullanmalar\u0131  \u00e7a\u011fr\u0131s\u0131nda bulunuldu.<\/p>\n<div> <span><strong>Kaynak:<\/strong> Anadolu Ajans\u0131 (AA)<\/span> <\/div>\n","protected":false},"excerpt":{"rendered":"<p>Almanya\u2019n\u0131n Tahran B\u00fcy\u00fckel\u00e7ili\u011finin sosyal medya hesab\u0131ndan yap\u0131lan ve &#8220;\u0130ran&#8217;daki Alman vatanda\u015flar\u0131na yeniden acil \u00fclkeyi terk etme \u00e7a\u011fr\u0131s\u0131\u201d ba\u015fl\u0131\u011f\u0131 ta\u015f\u0131yan a\u00e7\u0131klamada, \u0130ran&#8217;da ve b\u00f6lgede gerginlik durumunun devam etti\u011fi belirtildi. ALMANYA &#8230;<\/p>\n","protected":false},"author":1,"featured_media":56367,"comment_status":"open","ping_status":"open","sticky":false,"template":"","format":"standard","meta":{"footnotes":""},"categories":[6],"tags":[827],"class_list":["post-56366","post","type-post","status-publish","format-standard","has-post-thumbnail","hentry","category-dunya","tag-alman"],"_links":{"self":[{"href":"https:\/\/bihavadis.com\/index.php\/wp-json\/wp\/v2\/posts\/56366","targetHints":{"allow":["GET"]}}],"collection":[{"href":"https:\/\/bihavadis.com\/index.php\/wp-json\/wp\/v2\/posts"}],"about":[{"href":"https:\/\/bihavadis.com\/index.php\/wp-json\/wp\/v2\/types\/post"}],"author":[{"embeddable":true,"href":"https:\/\/bihavadis.com\/index.php\/wp-json\/wp\/v2\/users\/1"}],"replies":[{"embeddable":true,"href":"https:\/\/bihavadis.com\/index.php\/wp-json\/wp\/v2\/comments?post=56366"}],"version-history":[{"count":1,"href":"https:\/\/bihavadis.com\/index.php\/wp-json\/wp\/v2\/posts\/56366\/revisions"}],"predecessor-version":[{"id":56368,"href":"https:\/\/bihavadis.com\/index.php\/wp-json\/wp\/v2\/posts\/56366\/revisions\/56368"}],"wp:featuredmedia":[{"embeddable":true,"href":"https:\/\/bihavadis.com\/index.php\/wp-json\/wp\/v2\/media\/56367"}],"wp:attachment":[{"href":"https:\/\/bihavadis.com\/index.php\/wp-json\/wp\/v2\/media?parent=56366"}],"wp:term":[{"taxonomy":"category","embeddable":true,"href":"https:\/\/bihavadis.com\/index.php\/wp-json\/wp\/v2\/categories?post=56366"},{"taxonomy":"post_tag","embeddable":true,"href":"https:\/\/bihavadis.com\/index.php\/wp-json\/wp\/v2\/tags?post=56366"}],"curies":[{"name":"wp","href":"https:\/\/api.w.org\/{rel}","templated":true}]}}