{"id":56376,"date":"2026-03-02T06:45:39","date_gmt":"2026-03-02T06:45:39","guid":{"rendered":"https:\/\/bihavadis.com\/?p=56376"},"modified":"2026-03-02T06:45:39","modified_gmt":"2026-03-02T06:45:39","slug":"alev-alatliyi-anlamak-sempozyumu","status":"publish","type":"post","link":"https:\/\/bihavadis.com\/index.php\/2026\/03\/02\/alev-alatliyi-anlamak-sempozyumu\/","title":{"rendered":"Alev Alatl\u0131&#8217;y\u0131 Anlamak Sempozyumu"},"content":{"rendered":"<p> K\u00fclt\u00fcr ve Turizm Bakan Yard\u0131mc\u0131s\u0131 Batuhan Mumcu, Nev\u015fehir&#8217;in \u00dcrg\u00fcp il\u00e7esinde d\u00fczenlenen &#8221; Alev Alatl\u0131&#8217;y\u0131 Anlamak Sempozyumu&#8221;na kat\u0131ld\u0131.<\/p>\n<p>Kapadokya \u00dcniversitesi (K\u00dcN) Mustafapa\u015fa Yerle\u015fkesi Oktay Sinano\u011flu Konferans Salonu&#8217;nda ger\u00e7ekle\u015ftirilen programda konu\u015fan Mumcu, Alatl\u0131&#8217;y\u0131 anman\u0131n k\u00fclt\u00fcre, dile ve tarihi haf\u0131zaya sahip \u00e7\u0131kmak anlam\u0131na geldi\u011fini belirtti.<\/p>\n<p>Alatl\u0131&#8217;n\u0131n T\u00fcrkiye&#8217;de edebiyat\u0131n yan\u0131 s\u0131ra d\u00fc\u015f\u00fcnce hayat\u0131, medeniyet tasavvuru ve entelekt\u00fcel bilince b\u00fcy\u00fck katk\u0131lar sundu\u011funu kaydeden Mumcu, \u015f\u00f6yle konu\u015ftu: <\/p>\n<p>&#8220;O, Bat\u0131&#8217;y\u0131 bilen ama Bat\u0131 kar\u015f\u0131s\u0131nda savrulmayan, modernli\u011fi okuyan ama kendi k\u00f6klerinden utanmayan, ele\u015ftiren ama y\u0131kmayan bir m\u00fcnevverdi. Bug\u00fcn i\u00e7inde bulundu\u011fumuz dijital \u00e7a\u011fda, tam da Alev Alatl\u0131 hocam\u0131z\u0131n i\u015faret etti\u011fi yerde duruyoruz. Bilginin h\u0131zla dola\u015f\u0131ma girdi\u011fi, anlam\u0131n y\u00fczeyselle\u015fti\u011fi, k\u00fclt\u00fcr\u00fcn ise \u00e7o\u011fu zaman t\u00fcketime indirgendi\u011fi bu \u00e7a\u011fda mesele yaln\u0131zca k\u00fclt\u00fcr\u00fc korumak de\u011fildir \u00e7\u00fcnk\u00fc korumak, tek ba\u015f\u0131na yeterli de\u011fildir. K\u00fclt\u00fcr\u00fc anlamak, onun arkas\u0131ndaki zihniyeti kavramak, \u00fcretmek, \u00e7a\u011f\u0131n diliyle yeniden ifade edebilmek ve en \u00f6nemlisi gelece\u011fe ta\u015f\u0131mak zorunday\u0131z. Say\u0131n Cumhurba\u015fkan\u0131m\u0131z Recep Tayyip Erdo\u011fan&#8217;\u0131n liderli\u011finde T\u00fcrkiye Y\u00fczy\u0131l\u0131&#8217;na kararl\u0131 ad\u0131mlarla y\u00fcr\u00fcyoruz. Elbette ekonomik g\u00fc\u00e7, teknolojik ilerleme vazge\u00e7ilmezimiz ancak gen\u00e7lerimize b\u0131rakaca\u011f\u0131m\u0131z en b\u00fcy\u00fck miras, d\u00fc\u015f\u00fcnce derinli\u011fi olan bir k\u00fclt\u00fcrel bilin\u00e7tir. Alatl\u0131, bu bilincin n\u00f6bet\u00e7isiydi. Hakikatin kolay olmad\u0131\u011f\u0131n\u0131 ama vazge\u00e7ilmez oldu\u011funu hat\u0131rlatt\u0131. Bug\u00fcn onu anarken emanet etti\u011fi fikri sorumlulu\u011fu da yeniden \u00fcstleniyoruz.&#8221;<\/p>\n<p>Kapadokya Alan Ba\u015fkan\u0131 Ayd\u0131n Cem Aslanbay da Alatl\u0131&#8217;n\u0131n entelekt\u00fcel d\u00fc\u015f\u00fcnce d\u00fcnyas\u0131n\u0131n derinli\u011fi y\u00fcksek kalemlerinden biri oldu\u011funu ifade etti.<\/p>\n<p>Alatl\u0131&#8217;y\u0131 rahmetle anan Aslanbay, &#8220;Onun b\u0131rakt\u0131\u011f\u0131 derin miras\u0131 anlamak, toplumu, insan\u0131 ve zaman\u0131 anlamakt\u0131r. O \u00f6mr\u00fc boyunca k\u00fclt\u00fcrel yozla\u015fma ve toplumsal s\u0131\u011fl\u0131kla m\u00fccadele etti. Sosyal ili\u015fkilerde g\u00f6n\u00fcl ve hakikat temelli yakla\u015f\u0131m\u0131yla toplumun her kesimi taraf\u0131ndan benimsendi. Bizlere b\u0131rakt\u0131\u011f\u0131 entelekt\u00fcel miras, \u00e7a\u011f\u0131n\u0131n \u00f6tesinde ortaya koydu\u011fu derin \u00e7al\u0131\u015fmalar ve fikirler, sonsuza kadar toplumu ve insan\u0131 anlamaya kaynak olacak.&#8221; diye konu\u015ftu.<\/p>\n<p>Konu\u015fmalar\u0131n ard\u0131ndan K\u00dcN Rekt\u00f6r\u00fc Prof. Dr. Hasan Ali Karasar&#8217;\u0131n moderat\u00f6rl\u00fc\u011f\u00fcn\u00fc yapt\u0131\u011f\u0131 sempozyumda, eski K\u00fclt\u00fcr ve Turizm Bakan\u0131 Atilla Ko\u00e7 ve AK Parti Kayseri Milletvekili Ay\u015fe B\u00f6h\u00fcrler, Alatl\u0131&#8217;n\u0131n hayat\u0131na ve hedeflerine dair konu\u015ftu.<\/p>\n","protected":false},"excerpt":{"rendered":"<p>K\u00fclt\u00fcr ve Turizm Bakan Yard\u0131mc\u0131s\u0131 Batuhan Mumcu, Nev\u015fehir&#8217;in \u00dcrg\u00fcp il\u00e7esinde d\u00fczenlenen &#8220;Alev Alatl\u0131&#8217;y\u0131 Anlamak Sempozyumu&#8221;na kat\u0131ld\u0131.<\/p>\n","protected":false},"author":1,"featured_media":56377,"comment_status":"open","ping_status":"open","sticky":false,"template":"","format":"standard","meta":{"footnotes":""},"categories":[9,4,13],"tags":[121],"class_list":["post-56376","post","type-post","status-publish","format-standard","has-post-thumbnail","hentry","category-genel","category-gundem","category-son-dakika","tag-kultur"],"_links":{"self":[{"href":"https:\/\/bihavadis.com\/index.php\/wp-json\/wp\/v2\/posts\/56376","targetHints":{"allow":["GET"]}}],"collection":[{"href":"https:\/\/bihavadis.com\/index.php\/wp-json\/wp\/v2\/posts"}],"about":[{"href":"https:\/\/bihavadis.com\/index.php\/wp-json\/wp\/v2\/types\/post"}],"author":[{"embeddable":true,"href":"https:\/\/bihavadis.com\/index.php\/wp-json\/wp\/v2\/users\/1"}],"replies":[{"embeddable":true,"href":"https:\/\/bihavadis.com\/index.php\/wp-json\/wp\/v2\/comments?post=56376"}],"version-history":[{"count":1,"href":"https:\/\/bihavadis.com\/index.php\/wp-json\/wp\/v2\/posts\/56376\/revisions"}],"predecessor-version":[{"id":56378,"href":"https:\/\/bihavadis.com\/index.php\/wp-json\/wp\/v2\/posts\/56376\/revisions\/56378"}],"wp:featuredmedia":[{"embeddable":true,"href":"https:\/\/bihavadis.com\/index.php\/wp-json\/wp\/v2\/media\/56377"}],"wp:attachment":[{"href":"https:\/\/bihavadis.com\/index.php\/wp-json\/wp\/v2\/media?parent=56376"}],"wp:term":[{"taxonomy":"category","embeddable":true,"href":"https:\/\/bihavadis.com\/index.php\/wp-json\/wp\/v2\/categories?post=56376"},{"taxonomy":"post_tag","embeddable":true,"href":"https:\/\/bihavadis.com\/index.php\/wp-json\/wp\/v2\/tags?post=56376"}],"curies":[{"name":"wp","href":"https:\/\/api.w.org\/{rel}","templated":true}]}}