{"id":56422,"date":"2026-03-02T07:24:05","date_gmt":"2026-03-02T07:24:05","guid":{"rendered":"https:\/\/bihavadis.com\/?p=56422"},"modified":"2026-03-02T07:24:05","modified_gmt":"2026-03-02T07:24:05","slug":"abd-ordusu-katardaki-yuzlerce-askerini-tahliye-etti","status":"publish","type":"post","link":"https:\/\/bihavadis.com\/index.php\/2026\/03\/02\/abd-ordusu-katardaki-yuzlerce-askerini-tahliye-etti\/","title":{"rendered":"ABD ordusu Katar&#8217;daki y\u00fczlerce askerini tahliye etti"},"content":{"rendered":"<p>New York Times gazetesine konu\u015fan ABD Savunma Bakanl\u0131\u011f\u0131 yetkilileri, Katar&#8217;\u0131n ba\u015fkenti Doha&#8217;daki El-Udeyd Hava \u00dcss\u00fc&#8217;nden y\u00fczlerce askerin tahliye edildi\u011fini aktard\u0131.<\/p>\n<p>Yetkililer ayr\u0131ca ABD donanmas\u0131n\u0131n 5. Filosu&#8217;nun konu\u015fland\u0131\u011f\u0131 Bahreyn&#8217;deki \u00fcslerden de tahliyeler yap\u0131ld\u0131\u011f\u0131n\u0131 belirtti.<\/p>\n<p>\u0130ran ile ABD aras\u0131nda \u0130ran&#8217;\u0131n n\u00fckleer program\u0131na ili\u015fkin dolayl\u0131 g\u00f6r\u00fc\u015fmeler s\u00fcrerken ABD, olas\u0131 bir askeri sald\u0131r\u0131ya kar\u015f\u0131 b\u00f6lgeye askeri y\u0131\u011f\u0131nak yapmay\u0131 ise s\u00fcrd\u00fcr\u00fcyor.<\/p>\n<p><strong>\u0130K\u0130 U\u00c7AK GEM\u0130S\u0130 B\u00d6LGEDE<\/strong><\/p>\n<p>A\u00e7\u0131k kaynak istihbarat\u0131n\u0131 takip ve analiz eden baz\u0131 sosyal medya hesaplar\u0131ndaki bilgilere g\u00f6re son bir hafta i\u00e7inde Avrupa ve Orta Do\u011fu&#8217;ya ABD ordusuna ait 100&#8217;den fazla u\u00e7ak geldi.<\/p>\n<p>USS Abraham Lincoln ve USS Gerald R. Ford u\u00e7ak gemileri 120&#8217;den fazla sava\u015f u\u00e7a\u011f\u0131n\u0131 ta\u015f\u0131yor.<\/p>\n<p>ABD EUCOM ve CENTCOM&#8217;un ise 200&#8217;den fazla jet ve yakla\u015f\u0131k 108 tanker u\u00e7a\u011fa ev sahipli\u011fi yapt\u0131\u011f\u0131 tahmin ediliyor.<\/p>\n<p>ABD Ba\u015fkan\u0131 Donald Trump, Washington&#8217;da d\u00fczenlenen Gazze Bar\u0131\u015f Forumu toplant\u0131s\u0131nda \u0130ran&#8217;la ilgili s\u00fcrecin nereye evrilece\u011fini 10 g\u00fcn i\u00e7inde g\u00f6rebileceklerini kaydederek, <b><em>&#8220;\u0130ran&#8217;la anlaml\u0131 bir anla\u015fma yapmal\u0131y\u0131z, aksi takdirde k\u00f6t\u00fc \u015feyler olur&#8221;<\/em><\/b> ifadesini kullanm\u0131\u015ft\u0131.<\/p>\n<p><strong>ORTA DO\u011eU OPERASYONLARININ BEYN\u0130<\/strong><\/p>\n<p>Doha&#8217;n\u0131n g\u00fcneybat\u0131s\u0131ndaki \u00e7\u00f6l b\u00f6lgesinde yakla\u015f\u0131k 24 hektarl\u0131k alana kurulu \u00fcs, ABD&#8217;nin Orta Do\u011fu&#8217;daki en b\u00fcy\u00fck askeri tesisi olarak kabul ediliyor.<\/p>\n<p>\u00dcs, ABD Merkez Kuvvetleri&#8217;nin b\u00f6lgesel karargah\u0131na ev sahipli\u011fi yapmas\u0131 nedeniyle Washington taraf\u0131ndan &#8216;Orta Do\u011fu operasyonlar\u0131n\u0131n merkezi&#8217; olarak tan\u0131mlan\u0131yor.<\/p>\n<p>Buradan, Kuzeydo\u011fu Afrika&#8217;dan G\u00fcney Asya&#8217;ya kadar uzanan geni\u015f co\u011frafyada hava operasyonlar\u0131 y\u00f6netiliyor.<\/p>\n<p>Irak, Suriye ve Yemen operasyonlar\u0131 ba\u015fta olmak \u00fczere b\u00f6lgedeki bir\u00e7ok hava harekat\u0131 bu \u00fcsten idare ediliyor.<\/p>\n<p>El-Udeyd&#8217;de uzun menzilli bombard\u0131man u\u00e7aklar\u0131n\u0131n yan\u0131 s\u0131ra yak\u0131t ikmal ve nakliye u\u00e7aklar\u0131 ile insans\u0131z hava ara\u00e7lar\u0131n\u0131n bulundu\u011fu, toplamda yakla\u015f\u0131k 100 hava arac\u0131n\u0131n konu\u015fland\u0131\u011f\u0131 biliniyor.<\/p>\n<p>El-Udeyd \u00fcss\u00fcnde yakla\u015f\u0131k 10 bin Amerikan askeri personeli g\u00f6rev yap\u0131yor.<\/p>\n<div> <span><strong>Kaynak:<\/strong> Ensonhaber Haber Merkezi<\/span> <\/div>\n","protected":false},"excerpt":{"rendered":"<p>New York Times gazetesine konu\u015fan ABD Savunma Bakanl\u0131\u011f\u0131 yetkilileri, Katar&#8217;\u0131n ba\u015fkenti Doha&#8217;daki El-Udeyd Hava \u00dcss\u00fc&#8217;nden y\u00fczlerce askerin tahliye edildi\u011fini aktard\u0131. Yetkililer ayr\u0131ca ABD donanmas\u0131n\u0131n 5. Filosu&#8217;nun konu\u015fland\u0131\u011f\u0131 Bahreyn&#8217;deki \u00fcslerden &#8230;<\/p>\n","protected":false},"author":1,"featured_media":56423,"comment_status":"open","ping_status":"open","sticky":false,"template":"","format":"standard","meta":{"footnotes":""},"categories":[6],"tags":[272,2032,459,313],"class_list":["post-56422","post","type-post","status-publish","format-standard","has-post-thumbnail","hentry","category-dunya","tag-abd","tag-askeri","tag-hava","tag-ucak"],"_links":{"self":[{"href":"https:\/\/bihavadis.com\/index.php\/wp-json\/wp\/v2\/posts\/56422","targetHints":{"allow":["GET"]}}],"collection":[{"href":"https:\/\/bihavadis.com\/index.php\/wp-json\/wp\/v2\/posts"}],"about":[{"href":"https:\/\/bihavadis.com\/index.php\/wp-json\/wp\/v2\/types\/post"}],"author":[{"embeddable":true,"href":"https:\/\/bihavadis.com\/index.php\/wp-json\/wp\/v2\/users\/1"}],"replies":[{"embeddable":true,"href":"https:\/\/bihavadis.com\/index.php\/wp-json\/wp\/v2\/comments?post=56422"}],"version-history":[{"count":1,"href":"https:\/\/bihavadis.com\/index.php\/wp-json\/wp\/v2\/posts\/56422\/revisions"}],"predecessor-version":[{"id":56424,"href":"https:\/\/bihavadis.com\/index.php\/wp-json\/wp\/v2\/posts\/56422\/revisions\/56424"}],"wp:featuredmedia":[{"embeddable":true,"href":"https:\/\/bihavadis.com\/index.php\/wp-json\/wp\/v2\/media\/56423"}],"wp:attachment":[{"href":"https:\/\/bihavadis.com\/index.php\/wp-json\/wp\/v2\/media?parent=56422"}],"wp:term":[{"taxonomy":"category","embeddable":true,"href":"https:\/\/bihavadis.com\/index.php\/wp-json\/wp\/v2\/categories?post=56422"},{"taxonomy":"post_tag","embeddable":true,"href":"https:\/\/bihavadis.com\/index.php\/wp-json\/wp\/v2\/tags?post=56422"}],"curies":[{"name":"wp","href":"https:\/\/api.w.org\/{rel}","templated":true}]}}