{"id":56462,"date":"2026-03-02T08:00:10","date_gmt":"2026-03-02T08:00:10","guid":{"rendered":"https:\/\/bihavadis.com\/?p=56462"},"modified":"2026-03-02T08:00:10","modified_gmt":"2026-03-02T08:00:10","slug":"malatyada-husumetlilerin-kavgasi-kanli-bitti","status":"publish","type":"post","link":"https:\/\/bihavadis.com\/index.php\/2026\/03\/02\/malatyada-husumetlilerin-kavgasi-kanli-bitti\/","title":{"rendered":"Malatya&#8217;da husumetlilerin kavgas\u0131 kanl\u0131 bitti"},"content":{"rendered":"<p>Malatya&#8217;da gece 23.00 s\u0131ralar\u0131nda Ye\u015filyurt il\u00e7esi Koyuno\u011flu Mahallesi Evliyao\u011flu Caddesi&#8217;nde \u00fczerinde, b\u00f6lgede kar\u015f\u0131la\u015fan husumetli olduklar\u0131 belirtilen S.A. ile \u00d6.K. aras\u0131nda tart\u0131\u015fma \u00e7\u0131kt\u0131.<\/p>\n<p><strong>YARALI HASTANEYE KALDIRILDI, SALDIRGAN ARANIYOR<\/strong><\/p>\n<p>Tart\u0131\u015fman\u0131n kavgaya d\u00f6n\u00fc\u015ft\u00fc\u011f\u00fc olayda, a\u00e7\u0131lan ate\u015f sonucu sol baca\u011f\u0131nda vurulan \u00d6.K. yaralan\u0131rken S.A. ka\u00e7arak olay yerinden uzakla\u015ft\u0131.<\/p>\n<p>\u0130hbar \u00fczerine olay yerine polis ile sa\u011fl\u0131k ekipleri sevk edilirken b\u00f6lgedeki bir i\u015f yerine s\u0131\u011f\u0131nan yaral\u0131 Malatya E\u011fitim ve Ara\u015ft\u0131rma Hastanesi&#8217;ne kald\u0131r\u0131ld\u0131.<\/p>\n<p>Olay\u0131n zanl\u0131s\u0131n\u0131n yakalanmas\u0131 i\u00e7in ba\u015flat\u0131lan \u00e7al\u0131\u015fmalar s\u00fcr\u00fcyor.<\/p>\n<p><img decoding=\"async\" src=\"https:\/\/bihavadis.com\/wp-content\/uploads\/2026\/03\/malatyada-husumetlilerin-kavgasi-kanli-bitti-0-cWPFFnFJ.jpg\"\/><\/p>\n<p><img decoding=\"async\" src=\"https:\/\/bihavadis.com\/wp-content\/uploads\/2026\/03\/malatyada-husumetlilerin-kavgasi-kanli-bitti-1-WprVAcF8.jpg\"\/> <\/p>\n<div> <span><strong>Kaynak:<\/strong> \u0130hlas Haber Ajans\u0131 (\u0130HA)<\/span> <\/div>\n","protected":false},"excerpt":{"rendered":"<p>Malatya&#8217;da gece 23.00 s\u0131ralar\u0131nda Ye\u015filyurt il\u00e7esi Koyuno\u011flu Mahallesi Evliyao\u011flu Caddesi&#8217;nde \u00fczerinde, b\u00f6lgede kar\u015f\u0131la\u015fan husumetli olduklar\u0131 belirtilen S.A. ile \u00d6.K. aras\u0131nda tart\u0131\u015fma \u00e7\u0131kt\u0131. YARALI HASTANEYE KALDIRILDI, SALDIRGAN ARANIYOR &#8230;<\/p>\n","protected":false},"author":1,"featured_media":56463,"comment_status":"open","ping_status":"open","sticky":false,"template":"","format":"standard","meta":{"footnotes":""},"categories":[4,13],"tags":[],"class_list":["post-56462","post","type-post","status-publish","format-standard","has-post-thumbnail","hentry","category-gundem","category-son-dakika"],"_links":{"self":[{"href":"https:\/\/bihavadis.com\/index.php\/wp-json\/wp\/v2\/posts\/56462","targetHints":{"allow":["GET"]}}],"collection":[{"href":"https:\/\/bihavadis.com\/index.php\/wp-json\/wp\/v2\/posts"}],"about":[{"href":"https:\/\/bihavadis.com\/index.php\/wp-json\/wp\/v2\/types\/post"}],"author":[{"embeddable":true,"href":"https:\/\/bihavadis.com\/index.php\/wp-json\/wp\/v2\/users\/1"}],"replies":[{"embeddable":true,"href":"https:\/\/bihavadis.com\/index.php\/wp-json\/wp\/v2\/comments?post=56462"}],"version-history":[{"count":1,"href":"https:\/\/bihavadis.com\/index.php\/wp-json\/wp\/v2\/posts\/56462\/revisions"}],"predecessor-version":[{"id":56466,"href":"https:\/\/bihavadis.com\/index.php\/wp-json\/wp\/v2\/posts\/56462\/revisions\/56466"}],"wp:featuredmedia":[{"embeddable":true,"href":"https:\/\/bihavadis.com\/index.php\/wp-json\/wp\/v2\/media\/56463"}],"wp:attachment":[{"href":"https:\/\/bihavadis.com\/index.php\/wp-json\/wp\/v2\/media?parent=56462"}],"wp:term":[{"taxonomy":"category","embeddable":true,"href":"https:\/\/bihavadis.com\/index.php\/wp-json\/wp\/v2\/categories?post=56462"},{"taxonomy":"post_tag","embeddable":true,"href":"https:\/\/bihavadis.com\/index.php\/wp-json\/wp\/v2\/tags?post=56462"}],"curies":[{"name":"wp","href":"https:\/\/api.w.org\/{rel}","templated":true}]}}