{"id":56475,"date":"2026-03-02T08:12:37","date_gmt":"2026-03-02T08:12:37","guid":{"rendered":"https:\/\/bihavadis.com\/?p=56475"},"modified":"2026-03-02T08:12:37","modified_gmt":"2026-03-02T08:12:37","slug":"kuto-baskani-akdogan-misirda-kusadasini-temsil-etti","status":"publish","type":"post","link":"https:\/\/bihavadis.com\/index.php\/2026\/03\/02\/kuto-baskani-akdogan-misirda-kusadasini-temsil-etti\/","title":{"rendered":"KUTO Ba\u015fkan\u0131 Akdo\u011fan M\u0131s\u0131r&#8217;da Ku\u015fadas\u0131&#8217;n\u0131 temsil etti"},"content":{"rendered":"<p> Kahire&#8217;de d\u00fczenlenen T\u00fcrkiye- M\u0131s\u0131r \u0130\u015f Forumu&#8217;na Ku\u015fadas\u0131 Ticaret Odas\u0131 (KUTO) Y\u00f6netim Kurulu Ba\u015fkan\u0131 Serdar Akdo\u011fan da yer alarak il\u00e7eyi temsil etti.<\/p>\n<p>Kahire&#8217;de d\u00fczenlenen T\u00fcrkiye-M\u0131s\u0131r \u0130\u015f Forumu, iki \u00fclke aras\u0131ndaki ekonomik ba\u011flar\u0131 g\u00fc\u00e7lendirdi. Cumhurba\u015fkan\u0131 Recep Tayyip Erdo\u011fan, M\u0131s\u0131r Cumhurba\u015fkan\u0131 Abd\u00fclfettah Es-Sisi ve TOBB Ba\u015fkan\u0131 M. Rifat Hisarc\u0131kl\u0131o\u011flu&#8217;nun kat\u0131l\u0131m\u0131yla ger\u00e7ekle\u015fen bu kritik zirvede, Ku\u015fadas\u0131 Ticaret Odas\u0131 (KUTO) Y\u00f6netim Kurulu Ba\u015fkan\u0131 Serdar Akdo\u011fan da yer alarak il\u00e7eyi temsil etti.<\/p>\n<p>Serdar Akdo\u011fan, forum kapsam\u0131nda yaln\u0131zca \u00fcst d\u00fczey temaslarda bulunmakla kalmay\u0131p, Ku\u015fadas\u0131&#8217;n\u0131n ticari ve turistik potansiyelini uluslararas\u0131 platformda vurgulad\u0131. Ticaret hacmini 15 milyar dolara \u00e7\u0131karma hedefiyle toplanan forumda Ba\u015fkan Akdo\u011fan, Ayd\u0131n b\u00f6lgesini temsil eden di\u011fer oda ve borsa ba\u015fkanlar\u0131yla birlikte ikili g\u00f6r\u00fc\u015fmelerde aktif rol \u00fcstlendi.<\/p>\n<p>Ayd\u0131n heyetinde Hakan \u00dclken, G\u00f6khan Mara\u015f, Nuri Arslan, Metin Sakalar ve Nejat Sa\u011fel gibi isimlerin de yer ald\u0131\u011f\u0131 bu \u00f6nemli bulu\u015fmada Akdo\u011fan, yap\u0131lan ba\u011flant\u0131lar\u0131n T\u00fcrkiye ekonomisine ve M\u0131s\u0131r ile olan ticari ili\u015fkilere uzun vadeli katk\u0131lar sunaca\u011f\u0131n\u0131 belirtti. Forumun son derece verimli ge\u00e7ti\u011fini vurgulayan Ba\u015fkan Akdo\u011fan, kurulan yeni k\u00f6pr\u00fclerin Ku\u015fadas\u0131 ve b\u00f6lge ticareti i\u00e7in stratejik \u00f6nem ta\u015f\u0131d\u0131\u011f\u0131n\u0131 ifade etti. &#8211; AYDIN<\/p>\n","protected":false},"excerpt":{"rendered":"<p>Kahire&#8217;de d\u00fczenlenen T\u00fcrkiye-M\u0131s\u0131r \u0130\u015f Forumu&#8217;na Ku\u015fadas\u0131 Ticaret Odas\u0131 (KUTO) Y\u00f6netim Kurulu Ba\u015fkan\u0131 Serdar Akdo\u011fan da yer alarak il\u00e7eyi temsil etti.<\/p>\n","protected":false},"author":1,"featured_media":56476,"comment_status":"open","ping_status":"open","sticky":false,"template":"","format":"standard","meta":{"footnotes":""},"categories":[8],"tags":[6916,516,6630],"class_list":["post-56475","post","type-post","status-publish","format-standard","has-post-thumbnail","hentry","category-ekonomi","tag-akdogan","tag-baskan","tag-forum"],"_links":{"self":[{"href":"https:\/\/bihavadis.com\/index.php\/wp-json\/wp\/v2\/posts\/56475","targetHints":{"allow":["GET"]}}],"collection":[{"href":"https:\/\/bihavadis.com\/index.php\/wp-json\/wp\/v2\/posts"}],"about":[{"href":"https:\/\/bihavadis.com\/index.php\/wp-json\/wp\/v2\/types\/post"}],"author":[{"embeddable":true,"href":"https:\/\/bihavadis.com\/index.php\/wp-json\/wp\/v2\/users\/1"}],"replies":[{"embeddable":true,"href":"https:\/\/bihavadis.com\/index.php\/wp-json\/wp\/v2\/comments?post=56475"}],"version-history":[{"count":1,"href":"https:\/\/bihavadis.com\/index.php\/wp-json\/wp\/v2\/posts\/56475\/revisions"}],"predecessor-version":[{"id":56477,"href":"https:\/\/bihavadis.com\/index.php\/wp-json\/wp\/v2\/posts\/56475\/revisions\/56477"}],"wp:featuredmedia":[{"embeddable":true,"href":"https:\/\/bihavadis.com\/index.php\/wp-json\/wp\/v2\/media\/56476"}],"wp:attachment":[{"href":"https:\/\/bihavadis.com\/index.php\/wp-json\/wp\/v2\/media?parent=56475"}],"wp:term":[{"taxonomy":"category","embeddable":true,"href":"https:\/\/bihavadis.com\/index.php\/wp-json\/wp\/v2\/categories?post=56475"},{"taxonomy":"post_tag","embeddable":true,"href":"https:\/\/bihavadis.com\/index.php\/wp-json\/wp\/v2\/tags?post=56475"}],"curies":[{"name":"wp","href":"https:\/\/api.w.org\/{rel}","templated":true}]}}