{"id":56478,"date":"2026-03-02T08:15:05","date_gmt":"2026-03-02T08:15:05","guid":{"rendered":"https:\/\/bihavadis.com\/?p=56478"},"modified":"2026-03-02T08:15:05","modified_gmt":"2026-03-02T08:15:05","slug":"venezuelanin-gecici-devlet-baskani-rodriguez-urdun-disisleri-bakani-ile-gorustu","status":"publish","type":"post","link":"https:\/\/bihavadis.com\/index.php\/2026\/03\/02\/venezuelanin-gecici-devlet-baskani-rodriguez-urdun-disisleri-bakani-ile-gorustu\/","title":{"rendered":"Venezuela&#8217;n\u0131n ge\u00e7ici Devlet Ba\u015fkan\u0131 Rodriguez, \u00dcrd\u00fcn D\u0131\u015fi\u015fleri Bakan\u0131 ile g\u00f6r\u00fc\u015ft\u00fc"},"content":{"rendered":"<p>\u00dcrd\u00fcn D\u0131\u015fi\u015fleri Bakan\u0131 Eymen es-Safedi, Venezuela&#8217;ye resmi bir ziyaret ger\u00e7ekle\u015ftirdi.\u00a0\u00a0<\/p>\n<p>Venezuela Ge\u00e7ici Devlet Ba\u015fkanl\u0131\u011f\u0131&#8217;na getirilen Delcy Rodriguez ise resmi temaslar\u0131 kapsam\u0131nda es-Safedi ile bir g\u00f6r\u00fc\u015fme ger\u00e7ekle\u015ftirdi.\u00a0<\/p>\n<p>Ba\u015fkent Karakas&#8217;taki Devlet Ba\u015fkanl\u0131\u011f\u0131 Saray\u0131 Miraflores&#8217;te Safedi&#8217;yi kabul eden Rodriguez, g\u00f6r\u00fc\u015fmeye ili\u015fkin ABD merkezli X \u015firketinin sosyal medya hesab\u0131ndan a\u00e7\u0131klamada bulundu.<\/p>\n<p><strong>&#8220;KAR\u015eILIKLI BA\u011eLARIN \u0130N\u015eASINDA \u0130LERLEME SA\u011eLIYORUZ&#8221;<\/strong><\/p>\n<p>Rodriguez, <em><b>&#8220;Ha\u015fimi \u00dcrd\u00fcn Krall\u0131\u011f\u0131 D\u0131\u015fi\u015fleri Bakan\u0131 Ayman Safedi\u2019yi memnuniyetle a\u011f\u0131rlad\u0131k. \u0130kili ili\u015fkilerimizde kaydedilen ilerlemeleri de\u011ferlendirdik ve ortak alanlarda i\u015fbirli\u011fini daha da derinle\u015ftirmek \u00fczere yeni giri\u015fimler konusunda mutabakata vard\u0131k. Kar\u015f\u0131l\u0131kl\u0131 kalk\u0131nmay\u0131 g\u00fc\u00e7lendirecek ba\u011flar\u0131n in\u015fas\u0131nda ilerleme sa\u011fl\u0131yoruz.&#8221;<\/b><\/em> ifadelerini kulland\u0131.<\/p>\n<p><strong>&#8220;YEN\u0130 \u0130\u015eB\u0130RL\u0130\u011e\u0130 FIRSATLARINI DE\u011eERLEND\u0130RD\u0130K&#8221;<\/strong><\/p>\n<p>Safedi&#8217;nin ard\u0131ndan Kolombiya Maden ve Enerji Bakan\u0131 Edwin Palma&#8217;y\u0131 da kabul eden Rodriguez, <em><b>&#8220;\u0130ki \u00fclke aras\u0131nda enerji alan\u0131ndaki g\u00fcndemi ilerletmek amac\u0131yla g\u00f6r\u00fc\u015f al\u0131\u015fveri\u015finde bulunduk. Halklar\u0131m\u0131z\u0131n yarar\u0131na ve b\u00f6lgesel kalk\u0131nmaya katk\u0131 sa\u011flayacak yeni i\u015fbirli\u011fi f\u0131rsatlar\u0131n\u0131 de\u011ferlendirdik.&#8221; <\/b><\/em>a\u00e7\u0131klamas\u0131nda bulundu.<\/p>\n<p><img decoding=\"async\" src=\"https:\/\/bihavadis.com\/wp-content\/uploads\/2026\/03\/venezuelanin-gecici-devlet-baskani-rodriguez-urdun-disisleri-bakani-ile-gorustu-0-xTSsNqBY.jpg\"\/> <\/p>\n<div> <span><strong>Kaynak:<\/strong> Anadolu Ajans\u0131 (AA)<\/span> <\/div>\n","protected":false},"excerpt":{"rendered":"<p>\u00dcrd\u00fcn D\u0131\u015fi\u015fleri Bakan\u0131 Eymen es-Safedi, Venezuela&#8217;ye resmi bir ziyaret ger\u00e7ekle\u015ftirdi.\u00a0\u00a0 Venezuela Ge\u00e7ici Devlet Ba\u015fkanl\u0131\u011f\u0131&#8217;na getirilen Delcy Rodriguez ise resmi temaslar\u0131 kapsam\u0131nda es-Safedi ile bir g\u00f6r\u00fc\u015fme ger\u00e7ekle\u015ftirdi.\u00a0 Ba\u015fkent Karakas&#8217;taki &#8230;<\/p>\n","protected":false},"author":1,"featured_media":56479,"comment_status":"open","ping_status":"open","sticky":false,"template":"","format":"standard","meta":{"footnotes":""},"categories":[6],"tags":[],"class_list":["post-56478","post","type-post","status-publish","format-standard","has-post-thumbnail","hentry","category-dunya"],"_links":{"self":[{"href":"https:\/\/bihavadis.com\/index.php\/wp-json\/wp\/v2\/posts\/56478","targetHints":{"allow":["GET"]}}],"collection":[{"href":"https:\/\/bihavadis.com\/index.php\/wp-json\/wp\/v2\/posts"}],"about":[{"href":"https:\/\/bihavadis.com\/index.php\/wp-json\/wp\/v2\/types\/post"}],"author":[{"embeddable":true,"href":"https:\/\/bihavadis.com\/index.php\/wp-json\/wp\/v2\/users\/1"}],"replies":[{"embeddable":true,"href":"https:\/\/bihavadis.com\/index.php\/wp-json\/wp\/v2\/comments?post=56478"}],"version-history":[{"count":1,"href":"https:\/\/bihavadis.com\/index.php\/wp-json\/wp\/v2\/posts\/56478\/revisions"}],"predecessor-version":[{"id":56481,"href":"https:\/\/bihavadis.com\/index.php\/wp-json\/wp\/v2\/posts\/56478\/revisions\/56481"}],"wp:featuredmedia":[{"embeddable":true,"href":"https:\/\/bihavadis.com\/index.php\/wp-json\/wp\/v2\/media\/56479"}],"wp:attachment":[{"href":"https:\/\/bihavadis.com\/index.php\/wp-json\/wp\/v2\/media?parent=56478"}],"wp:term":[{"taxonomy":"category","embeddable":true,"href":"https:\/\/bihavadis.com\/index.php\/wp-json\/wp\/v2\/categories?post=56478"},{"taxonomy":"post_tag","embeddable":true,"href":"https:\/\/bihavadis.com\/index.php\/wp-json\/wp\/v2\/tags?post=56478"}],"curies":[{"name":"wp","href":"https:\/\/api.w.org\/{rel}","templated":true}]}}