{"id":56576,"date":"2026-03-02T09:09:06","date_gmt":"2026-03-02T09:09:06","guid":{"rendered":"https:\/\/bihavadis.com\/?p=56576"},"modified":"2026-03-02T09:09:06","modified_gmt":"2026-03-02T09:09:06","slug":"ak-partili-samil-tayyardan-zeydan-karalar-yorumu-adalet-iyidir","status":"publish","type":"post","link":"https:\/\/bihavadis.com\/index.php\/2026\/03\/02\/ak-partili-samil-tayyardan-zeydan-karalar-yorumu-adalet-iyidir\/","title":{"rendered":"AK Partili \u015eamil Tayyar&#8217;dan Zeydan Karalar yorumu: Adalet, iyidir"},"content":{"rendered":"<p>AK Partili \u015eamil Tayyar, Zeydan Karalar&#8217;\u0131n tahliyesine ili\u015fkin &#8220;Su\u00e7lu bulunup ceza alsa bile ancak bu kadar yatard\u0131. Adalet, iyidir&#8221; yorumunu yapt\u0131.<\/p>\n<p>Aziz \u0130hsan Akta\u015f su\u00e7 \u00f6rg\u00fct\u00fc soru\u015fturmas\u0131 kapsam\u0131nda g\u00f6revden uzakla\u015ft\u0131r\u0131l\u0131p tutuklanan Adana B\u00fcy\u00fck\u015fehir Belediye Ba\u015fkan\u0131 Zeydan Karalar dahil 9 ki\u015fi hakk\u0131nda tahliye karar\u0131 verildi.<\/p>\n<p><b>AK PART\u0130L\u0130 \u0130S\u0130MDEN D\u0130KKAT \u00c7EKEN YORUM<\/b><\/p>\n<p>Karalar&#8217;\u0131n tahliyesinin ard\u0131ndan AK Partili \u015eamil Tayyar&#8217;dan dikkat \u00e7eken bir yorum geldi. Sosyal medya hesab\u0131ndan a\u00e7\u0131klama yapan Tayyar, &#8220;Adana B\u00fcy\u00fck\u015fehir Belediye Ba\u015fkan\u0131 Zeydan Karalar&#8217;\u0131n tahliye karar\u0131, do\u011fru ve yerinde bir karard\u0131r&#8221; dedi. <\/p>\n<p><b>&#8220;ADALET \u0130Y\u0130D\u0130R&#8221;<\/b><\/p>\n<p>Payla\u015f\u0131m\u0131n\u0131n devam\u0131nda &#8220;Karalar, her f\u0131rsatta isnat edilen su\u00e7lamaya kar\u015f\u0131 siyasi polemik yapmak yerine hukuki zeminde kendini savunmaya \u00e7al\u0131\u015ft\u0131&#8221; diye yazan Tayyar, &#8221; Ayr\u0131ca, su\u00e7lu bulunup ceza alsa bile ancak bu kadar yatard\u0131. Adalet, iyidir&#8221; ifadelerini kulland\u0131.<\/p>\n<div>\n<figure><img decoding=\"async\" src=\"https:\/\/bihavadis.com\/wp-content\/uploads\/2026\/03\/ak-partili-samil-tayyardan-zeydan-karalar-yorumu-adalet-iyidir-0-w9pFeSvu.jpg\"\/><\/figure>\n<\/div>\n<p><b>9 K\u0130\u015e\u0130 TAHL\u0130YE ED\u0130LD\u0130<\/b><\/p>\n<p>Aziz \u0130hsan Akta\u015f su\u00e7 \u00f6rg\u00fct\u00fc soru\u015fturmas\u0131 kapsam\u0131nda 6&#8217;s\u0131 g\u00f6revinden uzakla\u015ft\u0131r\u0131lan 7 belediye ba\u015fkan\u0131n\u0131n da aralar\u0131nda bulundu\u011fu 200 san\u0131\u011f\u0131n yarg\u0131land\u0131\u011f\u0131 davan\u0131n yedinci duru\u015fmas\u0131 g\u00f6r\u00fcld\u00fc.<\/p>\n<p>Mahkeme heyeti, tutuklanmas\u0131n\u0131n ard\u0131ndan g\u00f6revinden uzakla\u015ft\u0131r\u0131lan Adana B\u00fcy\u00fck\u015fehir Belediye Ba\u015fkan\u0131 Zeydan Karalar ile Ali F\u0131rat Baycan, Cem Alper Aky\u00fcz, \u0130brahim Ko\u00e7yi\u011fit, \u0130brahim Halil \u00c7al\u0131\u015f, Mehmet Ata\u015f, Mert \u00c7elik, M\u00fczeyyen Karaka\u015f ve Oktay Akta\u015f&#8217;\u0131n tahliyesine karar verdi.<\/p>\n<p>Heyet, di\u011fer 24 san\u0131\u011f\u0131n tutuklulu\u011funun devam\u0131na h\u00fckmetti. Duru\u015fma, 9 \u015eubat Pazartesi g\u00fcn\u00fcne ertelendi. <\/p>\n","protected":false},"excerpt":{"rendered":"<p>AK Partili \u015eamil Tayyar, Aziz \u0130hsan Akta\u015f su\u00e7 \u00f6rg\u00fct\u00fc soru\u015fturmas\u0131 kapsam\u0131nda g\u00f6revden uzakla\u015ft\u0131r\u0131l\u0131p tutuklanan Adana B\u00fcy\u00fck\u015fehir Belediye Ba\u015fkan\u0131 Zeydan Karalar hakk\u0131nda verilen tahliye karar\u0131 i\u00e7in &#8220;Su\u00e7lu bulunup ceza alsa bile ancak bu kadar yatard\u0131. Adalet, iyidir&#8221; yorumunda bulundu.<\/p>\n","protected":false},"author":1,"featured_media":56577,"comment_status":"open","ping_status":"open","sticky":false,"template":"","format":"standard","meta":{"footnotes":""},"categories":[12],"tags":[6926,286,5819],"class_list":["post-56576","post","type-post","status-publish","format-standard","has-post-thumbnail","hentry","category-siyaset","tag-karalar","tag-suc","tag-tahliye"],"_links":{"self":[{"href":"https:\/\/bihavadis.com\/index.php\/wp-json\/wp\/v2\/posts\/56576","targetHints":{"allow":["GET"]}}],"collection":[{"href":"https:\/\/bihavadis.com\/index.php\/wp-json\/wp\/v2\/posts"}],"about":[{"href":"https:\/\/bihavadis.com\/index.php\/wp-json\/wp\/v2\/types\/post"}],"author":[{"embeddable":true,"href":"https:\/\/bihavadis.com\/index.php\/wp-json\/wp\/v2\/users\/1"}],"replies":[{"embeddable":true,"href":"https:\/\/bihavadis.com\/index.php\/wp-json\/wp\/v2\/comments?post=56576"}],"version-history":[{"count":1,"href":"https:\/\/bihavadis.com\/index.php\/wp-json\/wp\/v2\/posts\/56576\/revisions"}],"predecessor-version":[{"id":56579,"href":"https:\/\/bihavadis.com\/index.php\/wp-json\/wp\/v2\/posts\/56576\/revisions\/56579"}],"wp:featuredmedia":[{"embeddable":true,"href":"https:\/\/bihavadis.com\/index.php\/wp-json\/wp\/v2\/media\/56577"}],"wp:attachment":[{"href":"https:\/\/bihavadis.com\/index.php\/wp-json\/wp\/v2\/media?parent=56576"}],"wp:term":[{"taxonomy":"category","embeddable":true,"href":"https:\/\/bihavadis.com\/index.php\/wp-json\/wp\/v2\/categories?post=56576"},{"taxonomy":"post_tag","embeddable":true,"href":"https:\/\/bihavadis.com\/index.php\/wp-json\/wp\/v2\/tags?post=56576"}],"curies":[{"name":"wp","href":"https:\/\/api.w.org\/{rel}","templated":true}]}}