{"id":56604,"date":"2026-03-02T09:30:08","date_gmt":"2026-03-02T09:30:08","guid":{"rendered":"https:\/\/bihavadis.com\/?p=56604"},"modified":"2026-03-02T09:30:08","modified_gmt":"2026-03-02T09:30:08","slug":"rafa-silva-benficada-da-huzursuzluk-yaratti","status":"publish","type":"post","link":"https:\/\/bihavadis.com\/index.php\/2026\/03\/02\/rafa-silva-benficada-da-huzursuzluk-yaratti\/","title":{"rendered":"Rafa Silva, Benfica&#8217;da da huzursuzluk yaratt\u0131"},"content":{"rendered":"<p>Be\u015fikta\u015f&#8217;tan olayl\u0131 bir \u015fekilde ayr\u0131lan Rafa Silva i\u00e7in Portekiz bas\u0131n\u0131ndan bir iddia ortaya at\u0131ld\u0131.<\/p>\n<p>1.5 y\u0131l s\u00fcren Be\u015fikta\u015f kariyerinin ard\u0131ndan tak\u0131mda huzursuzluk yaratt\u0131\u011f\u0131 d\u00fc\u015f\u00fcncesiyle eski tak\u0131m\u0131 Benfica&#8217;ya g\u00f6nderilen Rafa Silva, \u00fclkesinde de kriz \u00e7\u0131kard\u0131.<\/p>\n<p><strong>PORTEK\u0130Z&#8217;DE ELE\u015eT\u0130R\u0130LMEYE BA\u015eLANDI<\/strong><\/p>\n<p>Portekiz&#8217;in g\u00fc\u00e7l\u00fc gazetelerinden A Bola&#8217;n\u0131n iddias\u0131na g\u00f6re Rafa, tak\u0131mda olumlu havadan \u00e7ok olumsuz bir hava yaratt\u0131.<\/p>\n<p>32 ya\u015f\u0131ndaki futbolcuyla ilgili ayr\u0131ca, <b><em>&#8220;Rafa&#8217;n\u0131n sezonun kalan aylar\u0131nda gol atma ve asist yapma, zorlu ma\u00e7lar\u0131 \u00e7evirme yetene\u011finden \u015f\u00fcphe yok ancak bir bu\u00e7uk y\u0131l \u00f6nce s\u00f6zle\u015fmesini yenilemeyi reddedip yeni bir tak\u0131ma gitmek isteyen bir oyuncuyu geri getirmek i\u00e7in yap\u0131lan anla\u015fman\u0131n mant\u0131kl\u0131 olup olmad\u0131\u011f\u0131n\u0131 bir kenara b\u0131raksak bile, \u015fu anda par\u00e7alar bir araya gelmiyor.&#8221;<\/em><\/b> ifadeleri kullan\u0131ld\u0131.<\/p>\n<p><img decoding=\"async\" src=\"https:\/\/bihavadis.com\/wp-content\/uploads\/2026\/03\/rafa-silva-benficada-da-huzursuzluk-yaratti-0-TPNE4WYL.jpg\"\/><\/p>\n<p><strong>5 MA\u00c7TA HEN\u00dcZ GOL\u00dc VE AS\u0130ST\u0130 YOK<\/strong><\/p>\n<p>Rafa Silva sezonun ilk b\u00f6l\u00fcm\u00fcnde Be\u015fikta\u015f&#8217;ta 16 ma\u00e7ta s\u00fcre al\u0131rken 5 gol ve 1 asist kaydetti.<\/p>\n<p>Benfica&#8217;ya geri d\u00f6nd\u00fckten sonra 5 ma\u00e7ta forma \u015fans\u0131 bulan deneyimli oyuncu, gol veya asist \u00fcretemedi.<\/p>\n<p>Rafa Silva, Benfica&#8217;yla s\u00f6zle\u015fmesi sona erdikten sonra 2024&#8217;te Be\u015fikta\u015f&#8217;a imza atm\u0131\u015ft\u0131.<\/p>\n<p><img decoding=\"async\" src=\"https:\/\/bihavadis.com\/wp-content\/uploads\/2026\/03\/rafa-silva-benficada-da-huzursuzluk-yaratti-1-ynLa8b56.jpg\"\/> <\/p>\n<div> <span><strong>Kaynak:<\/strong> Ensonhaber Haber Merkezi<\/span> <\/div>\n","protected":false},"excerpt":{"rendered":"<p>Be\u015fikta\u015f&#8217;tan olayl\u0131 bir \u015fekilde ayr\u0131lan Rafa Silva i\u00e7in Portekiz bas\u0131n\u0131ndan bir iddia ortaya at\u0131ld\u0131. 1.5 y\u0131l s\u00fcren Be\u015fikta\u015f kariyerinin ard\u0131ndan tak\u0131mda huzursuzluk yaratt\u0131\u011f\u0131 d\u00fc\u015f\u00fcncesiyle eski tak\u0131m\u0131 Benfica&#8217;ya g\u00f6nderilen Rafa Silva, \u00fclkesinde de &#8230;<\/p>\n","protected":false},"author":1,"featured_media":56605,"comment_status":"open","ping_status":"open","sticky":false,"template":"","format":"standard","meta":{"footnotes":""},"categories":[14],"tags":[6929],"class_list":["post-56604","post","type-post","status-publish","format-standard","has-post-thumbnail","hentry","category-spor","tag-rafa"],"_links":{"self":[{"href":"https:\/\/bihavadis.com\/index.php\/wp-json\/wp\/v2\/posts\/56604","targetHints":{"allow":["GET"]}}],"collection":[{"href":"https:\/\/bihavadis.com\/index.php\/wp-json\/wp\/v2\/posts"}],"about":[{"href":"https:\/\/bihavadis.com\/index.php\/wp-json\/wp\/v2\/types\/post"}],"author":[{"embeddable":true,"href":"https:\/\/bihavadis.com\/index.php\/wp-json\/wp\/v2\/users\/1"}],"replies":[{"embeddable":true,"href":"https:\/\/bihavadis.com\/index.php\/wp-json\/wp\/v2\/comments?post=56604"}],"version-history":[{"count":1,"href":"https:\/\/bihavadis.com\/index.php\/wp-json\/wp\/v2\/posts\/56604\/revisions"}],"predecessor-version":[{"id":56608,"href":"https:\/\/bihavadis.com\/index.php\/wp-json\/wp\/v2\/posts\/56604\/revisions\/56608"}],"wp:featuredmedia":[{"embeddable":true,"href":"https:\/\/bihavadis.com\/index.php\/wp-json\/wp\/v2\/media\/56605"}],"wp:attachment":[{"href":"https:\/\/bihavadis.com\/index.php\/wp-json\/wp\/v2\/media?parent=56604"}],"wp:term":[{"taxonomy":"category","embeddable":true,"href":"https:\/\/bihavadis.com\/index.php\/wp-json\/wp\/v2\/categories?post=56604"},{"taxonomy":"post_tag","embeddable":true,"href":"https:\/\/bihavadis.com\/index.php\/wp-json\/wp\/v2\/tags?post=56604"}],"curies":[{"name":"wp","href":"https:\/\/api.w.org\/{rel}","templated":true}]}}