{"id":56668,"date":"2026-03-02T10:18:08","date_gmt":"2026-03-02T10:18:08","guid":{"rendered":"https:\/\/bihavadis.com\/?p=56668"},"modified":"2026-03-02T10:18:08","modified_gmt":"2026-03-02T10:18:08","slug":"500-bin-sosyal-konut-projesinde-bursa-etabi-icin-kura-gunu","status":"publish","type":"post","link":"https:\/\/bihavadis.com\/index.php\/2026\/03\/02\/500-bin-sosyal-konut-projesinde-bursa-etabi-icin-kura-gunu\/","title":{"rendered":"500 bin sosyal konut projesinde Bursa etab\u0131 i\u00e7in kura g\u00fcn\u00fc"},"content":{"rendered":"<p>\u00c7evre, \u015eehircilik ve \u0130klim De\u011fi\u015fikli\u011fi Bakanl\u0131\u011f\u0131 ile Toplu Konut \u0130daresi Ba\u015fkanl\u0131\u011f\u0131 (TOK\u0130) i\u015f birli\u011finde hayata ge\u00e7irilen ve Cumhuriyet tarihinin en kapsaml\u0131 sosyal konut hamlesi olarak nitelendirilen 500 bin konutluk projede kura s\u00fcreci planlanan takvim do\u011frultusunda devam ediyor.<\/p>\n<p><em><b>\u201cY\u00fczy\u0131l\u0131n Sosyal Konut Projesi\u201d<\/b><\/em> kapsam\u0131nda Bursa\u2019da in\u015fa edilecek konutlar\u0131n hak sahipleri bug\u00fcn ger\u00e7ekle\u015ftirilen kura \u00e7ekimiyle belirleniyor.<\/p>\n<p><strong>29 B\u0130N 566 A\u0130LE \u0130\u00c7\u0130N YEN\u0130 BA\u015eLANGI\u00c7<\/strong><\/p>\n<p>Bursa genelinde toplam 29 bin 566 ailenin ev sahibi olaca\u011f\u0131 kura s\u00fcreci, TOK\u0130\u2019nin resmi YouTube kanal\u0131 ve sosyal medya hesaplar\u0131 \u00fczerinden canl\u0131 yay\u0131nlan\u0131yor.<\/p>\n<p>Yeni haftan\u0131n program\u0131na g\u00f6re bug\u00fcn Bursa\u2019da 17 bin 225 konut i\u00e7in daha hak sahipleri a\u00e7\u0131klanacak. B\u00f6ylece 16-22 \u015eubat 2026 haftas\u0131nda 11 ilde toplam 98 bin 839 konutun kuras\u0131 \u00e7ekilmi\u015f olacak.<\/p>\n<p><img decoding=\"async\" src=\"https:\/\/bihavadis.com\/wp-content\/uploads\/2026\/03\/500-bin-sosyal-konut-projesinde-bursa-etabi-icin-kura-gunu-0-XRVr6PLz.jpg\"\/><\/p>\n<p><strong>SONU\u00c7LAR E-DEVLET&#8217;TE YAYIMLANACAK<\/strong><\/p>\n<p>Kura \u00e7ekiminin tamamlanmas\u0131n\u0131n ard\u0131ndan kesinle\u015fen hak sahibi listeleri noter onay\u0131ndan ge\u00e7irilecek. Onay s\u00fcrecinin ard\u0131ndan sonu\u00e7lar ak\u015fam saatlerinde e-Devlet Kap\u0131s\u0131 \u00fczerinden eri\u015fime a\u00e7\u0131lacak.<\/p>\n<p>Hak sahipleri, kura sonu\u00e7lar\u0131na g\u00f6re s\u00f6zle\u015fme imzalama ve \u00f6deme takvimine ili\u015fkin bilgilendirmeleri de ilgili kanallar arac\u0131l\u0131\u011f\u0131yla alacak.<\/p>\n<p><img decoding=\"async\" src=\"https:\/\/bihavadis.com\/wp-content\/uploads\/2026\/03\/500-bin-sosyal-konut-projesinde-bursa-etabi-icin-kura-gunu-1-Qu7TEO7T.jpg\"\/><\/p>\n<p><strong>69 \u0130LDE 312 B\u0130N 290 KONUTA ULA\u015eILIYOR<\/strong><\/p>\n<p>22 \u015eubat itibar\u0131yla kuras\u0131 tamamlanan il say\u0131s\u0131 69\u2019a y\u00fckselecek. Ayn\u0131 tarihte hak sahibi belirlenen toplam konut say\u0131s\u0131n\u0131n ise 312 bin 290\u2019a ula\u015fmas\u0131 bekleniyor.<\/p>\n<p>Projeyle birlikte dar ve orta gelirli vatanda\u015flar\u0131n uygun ko\u015fullarla konut sahibi olmas\u0131 hedeflenirken, kura s\u00fcrecinin \u00fclke genelinde etap etap s\u00fcrd\u00fcr\u00fclmesi planlan\u0131yor.<\/p>\n<p><img decoding=\"async\" src=\"https:\/\/bihavadis.com\/wp-content\/uploads\/2026\/03\/500-bin-sosyal-konut-projesinde-bursa-etabi-icin-kura-gunu-2-XsGyi8un.jpg\"\/> <\/p>\n<div> <span><strong>Kaynak:<\/strong> Ensonhaber Haber Merkezi<\/span> <\/div>\n","protected":false},"excerpt":{"rendered":"<p>\u00c7evre, \u015eehircilik ve \u0130klim De\u011fi\u015fikli\u011fi Bakanl\u0131\u011f\u0131 ile Toplu Konut \u0130daresi Ba\u015fkanl\u0131\u011f\u0131 (TOK\u0130) i\u015f birli\u011finde hayata ge\u00e7irilen ve Cumhuriyet tarihinin en kapsaml\u0131 sosyal konut hamlesi olarak nitelendirilen 500 bin konutluk projede kura s\u00fcreci planlanan &#8230;<\/p>\n","protected":false},"author":1,"featured_media":56669,"comment_status":"open","ping_status":"open","sticky":false,"template":"","format":"standard","meta":{"footnotes":""},"categories":[9,13],"tags":[1693,818,1880],"class_list":["post-56668","post","type-post","status-publish","format-standard","has-post-thumbnail","hentry","category-genel","category-son-dakika","tag-hak","tag-konut","tag-kura"],"_links":{"self":[{"href":"https:\/\/bihavadis.com\/index.php\/wp-json\/wp\/v2\/posts\/56668","targetHints":{"allow":["GET"]}}],"collection":[{"href":"https:\/\/bihavadis.com\/index.php\/wp-json\/wp\/v2\/posts"}],"about":[{"href":"https:\/\/bihavadis.com\/index.php\/wp-json\/wp\/v2\/types\/post"}],"author":[{"embeddable":true,"href":"https:\/\/bihavadis.com\/index.php\/wp-json\/wp\/v2\/users\/1"}],"replies":[{"embeddable":true,"href":"https:\/\/bihavadis.com\/index.php\/wp-json\/wp\/v2\/comments?post=56668"}],"version-history":[{"count":1,"href":"https:\/\/bihavadis.com\/index.php\/wp-json\/wp\/v2\/posts\/56668\/revisions"}],"predecessor-version":[{"id":56673,"href":"https:\/\/bihavadis.com\/index.php\/wp-json\/wp\/v2\/posts\/56668\/revisions\/56673"}],"wp:featuredmedia":[{"embeddable":true,"href":"https:\/\/bihavadis.com\/index.php\/wp-json\/wp\/v2\/media\/56669"}],"wp:attachment":[{"href":"https:\/\/bihavadis.com\/index.php\/wp-json\/wp\/v2\/media?parent=56668"}],"wp:term":[{"taxonomy":"category","embeddable":true,"href":"https:\/\/bihavadis.com\/index.php\/wp-json\/wp\/v2\/categories?post=56668"},{"taxonomy":"post_tag","embeddable":true,"href":"https:\/\/bihavadis.com\/index.php\/wp-json\/wp\/v2\/tags?post=56668"}],"curies":[{"name":"wp","href":"https:\/\/api.w.org\/{rel}","templated":true}]}}