{"id":56711,"date":"2026-03-02T10:42:08","date_gmt":"2026-03-02T10:42:08","guid":{"rendered":"https:\/\/bihavadis.com\/?p=56711"},"modified":"2026-03-02T10:42:08","modified_gmt":"2026-03-02T10:42:08","slug":"trabzonspordan-konyaspora-iki-transfer-birden","status":"publish","type":"post","link":"https:\/\/bihavadis.com\/index.php\/2026\/03\/02\/trabzonspordan-konyaspora-iki-transfer-birden\/","title":{"rendered":"Trabzonspor&#8217;dan Konyaspor&#8217;a iki transfer birden"},"content":{"rendered":"<p> Trabzonspor, profesyonel futbolcular\u0131 Kazeem Olaigbe ve Rayyan Baniya ile ilgili transfer geli\u015fmelerini kamuoyuna duyurdu. <\/p>\n<p><b>OLAIGBE VE BANIYA, KONYASPOR&#8217;DA<\/b><\/p>\n<p>Bordo-mavili kul\u00fcp, her iki futbolcunun da Konyaspor ile anla\u015fmaya vard\u0131\u011f\u0131n\u0131 a\u00e7\u0131klad\u0131. Trabzonspor&#8217;dan yap\u0131lan a\u00e7\u0131klamaya g\u00f6re, Kazeem Olaigbe&#8217;nin Konyaspor&#8217;a sat\u0131n alma opsiyonlu olarak ge\u00e7ici transferi konusunda anla\u015fma sa\u011fland\u0131. Yap\u0131lan anla\u015fma kapsam\u0131nda Konyaspor, bordo-mavili kul\u00fcbe KDV dahil 3 milyon 20 bin Euro ge\u00e7ici transfer bedeli \u00f6deyece\u011fi ifade edildi.<\/p>\n<p>Trabzonspor&#8217;dan Kamuyu Ayd\u0131nlatma Platformu&#8217;na (KAP) yap\u0131lan a\u00e7\u0131klamada, &#8220;Profesyonel futbolcumuz Kazeem Aderemi J. Olaigbe&#8217;nin, Konyaspor Kul\u00fcb\u00fc&#8217;ne sat\u0131n alma opsiyonlu olarak ge\u00e7ici transferi konusunda anla\u015fma sa\u011flanm\u0131\u015ft\u0131r. Anla\u015fmaya g\u00f6re; Konyaspor Kul\u00fcb\u00fc, Kul\u00fcb\u00fcm\u00fcze, ge\u00e7ici transfer bedeli olarak KDV dahil 3.020.000.-EUR \u00f6deme yapacakt\u0131r. Ayr\u0131ca, Konyaspor Kul\u00fcb\u00fc, sat\u0131n alma opsiyonunu kullanmas\u0131 halinde, \u00f6n sat\u0131n al\u0131m hakk\u0131 Kul\u00fcb\u00fcm\u00fcze ait olmak \u00fczere, futbolcunun bir ba\u015fka kul\u00fcbe transferinin ger\u00e7ekle\u015fmesi halinde elde edilecek transfer bedelinin y\u00fczde 50&#8217;sini, Kul\u00fcb\u00fcm\u00fcze \u00f6deyecektir. Anla\u015fmaya g\u00f6re, oyuncunun bu d\u00f6nemdeki t\u00fcm maliyetleri Konyaspor Kul\u00fcb\u00fc taraf\u0131ndan kar\u015f\u0131lanacakt\u0131r&#8221; ifadelerine yer verildi.<\/p>\n<div>\n<figure><img decoding=\"async\" src=\"https:\/\/bihavadis.com\/wp-content\/uploads\/2026\/03\/trabzonspordan-konyaspora-iki-transfer-birden-0-RiYeHUdI.jpg\"\/><\/figure>\n<\/div>\n<p><b>RAYYAN BANIYA&#8217;YA TAZM\u0130NAT \u00d6DENMEYECEK<\/b><\/p>\n<p>\u00d6te yandan Trabzonspor, Rayyan Baniya ile 18 A\u011fustos 2023 ba\u015flang\u0131\u00e7 ve 30 Haziran 2027 biti\u015f tarihli profesyonel futbolcu s\u00f6zle\u015fmesinin kar\u015f\u0131l\u0131kl\u0131 olarak feshedildi\u011fini a\u00e7\u0131klad\u0131. Yap\u0131lan anla\u015fma do\u011frultusunda oyuncuya herhangi bir fesih tazminat\u0131 \u00f6denmeyece\u011fi ifade edildi. Bordo-mavili kul\u00fcp ayr\u0131ca Rayyan Baniya&#8217;n\u0131n Konyaspor&#8217;a kesin transferi konusunda da anla\u015fmaya var\u0131ld\u0131\u011f\u0131n\u0131 duyurdu.<\/p>\n<div>\n<figure><img decoding=\"async\" src=\"https:\/\/bihavadis.com\/wp-content\/uploads\/2026\/03\/trabzonspordan-konyaspora-iki-transfer-birden-1-z2hDW3LX.jpg\"\/><\/figure>\n<\/div>\n<p>Bordo-mavili kul\u00fcpten bu transfere ili\u015fkin Kamuyu Ayd\u0131nlatma Platformu&#8217;na (KAP) yap\u0131lan a\u00e7\u0131klamada \u015fu ifadelere yer verildi:<\/p>\n<p>&#8220;Profesyonel futbolcumuz Rayyan Baniya&#8217;n\u0131n, Konyaspor Kul\u00fcb\u00fc&#8217;ne kesin transferi konusunda anla\u015fma sa\u011flanm\u0131\u015ft\u0131r. Anla\u015fmaya g\u00f6re; Konyaspor Kul\u00fcb\u00fc, Kul\u00fcb\u00fcm\u00fcze, s\u00f6zle\u015fme fesih bedeli olarak KDV dahil 1.000.000.-EUR \u00f6deme yapacakt\u0131r. Ayr\u0131ca, Konyaspor Kul\u00fcb\u00fc, \u00f6n sat\u0131n al\u0131m hakk\u0131 Kul\u00fcb\u00fcm\u00fcze ait olmak \u00fczere, futbolcunun bir ba\u015fka kul\u00fcbe transferinin ger\u00e7ekle\u015fmesi halinde elde edilecek transfer bedelinin y\u00fczde 50&#8217;sini, kul\u00fcb\u00fcm\u00fcze \u00f6deyecektir.&#8221;<\/p>\n","protected":false},"excerpt":{"rendered":"<p>Trabzonspor, defans oyuncusu Rayyan Baniya ve sol kanat oyuncusu Kazeem Aderemi J. Olaigbe&#8217;nin Konyaspor&#8217;a transferi konusunda anla\u015fma sa\u011fland\u0131\u011f\u0131n\u0131 duyurdu.<\/p>\n","protected":false},"author":1,"featured_media":56712,"comment_status":"open","ping_status":"open","sticky":false,"template":"","format":"standard","meta":{"footnotes":""},"categories":[14],"tags":[1426,6910,3143,6909,404],"class_list":["post-56711","post","type-post","status-publish","format-standard","has-post-thumbnail","hentry","category-spor","tag-anlasma","tag-bedeli","tag-futbolcu","tag-konyaspor-kulubu","tag-transfer"],"_links":{"self":[{"href":"https:\/\/bihavadis.com\/index.php\/wp-json\/wp\/v2\/posts\/56711","targetHints":{"allow":["GET"]}}],"collection":[{"href":"https:\/\/bihavadis.com\/index.php\/wp-json\/wp\/v2\/posts"}],"about":[{"href":"https:\/\/bihavadis.com\/index.php\/wp-json\/wp\/v2\/types\/post"}],"author":[{"embeddable":true,"href":"https:\/\/bihavadis.com\/index.php\/wp-json\/wp\/v2\/users\/1"}],"replies":[{"embeddable":true,"href":"https:\/\/bihavadis.com\/index.php\/wp-json\/wp\/v2\/comments?post=56711"}],"version-history":[{"count":1,"href":"https:\/\/bihavadis.com\/index.php\/wp-json\/wp\/v2\/posts\/56711\/revisions"}],"predecessor-version":[{"id":56715,"href":"https:\/\/bihavadis.com\/index.php\/wp-json\/wp\/v2\/posts\/56711\/revisions\/56715"}],"wp:featuredmedia":[{"embeddable":true,"href":"https:\/\/bihavadis.com\/index.php\/wp-json\/wp\/v2\/media\/56712"}],"wp:attachment":[{"href":"https:\/\/bihavadis.com\/index.php\/wp-json\/wp\/v2\/media?parent=56711"}],"wp:term":[{"taxonomy":"category","embeddable":true,"href":"https:\/\/bihavadis.com\/index.php\/wp-json\/wp\/v2\/categories?post=56711"},{"taxonomy":"post_tag","embeddable":true,"href":"https:\/\/bihavadis.com\/index.php\/wp-json\/wp\/v2\/tags?post=56711"}],"curies":[{"name":"wp","href":"https:\/\/api.w.org\/{rel}","templated":true}]}}