{"id":56779,"date":"2026-03-02T11:24:41","date_gmt":"2026-03-02T11:24:41","guid":{"rendered":"https:\/\/bihavadis.com\/?p=56779"},"modified":"2026-03-02T11:24:41","modified_gmt":"2026-03-02T11:24:41","slug":"azerbaycandan-deprem-belgeseli","status":"publish","type":"post","link":"https:\/\/bihavadis.com\/index.php\/2026\/03\/02\/azerbaycandan-deprem-belgeseli\/","title":{"rendered":"Azerbaycan&#8217;dan Deprem Belgeseli"},"content":{"rendered":"<p> Azerbaycan&#8217;da, Kahramanmara\u015f merkezli 6 \u015eubat 2023&#8217;te meydana gelen depremlerin ard\u0131ndan yard\u0131ma ko\u015fan Azerbaycanl\u0131 arama kurtarma ekiplerinin b\u00f6lgedeki fedakarca \u00e7al\u0131\u015fmalar\u0131n\u0131 konu alan belgeselin galas\u0131 yap\u0131ld\u0131.<\/p>\n<p>Azerbaycan Devlet Televizyonu (AZTV) taraf\u0131ndan haz\u0131rlanan &#8220;Cankurtaranlar&#8221; isimli belgeselin Bak\u00fc&#8217;deki Nizami Sinema Merkezi&#8217;nde d\u00fczenlenen galas\u0131na, T\u00fcrkiye&#8217;nin Bak\u00fc B\u00fcy\u00fckel\u00e7isi Birol Akg\u00fcn, Azerbaycan Ola\u011fan\u00fcst\u00fc Haller Bakanl\u0131\u011f\u0131 yetkilileri, arama kurtarma personeli ile \u00e7ok say\u0131da davetli kat\u0131ld\u0131.<\/p>\n<p>B\u00fcy\u00fckel\u00e7i Akg\u00fcn, etkinlikte yapt\u0131\u011f\u0131 konu\u015fmada, Azerbaycan&#8217;\u0131n karde\u015fli\u011fini, 6 \u015eubat 2023&#8217;te meydana gelen depremlerde g\u00f6rd\u00fcklerini s\u00f6yledi.<\/p>\n<p>Azerbaycan&#8217;\u0131n herhangi bir davet beklemeden b\u00f6lgeye arama kurtarma ekipleri g\u00f6nderdi\u011fini hat\u0131rlatan Akg\u00fcn, g\u00f6sterilen dayan\u0131\u015fma i\u00e7in te\u015fekk\u00fcr etti.<\/p>\n<p>Akg\u00fcn, Azerbaycanl\u0131 arama kurtarma ekiplerinin yapt\u0131klar\u0131 \u00e7al\u0131\u015fmalarla deprem b\u00f6lgesindeki insanlara umut oldu\u011funu kaydetti.<\/p>\n<p> Deprem b\u00f6lgesinde yap\u0131lan imar ve ihya \u00e7al\u0131\u015fmalar\u0131ndan da bahseden Akg\u00fcn, Azerbaycan&#8217;\u0131n Kahramanmara\u015f&#8217;ta in\u015fa etti\u011fi mahallenin, iki \u00fclkenin dayan\u0131\u015fmas\u0131n\u0131n \u00f6rne\u011fi olarak ebediyen T\u00fcrk halk\u0131n\u0131n kalbinde kalaca\u011f\u0131n\u0131 vurgulad\u0131.<\/p>\n<p>Belgeselde, depremin ilk saatlerinden itibaren Kahramanmara\u015f ba\u015fta olmak \u00fczere afet b\u00f6lgesinde g\u00f6rev yapan Azerbaycanl\u0131 ekiplerin zorlu ko\u015fullar alt\u0131nda y\u00fcr\u00fctt\u00fckleri arama kurtarma faaliyetleri, insan hayat\u0131n\u0131 kurtarmaya y\u00f6nelik \u00e7abalar\u0131 ve iki \u00fclke aras\u0131ndaki karde\u015flik dayan\u0131\u015fmas\u0131 g\u00f6rsel anlat\u0131mlarla izleyiciye sunuluyor.<\/p>\n<p>Azerbaycanl\u0131 ekipler, 53 ki\u015fiyi enkazdan sa\u011f \u00e7\u0131karm\u0131\u015ft\u0131<\/p>\n<p>Depremin ard\u0131ndan T\u00fcrkiye&#8217;ye ula\u015fan ilk yabanc\u0131 ekip, Azerbaycan Ola\u011fan\u00fcst\u00fc Haller Bakanl\u0131\u011f\u0131na ba\u011fl\u0131 arama kurtarma ekipleri olmu\u015ftu. Azerbaycan, afet b\u00f6lgesine yard\u0131m amac\u0131yla 41 sa\u011fl\u0131k personeli ile birlikte toplam 725 personel g\u00f6ndermi\u015fti.<\/p>\n<p>6 \u015eubat 2023&#8217;te T\u00fcrkiye&#8217;ye ula\u015fan ekipler, yakla\u015f\u0131k 1 ay boyunca hem arama kurtarma \u00e7al\u0131\u015fmalar\u0131nda hem de insani yard\u0131m ve lojistik faaliyetlerde g\u00f6rev yapm\u0131\u015ft\u0131. Azerbaycanl\u0131 ekipler, y\u00fcr\u00fctt\u00fckleri \u00e7al\u0131\u015fmalar sonucunda 53 ki\u015fiyi enkazdan kurtarm\u0131\u015ft\u0131.<\/p>\n<p>Mart\u0131n ilk haftas\u0131na kadar g\u00f6revlerini s\u00fcrd\u00fcren Azerbaycanl\u0131 arama kurtarma uzmanlar\u0131, \u00e7al\u0131\u015fmalar\u0131n\u0131 tamamlad\u0131ktan sonra T\u00fcrkiye&#8217;yi en son terk eden yabanc\u0131 ekip olmu\u015ftu.<\/p>\n","protected":false},"excerpt":{"rendered":"<p>Azerbaycan, Kahramanmara\u015f depremlerine yard\u0131m eden ekiplerin \u00e7al\u0131\u015fmalar\u0131n\u0131 belgeselde anlatt\u0131.<\/p>\n","protected":false},"author":1,"featured_media":56780,"comment_status":"open","ping_status":"open","sticky":false,"template":"","format":"standard","meta":{"footnotes":""},"categories":[9,4,13],"tags":[1470,1749,6939,991,60],"class_list":["post-56779","post","type-post","status-publish","format-standard","has-post-thumbnail","hentry","category-genel","category-gundem","category-son-dakika","tag-arama-kurtarma","tag-azerbaycan","tag-azerbaycanli","tag-calismalar","tag-deprem"],"_links":{"self":[{"href":"https:\/\/bihavadis.com\/index.php\/wp-json\/wp\/v2\/posts\/56779","targetHints":{"allow":["GET"]}}],"collection":[{"href":"https:\/\/bihavadis.com\/index.php\/wp-json\/wp\/v2\/posts"}],"about":[{"href":"https:\/\/bihavadis.com\/index.php\/wp-json\/wp\/v2\/types\/post"}],"author":[{"embeddable":true,"href":"https:\/\/bihavadis.com\/index.php\/wp-json\/wp\/v2\/users\/1"}],"replies":[{"embeddable":true,"href":"https:\/\/bihavadis.com\/index.php\/wp-json\/wp\/v2\/comments?post=56779"}],"version-history":[{"count":1,"href":"https:\/\/bihavadis.com\/index.php\/wp-json\/wp\/v2\/posts\/56779\/revisions"}],"predecessor-version":[{"id":56781,"href":"https:\/\/bihavadis.com\/index.php\/wp-json\/wp\/v2\/posts\/56779\/revisions\/56781"}],"wp:featuredmedia":[{"embeddable":true,"href":"https:\/\/bihavadis.com\/index.php\/wp-json\/wp\/v2\/media\/56780"}],"wp:attachment":[{"href":"https:\/\/bihavadis.com\/index.php\/wp-json\/wp\/v2\/media?parent=56779"}],"wp:term":[{"taxonomy":"category","embeddable":true,"href":"https:\/\/bihavadis.com\/index.php\/wp-json\/wp\/v2\/categories?post=56779"},{"taxonomy":"post_tag","embeddable":true,"href":"https:\/\/bihavadis.com\/index.php\/wp-json\/wp\/v2\/tags?post=56779"}],"curies":[{"name":"wp","href":"https:\/\/api.w.org\/{rel}","templated":true}]}}