{"id":56810,"date":"2026-03-02T11:48:07","date_gmt":"2026-03-02T11:48:07","guid":{"rendered":"https:\/\/bihavadis.com\/?p=56810"},"modified":"2026-03-02T11:48:07","modified_gmt":"2026-03-02T11:48:07","slug":"irandan-ummandaki-muzakereler-oncesi-savas-baslatacak-cikis","status":"publish","type":"post","link":"https:\/\/bihavadis.com\/index.php\/2026\/03\/02\/irandan-ummandaki-muzakereler-oncesi-savas-baslatacak-cikis\/","title":{"rendered":"\u0130ran&#8217;dan Umman&#8217;daki m\u00fczakereler \u00f6ncesi sava\u015f ba\u015flatacak \u00e7\u0131k\u0131\u015f"},"content":{"rendered":"<p> \u0130ran Meclisi Ulusal G\u00fcvenlik ve D\u0131\u015f Politika Komisyonu S\u00f6zc\u00fcs\u00fc \u0130brahim R\u0131zai, \u00fclkesinin f\u00fcze program\u0131 ve d\u00fc\u015f\u00fck d\u00fczeyli uranyum zenginle\u015ftirme faaliyetlerinin m\u00fczakereye kapal\u0131 oldu\u011funu vurgulad\u0131. R\u0131zai, bu konular\u0131n \u0130ran&#8217;\u0131n k\u0131rm\u0131z\u0131 \u00e7izgileri aras\u0131nda yer ald\u0131\u011f\u0131n\u0131 belirtti.<\/p>\n<p><b>\u0130RAN&#8217;DAN GER\u0130L\u0130M\u0130 TIRMANDIRACAK A\u00c7IKLAMA<\/b><\/p>\n<p>\u0130ran Meclisi Ulusal G\u00fcvenlik ve D\u0131\u015f Politika Komisyonu S\u00f6zc\u00fcs\u00fc \u0130brahim R\u0131zai&#8217;den ABD ile Tahran aras\u0131nda yar\u0131n Umman&#8217;da yap\u0131lacak g\u00f6r\u00fc\u015fmeler \u00f6ncesi gerilimi art\u0131racak bir a\u00e7\u0131klama geldi.<\/p>\n<p><b>&#8220;F\u00dcZE PROGRAMI VE URANYUM ZENG\u0130NLE\u015eT\u0130RME KONULARI KIRMIZI \u00c7\u0130ZG\u0130M\u0130Z&#8221;<\/b><\/p>\n<p>\u00dclke medyas\u0131na a\u00e7\u0131klama yapan R\u0131zai, yar\u0131n Umman&#8217;da yap\u0131lacak ABD ile m\u00fczakerelerde f\u00fcze program\u0131 ile (d\u00fc\u015f\u00fck d\u00fczeyli) uranyum zenginle\u015ftirme konular\u0131n\u0131n \u0130ran&#8217;\u0131n &#8220;k\u0131rm\u0131z\u0131 \u00e7izgileri&#8221; aras\u0131nda yer ald\u0131\u011f\u0131n\u0131 s\u00f6yledi.<\/p>\n<p><b>&#8220;KIRMIZI \u00c7\u0130ZG\u0130M\u0130Z DE\u011e\u0130\u015eMED\u0130&#8221;<\/b><\/p>\n<p>R\u0131zai, &#8220;\u0130ran&#8217;\u0131n k\u0131rm\u0131z\u0131 \u00e7izgileri de\u011fi\u015fmedi ve e\u011fer Amerikal\u0131lar ayn\u0131 \u00f6nceki y\u00f6ntemle m\u00fczakerelere kat\u0131lmak ve \u00f6rne\u011fin s\u0131f\u0131r zenginle\u015ftirme gibi taleplerde bulunmak istiyorlarsa, \u015fimdiden m\u00fczakerelerin ba\u015far\u0131s\u0131z oldu\u011fu s\u00f6ylenmelidir.&#8221; dedi.<\/p>\n<p><b>ARAK\u00c7\u0130: M\u00dcZAKERELER CUMA SAAT 10&#8217;DA UMMAN&#8217;DA<\/b><\/p>\n<p>\u0130ran D\u0131\u015fi\u015fleri Bakan\u0131 Abbas Arak\u00e7i, ABD ile n\u00fckleer m\u00fczakerelere ili\u015fkin a\u00e7\u0131klama yapm\u0131\u015ft\u0131. Arak\u00e7i, Amerikan X \u015firketinin sosyal medya hesab\u0131ndan payla\u015ft\u0131\u011f\u0131 mesaj\u0131nda, &#8220;ABD ile n\u00fckleer g\u00f6r\u00fc\u015fmelerin cuma g\u00fcn\u00fc sabah saat 10 civar\u0131nda Maskat&#8217;ta yap\u0131lmas\u0131 planlan\u0131yor. Gerekli t\u00fcm d\u00fczenlemeleri yapan Ummanl\u0131 karde\u015flerimize minnettar\u0131m.&#8221; ifadelerini kullanm\u0131\u015ft\u0131.<\/p>\n<p>\u00d6te yandan Axios haber platformu iki ABD&#8217;li yetkiliye dayand\u0131rd\u0131\u011f\u0131 haberinde, Washington y\u00f6netiminin, \u0130ran&#8217;\u0131n g\u00f6r\u00fc\u015fmelerin \u0130stanbul yerine Umman&#8217;da ve yaln\u0131zca ikili formatta yap\u0131lmas\u0131 y\u00f6n\u00fcndeki talebini geri \u00e7evirdi\u011fini ve g\u00f6r\u00fc\u015fmelerin iptal edildi\u011fini yazm\u0131\u015ft\u0131.<\/p>\n<p>AA muhabirine bilgi veren \u0130ranl\u0131 diplomatik kaynak, ABD ile m\u00fczakere \u00f6ncesi temaslar\u0131n k\u00f6t\u00fcle\u015fti\u011fini ve g\u00f6r\u00fc\u015fmelerin cuma g\u00fcn\u00fc yap\u0131lmayabilece\u011fini ifade etmi\u015fti.<\/p>\n<p><b>&#8220;ANLA\u015eAMAZSAK BA\u015eKA SE\u00c7ENEKLERE Y\u00d6NELECE\u011e\u0130Z&#8221;<\/b><\/p>\n<p>\u0130ran&#8217;\u0131n daha \u00f6nce mutab\u0131k kal\u0131nan formata d\u00f6nmeye haz\u0131r olmas\u0131 halinde ABD&#8217;nin bu hafta ya da gelecek hafta g\u00f6r\u00fc\u015fmeye haz\u0131r oldu\u011funu belirten ABD&#8217;li bir yetkili, &#8220;H\u0131zl\u0131 \u015fekilde ger\u00e7ek bir anla\u015fmaya varmak istiyoruz, aksi takdirde insanlar ba\u015fka se\u00e7eneklere y\u00f6nelecektir.&#8221; ifadelerini kulland\u0131.<\/p>\n<p>ABD medyas\u0131na yans\u0131yan haberlerde, ABD ile \u0130ran aras\u0131nda n\u00fckleer g\u00f6r\u00fc\u015fmelerin, 6 \u015eubat&#8217;ta Umman&#8217;da yap\u0131lmas\u0131n\u0131n planland\u0131\u011f\u0131 iddia edilmi\u015fti.<\/p>\n<p><b>&#8220;BAL\u0130ST\u0130K F\u00dcZE KONUSU DA G\u00d6R\u00dc\u015eMELERDE ELE ALINMALI&#8221;<\/b><\/p>\n<p>\u00d6te yandan g\u00f6r\u00fc\u015fme yerinin hala netle\u015fmedi\u011fini, T\u00fcrkiye&#8217;de yap\u0131lmas\u0131na onay verdikten sonra \u0130ran&#8217;\u0131n kabul etmedi\u011fine dikkat \u00e7eken ABD D\u0131\u015fi\u015fleri Bakan\u0131 Marco Rubio, &#8220;balistik f\u00fcze&#8221; \u015fart\u0131 da ko\u015fmu\u015ftu. Rubio, &#8220;T\u00fcrkiye&#8217;de g\u00f6r\u00fc\u015fece\u011fiz zannettik, hala \u00e7al\u0131\u015f\u0131yoruz. \u0130ran ile yap\u0131lacak g\u00f6r\u00fc\u015fmelerin anlaml\u0131 olmas\u0131 i\u00e7in, balistik f\u00fcze konusu da ele al\u0131nmal\u0131&#8221; demi\u015fti.<\/p>\n<p><b>\u0130RAN, G\u00d6R\u00dc\u015eMELER\u0130 N\u00dcKLEER KONULARLA SINIRLAMAK \u0130ST\u0130YOR<\/b><\/p>\n<p>Axios haber platformunun ismini a\u00e7\u0131klamak istemeyen 2 yetkiliye dayand\u0131rd\u0131\u011f\u0131 haberinde, \u0130ran&#8217;\u0131n ABD ile y\u00fcr\u00fct\u00fclecek m\u00fczakerelerin format\u0131nda ve mekan\u0131nda de\u011fi\u015fiklik talep etti\u011fi belirtilmi\u015fti.<\/p>\n<p>Haberde, \u0130ran&#8217;\u0131n talebi \u00fczerine 6 \u015eubat Cuma g\u00fcn\u00fc taraflar aras\u0131nda \u0130stanbul&#8217;da yap\u0131laca\u011f\u0131 iddia edilen g\u00f6r\u00fc\u015fmelerin Umman&#8217;a ta\u015f\u0131nd\u0131\u011f\u0131, ABD&#8217;nin de bu talebi kabul etti\u011fi \u00f6ne s\u00fcr\u00fclm\u00fc\u015ft\u00fc.<\/p>\n<p>&#8220;\u0130stanbul&#8217;daki g\u00f6r\u00fc\u015fmelere bir\u00e7ok Arap ve M\u00fcsl\u00fcman \u00fclkenin g\u00f6zlemci olarak kat\u0131lmas\u0131n\u0131n planland\u0131\u011f\u0131na&#8221; i\u015faret edilen haberde, \u0130ran&#8217;\u0131n ise m\u00fczakerelerin yaln\u0131zca ABD ile ikili formatta y\u00fcr\u00fct\u00fclmesini istedi\u011fi iddia edilmi\u015fti.<\/p>\n<p>Haberde, Tahran y\u00f6netiminin s\u00f6z konusu talebinin nedeninin, &#8220;g\u00f6r\u00fc\u015fmeleri yaln\u0131zca n\u00fckleer konularla s\u0131n\u0131rland\u0131rmak istemesi ve b\u00f6lgedeki di\u011fer \u00fclkeler i\u00e7in \u00f6ncelik ta\u015f\u0131yan f\u00fcze program\u0131 ile vekil gruplar gibi ba\u015fl\u0131klar\u0131 g\u00fcndeme getirmekten ka\u00e7\u0131nmas\u0131&#8221; oldu\u011fu ifade edilmi\u015fti.<\/p>\n<p>ABD Ba\u015fkan\u0131 Donald Trump&#8217;\u0131n \u00d6zel Temsilcisi Steve Witkoff&#8217;un, \u0130ran D\u0131\u015fi\u015fleri Bakan\u0131 Abbas Erak\u00e7i ile olas\u0131 bir n\u00fckleer anla\u015fmay\u0131 g\u00f6r\u00fc\u015fmek \u00fczere 6 \u015eubat&#8217;ta T\u00fcrkiye&#8217;de bir araya gelece\u011fi iddia edilmi\u015fti.<\/p>\n<p><b>HAZ\u0130RAN 2025&#8217;TEN SONRA \u0130LK G\u00d6R\u00dc\u015eME<\/b><\/p>\n<p>Bu, \u0130ran ile \u0130srail aras\u0131nda Haziran 2025&#8217;te meydana gelen ve 12 g\u00fcn s\u00fcren \u00e7at\u0131\u015fmalar\u0131n ard\u0131ndan ABD&#8217;li ve \u0130ranl\u0131 yetkililer aras\u0131ndaki ilk g\u00f6r\u00fc\u015fme olacak.<\/p>\n<p>\u0130ran D\u0131\u015fi\u015fleri Bakan\u0131 Abbas Erak\u00e7i, \u0130ran&#8217;daki devrimin 47. y\u0131l d\u00f6n\u00fcm\u00fc m\u00fcnasebetiyle ba\u015fkent Tahran&#8217;da devrim lideri Ayetullah Humeyni&#8217;nin t\u00fcrbesinde yapt\u0131\u011f\u0131 konu\u015fmada, \u0130ran&#8217;\u0131n diplomasiye haz\u0131r oldu\u011funu belirterek, &#8220;Ancak diplomasi, bask\u0131, y\u0131ld\u0131rma ve g\u00fc\u00e7 kullan\u0131m\u0131yla ba\u011fda\u015fmaz. Sonu\u00e7lar\u0131n\u0131n yak\u0131nda ortaya \u00e7\u0131kmas\u0131n\u0131 umuyoruz.&#8221; demi\u015fti.<\/p>\n<p><b>\u0130RAN&#8217;DAK\u0130 G\u00d6STER\u0130LER<\/b><\/p>\n<p>\u0130ran&#8217;da 28 Aral\u0131k 2025&#8217;te yerel para biriminin d\u00f6viz kar\u015f\u0131s\u0131nda h\u0131zla de\u011fer kaybetmesi ve ekonomik s\u0131k\u0131nt\u0131lar\u0131n derinle\u015fmesi nedeniyle Tahran B\u00fcy\u00fck \u00c7ar\u015f\u0131&#8217;da esnaf\u0131n \u00f6nc\u00fcl\u00fc\u011f\u00fcnde ba\u015flayan g\u00f6steriler \u00fclke geneline yay\u0131lm\u0131\u015ft\u0131.<\/p>\n<p>Ba\u015fkent Tahran&#8217;da 8 Ocak&#8217;ta \u015fiddetlenen protestolar s\u0131ras\u0131nda \u00e7\u0131kan olaylar sonucu \u00fclke y\u00f6netimi internet eri\u015fimini engellemi\u015fti.<\/p>\n<p>\u0130ran \u015eehit ve Gaziler Vakf\u0131, Adli T\u0131p Kurumuna dayand\u0131rd\u0131\u011f\u0131 21 Ocak&#8217;taki a\u00e7\u0131klamas\u0131nda, g\u00f6sterilerde; g\u00fcvenlik g\u00fc\u00e7leri ve siviller dahil 3 bin 117 ki\u015finin hayat\u0131n\u0131 kaybetti\u011fini duyurmu\u015ftu.<\/p>\n<p>Bu ki\u015filerden 2 bin 427&#8217;sinin &#8220;silahl\u0131 ter\u00f6r gruplar\u0131&#8221; taraf\u0131ndan \u00f6ld\u00fcr\u00fclen g\u00fcvenlik g\u00fc\u00e7leri ile sivil vatanda\u015flar oldu\u011fu ifade edilirken 690 ki\u015fi hakk\u0131nda ise bilgi verilmemi\u015fti.<\/p>\n<p>\u0130ran&#8217;da g\u00f6steriler son bulmu\u015f olsa da ABD&#8217;nin Virginia eyaleti merkezli HRANA, daha fazla vakay\u0131 do\u011frulad\u0131\u011f\u0131n\u0131 \u00f6ne s\u00fcrerek \u00f6l\u00fc ve g\u00f6zalt\u0131 say\u0131lar\u0131n\u0131 g\u00fcncellemeye devam ediyor.<\/p>\n","protected":false},"excerpt":{"rendered":"<p>ABD ve \u0130ran aras\u0131nda yar\u0131n yap\u0131lacak n\u00fckleer m\u00fczakereler \u00f6ncesi Tahran&#8217;dan sava\u015fa kap\u0131 aralayan bir \u00e7\u0131k\u0131\u015f geldi. \u0130ran Meclisi Ulusal G\u00fcvenlik ve D\u0131\u015f Politika Komisyonu S\u00f6zc\u00fcs\u00fc \u0130brahim R\u0131zai, \u00fclkesinin f\u00fcze program\u0131 ve d\u00fc\u015f\u00fck d\u00fczeyli uranyum zenginle\u015ftirme faaliyetlerinin m\u00fczakereye kapal\u0131 oldu\u011funu vurgulad\u0131. R\u0131zai, &#8220;\u0130ran&#8217;\u0131n k\u0131rm\u0131z\u0131 \u00e7izgileri de\u011fi\u015fmedi ve e\u011fer Amerikal\u0131lar s\u0131f\u0131r zenginle\u015ftirme gibi taleplerde bulunmak istiyorlarsa, \u015fimdiden m\u00fczaerelerin ba\u015far\u0131s\u0131z oldu\u011fu s\u00f6ylenmelidir.&#8221; dedi.<\/p>\n","protected":false},"author":1,"featured_media":56811,"comment_status":"open","ping_status":"open","sticky":false,"template":"","format":"standard","meta":{"footnotes":""},"categories":[12],"tags":[272,2087,4253,271,4515],"class_list":["post-56810","post","type-post","status-publish","format-standard","has-post-thumbnail","hentry","category-siyaset","tag-abd","tag-fuze","tag-gorusmeler","tag-iran","tag-muzakereler"],"_links":{"self":[{"href":"https:\/\/bihavadis.com\/index.php\/wp-json\/wp\/v2\/posts\/56810","targetHints":{"allow":["GET"]}}],"collection":[{"href":"https:\/\/bihavadis.com\/index.php\/wp-json\/wp\/v2\/posts"}],"about":[{"href":"https:\/\/bihavadis.com\/index.php\/wp-json\/wp\/v2\/types\/post"}],"author":[{"embeddable":true,"href":"https:\/\/bihavadis.com\/index.php\/wp-json\/wp\/v2\/users\/1"}],"replies":[{"embeddable":true,"href":"https:\/\/bihavadis.com\/index.php\/wp-json\/wp\/v2\/comments?post=56810"}],"version-history":[{"count":1,"href":"https:\/\/bihavadis.com\/index.php\/wp-json\/wp\/v2\/posts\/56810\/revisions"}],"predecessor-version":[{"id":56812,"href":"https:\/\/bihavadis.com\/index.php\/wp-json\/wp\/v2\/posts\/56810\/revisions\/56812"}],"wp:featuredmedia":[{"embeddable":true,"href":"https:\/\/bihavadis.com\/index.php\/wp-json\/wp\/v2\/media\/56811"}],"wp:attachment":[{"href":"https:\/\/bihavadis.com\/index.php\/wp-json\/wp\/v2\/media?parent=56810"}],"wp:term":[{"taxonomy":"category","embeddable":true,"href":"https:\/\/bihavadis.com\/index.php\/wp-json\/wp\/v2\/categories?post=56810"},{"taxonomy":"post_tag","embeddable":true,"href":"https:\/\/bihavadis.com\/index.php\/wp-json\/wp\/v2\/tags?post=56810"}],"curies":[{"name":"wp","href":"https:\/\/api.w.org\/{rel}","templated":true}]}}