{"id":56816,"date":"2026-03-02T11:54:36","date_gmt":"2026-03-02T11:54:36","guid":{"rendered":"https:\/\/bihavadis.com\/?p=56816"},"modified":"2026-03-02T11:54:36","modified_gmt":"2026-03-02T11:54:36","slug":"chp-genel-baskani-ozel-adiyamanda-konustu-aciklamasi-2","status":"publish","type":"post","link":"https:\/\/bihavadis.com\/index.php\/2026\/03\/02\/chp-genel-baskani-ozel-adiyamanda-konustu-aciklamasi-2\/","title":{"rendered":"CHP Genel Ba\u015fkan\u0131 \u00d6zel, Ad\u0131yaman&#8217;da konu\u015ftu A\u00e7\u0131klamas\u0131"},"content":{"rendered":"<p>CHP Genel Ba\u015fkan\u0131 \u00d6zg\u00fcr \u00d6zel, &#8221; T\u00fcrkiye&#8217;de yerinde d\u00f6n\u00fc\u015f\u00fcm\u00fcn, yani 10 il i\u00e7inde y\u00fczde 45&#8217;inin sadece Ad\u0131yaman&#8217;da yap\u0131lm\u0131\u015f olmas\u0131 muazzam bir i\u015ftir.&#8221; dedi.<\/p>\n<p>\u00d6zel, Ad\u0131yaman&#8217;\u0131n Yaylakonak Beldesi&#8217;ni ziyaretinde yapt\u0131\u011f\u0131 konu\u015fmada, depremde hayat\u0131n\u0131 kaybedenlere Allah&#8217;tan rahmet, ailelerine de ba\u015f sa\u011fl\u0131\u011f\u0131 diledi.<\/p>\n<p>B\u00f6yle felaketlerin bir daha ya\u015fanmamas\u0131 temennisinde bulunan \u00d6zel, ancak do\u011fada depremin yine ger\u00e7ekle\u015febilece\u011fini, \u00f6nemli olan\u0131n bundan ders al\u0131n\u0131p do\u011fru i\u015flerin yap\u0131lmas\u0131 oldu\u011funu vurgulad\u0131.<\/p>\n<p>\u00d6zel, bu konuda 10 ilde gayretler g\u00f6sterildi\u011fini belirterek, \u015f\u00f6yle devam etti: <\/p>\n<p>&#8220;Biz de b\u00fct\u00fcn illeri geziyoruz, b\u00fcy\u00fck bir memnuniyetle, gururla ifade etmek isterim ki bug\u00fcn Ad\u0131yaman&#8217;da, ge\u00e7en seneye k\u0131yasla g\u00f6rd\u00fc\u011f\u00fcm Ad\u0131yaman&#8217;da Abdurrahman Tutdere&#8217;nin bu yerinde d\u00f6n\u00fc\u015f\u00fcm konusunda g\u00f6sterdi\u011fi insan\u00fcst\u00fc gayret, devletten personel talep etmesi, Ad\u0131yaman Valisi ile uyumlu \u015fekilde 32 bin hanenin yerinde d\u00f6n\u00fc\u015f\u00fcmle sorunlar\u0131n\u0131 \u00e7\u00f6zm\u00fc\u015f olmas\u0131 ve T\u00fcrkiye&#8217;de yerinde d\u00f6n\u00fc\u015f\u00fcm\u00fcn, yani 10 il i\u00e7inde y\u00fczde 45&#8217;inin sadece Ad\u0131yaman&#8217;da yap\u0131lm\u0131\u015f olmas\u0131 muazzam bir i\u015ftir.&#8221;<\/p>\n<p>Depremde Ad\u0131yaman&#8217;da her 3 konuttan birinin y\u0131k\u0131ld\u0131\u011f\u0131n\u0131, kentin \u015fimdi yeniden aya\u011fa kalkt\u0131\u011f\u0131n\u0131 dile getiren \u00d6zel, deprem b\u00f6lgesinde yapt\u0131klar\u0131 \u00e7al\u0131\u015fmalara de\u011finerek, &#8220;AFAD ne dedi? &#8216;Deprem b\u00f6lgesine kim ne getirirse ben kaydedece\u011fim.&#8217; dedi. Deprem b\u00f6lgesinde Cumhuriyet Halk Partisi AFAD&#8217;a kay\u0131tl\u0131 9 bin 638 ara\u00e7la, yani 10 bine yak\u0131n ara\u00e7la \u00e7al\u0131\u015fm\u0131\u015f\u0131z. 28 bin 521 personel getirmi\u015fiz 10 ilin tamam\u0131nda. 7 bin 200 t\u0131r AFAD&#8217;a kay\u0131tl\u0131. 4 u\u00e7ak, 6 gemiyle g\u0131dadan sa\u011fl\u0131k malzemesine, \u00e7ad\u0131rdan sobaya her \u015feyi ta\u015f\u0131m\u0131\u015f\u0131z buraya.&#8221; diye konu\u015ftu.<\/p>\n<p>\u0130stanbul B\u00fcy\u00fck\u015fehir Belediyesinin Yaylakonak&#8217;ta 180 milyon liraya k\u00f6pr\u00fc yapt\u0131\u011f\u0131n\u0131 aktaran \u00d6zel, &#8220;Adana B\u00fcy\u00fck\u015fehir Belediyesi 25 kilometre asfalt\u0131 iki sefer yap\u0131yor, Mersin B\u00fcy\u00fck\u015fehir Belediyesi hemen her \u015feyi burada yap\u0131yor, ilk g\u00fcnden son g\u00fcne kadar. Mersin&#8217;in Tarsus Belediye Ba\u015fkan\u0131 bile buraya geliyor, eser kazand\u0131r\u0131yor.&#8221; \u015feklinde konu\u015ftu.<\/p>\n<p>Denizli B\u00fcy\u00fck\u015fehir Belediyesinin Karap\u0131nar&#8217;a park, \u0130stanbul B\u00fcy\u00fck\u015fehir Belediyesinin de G\u00f6lba\u015f\u0131&#8217;na 4 d\u00f6n\u00fcml\u00fck park ile deprem \u015fehitlerini anmak i\u00e7in an\u0131t ve mezarl\u0131k yapaca\u011f\u0131n\u0131 bildiren \u00d6zel, Tekirda\u011f B\u00fcy\u00fck\u015fehir Belediyesinin ise Cumhuriyet Mahallesi&#8217;ne park yapaca\u011f\u0131n\u0131 kaydetti.<\/p>\n<p>\u00d6zel, vefat eden eski Manisa B\u00fcy\u00fck\u015fehir Belediye Ba\u015fkan\u0131 Ferdi Zeyrek&#8217;in ad\u0131n\u0131n da \u00c7ocuk K\u00fclt\u00fcr ve Sanat Merkezi&#8217;nde ya\u015fat\u0131laca\u011f\u0131n\u0131 belirtti.<\/p>\n<p>Bir ay i\u00e7erisinde 13 belediyeden y\u00fczlerce kamyon ve i\u015f makinesiyle Ad\u0131yaman&#8217;\u0131n molozunu kald\u0131racaklar\u0131n\u0131 anlatan \u00d6zel, Ankara ve Eski\u015fehir b\u00fcy\u00fck\u015fehir belediyelerinin de parklar yaparak kenti g\u00fczelle\u015ftirdi\u011fini s\u00f6yledi.<\/p>\n<p>\u00d6zg\u00fcr \u00d6zel, deprem b\u00f6lgesinde m\u00fccbir sebep halinin uzat\u0131lmas\u0131 gerekti\u011finin alt\u0131n\u0131 \u00e7izdi.<\/p>\n<p>Cumhurba\u015fkan\u0131 Recep Tayyip Erdo\u011fan ve AK Parti&#8217;ye \u00e7a\u011fr\u0131da bulunan \u00d6zel, &#8220;Buradan a\u00e7\u0131k a\u00e7\u0131k s\u00f6yl\u00fcyorum: Erdo\u011fan, AK Parti, depremzedelerin, Ad\u0131yaman&#8217;\u0131n, Balyan&#8217;\u0131n (Yaylakonak) ve t\u00fcm deprem illeri lehine ne getirirse iki elimizle destek vermeye haz\u0131r\u0131z. Ama ne yapmazsa da sand\u0131\u011fa kadar yapmaz, sand\u0131ktan sonra, o sand\u0131ktan \u00e7\u0131kmaya ve sizin y\u00fcz\u00fcn\u00fcz\u00fc g\u00fcld\u00fcrmeye, iktidarda size hizmet etmeye talibiz, emrinize amadeyiz.&#8221; ifadelerini kulland\u0131.<\/p>\n<p>\u00d6zel, Cumhuriyet Halk Partisi olarak kutupla\u015fmadan b\u0131kt\u0131klar\u0131n\u0131, milletle kucakla\u015ft\u0131klar\u0131n\u0131 dile getirerek, s\u00f6zlerini \u015f\u00f6yle tamamlad\u0131: <\/p>\n<p>&#8220;Benim i\u00e7in CHP&#8217;li kadar de\u011ferli, AK Parti&#8217;li, DEM&#8217;li, \u0130Y\u0130 Parti&#8217;li de. Aleviyi de seviyoruz, S\u00fcnniyi de. K\u00fcrt ile T\u00fcrk&#8217;\u00fc karde\u015f, akraba biliyoruz. Burada da \u00f6yle biliyoruz, Suriye&#8217;de de \u00f6yle biliyoruz. Nerede bir K\u00fcrt varsa bir T\u00fcrk olarak benim akrabamd\u0131r. Nerede bir Alevi varsa bir S\u00fcnni olarak benim akrabamd\u0131r, karde\u015fimden ileridedir. O y\u00fczden bu \u00fclkeyi kucakla\u015ft\u0131rmak i\u00e7in kutupla\u015ft\u0131rmak yerine kalk\u0131nd\u0131rmak i\u00e7in birbirine d\u00fc\u015f\u00fcr\u00fcp de \u00fczmek yerine ac\u0131l\u0131 analar\u0131n, babalar\u0131n y\u00fcreklerindeki yaralar\u0131 sarmak i\u00e7in bu g\u00f6z\u00fc ya\u015fl\u0131 ailelere sahip \u00e7\u0131kmak i\u00e7in bir daha b\u00f6yle hi\u00e7 kimse g\u00f6z\u00fc ya\u015fl\u0131 kalmas\u0131n diye \u015fehrimize de Cumhuriyet&#8217;imize de emeklimize de i\u015f\u00e7imize de sahip \u00e7\u0131kmaya, gen\u00e7lerin de umutlar\u0131n\u0131 ya\u015fatmaya geliyoruz in\u015fallah.&#8221;<\/p>\n<p>Depremde Yaylakonak Beldesi&#8217;nde hayat\u0131n\u0131 kaybedenlerin foto\u011fraflar\u0131n\u0131n yer ald\u0131\u011f\u0131 sergiyi gezen \u00d6zel, ya\u015fam\u0131n\u0131 yitirenler i\u00e7in yap\u0131lan duaya e\u015flik etti.<\/p>\n","protected":false},"excerpt":{"rendered":"<p>CHP Genel Ba\u015fkan\u0131 \u00d6zg\u00fcr \u00d6zel, &#8220;T\u00fcrkiye&#8217;de yerinde d\u00f6n\u00fc\u015f\u00fcm\u00fcn, yani 10 il i\u00e7inde y\u00fczde 45&#8217;inin sadece Ad\u0131yaman&#8217;da yap\u0131lm\u0131\u015f olmas\u0131 muazzam bir i\u015ftir.<\/p>\n","protected":false},"author":1,"featured_media":56817,"comment_status":"open","ping_status":"open","sticky":false,"template":"","format":"standard","meta":{"footnotes":""},"categories":[12],"tags":[6943,1109,60,395],"class_list":["post-56816","post","type-post","status-publish","format-standard","has-post-thumbnail","hentry","category-siyaset","tag-adiyamanda","tag-buyuksehir-belediyesi","tag-deprem","tag-is"],"_links":{"self":[{"href":"https:\/\/bihavadis.com\/index.php\/wp-json\/wp\/v2\/posts\/56816","targetHints":{"allow":["GET"]}}],"collection":[{"href":"https:\/\/bihavadis.com\/index.php\/wp-json\/wp\/v2\/posts"}],"about":[{"href":"https:\/\/bihavadis.com\/index.php\/wp-json\/wp\/v2\/types\/post"}],"author":[{"embeddable":true,"href":"https:\/\/bihavadis.com\/index.php\/wp-json\/wp\/v2\/users\/1"}],"replies":[{"embeddable":true,"href":"https:\/\/bihavadis.com\/index.php\/wp-json\/wp\/v2\/comments?post=56816"}],"version-history":[{"count":1,"href":"https:\/\/bihavadis.com\/index.php\/wp-json\/wp\/v2\/posts\/56816\/revisions"}],"predecessor-version":[{"id":56818,"href":"https:\/\/bihavadis.com\/index.php\/wp-json\/wp\/v2\/posts\/56816\/revisions\/56818"}],"wp:featuredmedia":[{"embeddable":true,"href":"https:\/\/bihavadis.com\/index.php\/wp-json\/wp\/v2\/media\/56817"}],"wp:attachment":[{"href":"https:\/\/bihavadis.com\/index.php\/wp-json\/wp\/v2\/media?parent=56816"}],"wp:term":[{"taxonomy":"category","embeddable":true,"href":"https:\/\/bihavadis.com\/index.php\/wp-json\/wp\/v2\/categories?post=56816"},{"taxonomy":"post_tag","embeddable":true,"href":"https:\/\/bihavadis.com\/index.php\/wp-json\/wp\/v2\/tags?post=56816"}],"curies":[{"name":"wp","href":"https:\/\/api.w.org\/{rel}","templated":true}]}}