{"id":56869,"date":"2026-03-02T12:30:06","date_gmt":"2026-03-02T12:30:06","guid":{"rendered":"https:\/\/bihavadis.com\/?p=56869"},"modified":"2026-03-02T12:30:06","modified_gmt":"2026-03-02T12:30:06","slug":"fransa-disisleri-bakani-irakta","status":"publish","type":"post","link":"https:\/\/bihavadis.com\/index.php\/2026\/03\/02\/fransa-disisleri-bakani-irakta\/","title":{"rendered":"Fransa D\u0131\u015fi\u015fleri Bakan\u0131 Irak&#8217;ta"},"content":{"rendered":"<p> Fransa D\u0131\u015fi\u015fleri Bakan\u0131 Jean- Noel Barrot, resmi ziyaret kapsam\u0131nda geldi\u011fi Irak&#8217;ta D\u0131\u015fi\u015fleri Bakan\u0131 Fuat H\u00fcseyin bir araya gelerek, ortak bas\u0131n toplant\u0131s\u0131 d\u00fczenledi.<\/p>\n<p>Fransa D\u0131\u015fi\u015fleri Bakan\u0131 Jean-Noel Barrot, resmi ziyaret kapsam\u0131nda Irak&#8217;\u0131n ba\u015fkenti Ba\u011fdat&#8217;a geldi. Barrot, Irak D\u0131\u015fi\u015fleri Bakan\u0131 Fuat H\u00fcseyin bir araya gelerek, ortak bas\u0131n toplant\u0131s\u0131 d\u00fczenledi. Barrot, ortak bas\u0131n toplant\u0131s\u0131nda, Frans\u0131z askerlerinin Irak&#8217;ta g\u00fcvenlik g\u00fc\u00e7leriyle birlikte ter\u00f6rle m\u00fccadele etti\u011fini belirterek, &#8220;Irak&#8217;a ziyaretimin hedeflerinden biri ter\u00f6rle m\u00fccadeledir&#8221; dedi.<\/p>\n<p>Irakl\u0131 mevkida\u015f\u0131 ile yapt\u0131\u011f\u0131 g\u00f6r\u00fc\u015fmede Suriye&#8217;deki geli\u015fmeleri de ele ald\u0131klar\u0131n\u0131 aktaran Barrot, Suriye h\u00fck\u00fcmeti ile ter\u00f6r \u00f6rg\u00fct\u00fc PKK\/YPG&#8217;nin Suriye uzant\u0131s\u0131 Suriye Demokratik G\u00fc\u00e7leri (SDG) aras\u0131nda sa\u011flanan anla\u015fmay\u0131 de\u011ferlendirdiklerini ifade etti. Barrot, Suriye&#8217;de t\u00fcm halk\u0131 kapsayan bar\u0131\u015f\u00e7\u0131l ve kapsaml\u0131 bir ge\u00e7i\u015f s\u00fcrecine y\u00f6nelik Fransa&#8217;n\u0131n beklentilerinin devam etti\u011fini dile getirdi.<\/p>\n<p>Suriye&#8217;de tutuklu bulunan ter\u00f6r \u00f6rg\u00fct\u00fc DEA\u015e \u00fcyelerinin Irak&#8217;a sevk edilmesine de\u011finen Barrot, Fransa&#8217;n\u0131n bu s\u00fcre\u00e7te Irak&#8217;a destek vermeye haz\u0131r oldu\u011funu s\u00f6yledi.<\/p>\n<p>\u0130ran&#8217;a ili\u015fkin a\u00e7\u0131klamalarda da bulunan Barrot, Tahran y\u00f6netiminin kendi halk\u0131na y\u00f6nelik bask\u0131lar\u0131n\u0131 k\u0131nad\u0131klar\u0131n\u0131, b\u00f6lgedeki gerilimin azalt\u0131lmas\u0131 i\u00e7in \u0130ran&#8217;\u0131n n\u00fckleer dosya ve balistik f\u00fcze program\u0131 konusunda m\u00fczakere yoluna gitmesi ve tavizler vermesi gerekti\u011fini ifade etti. &#8211; BA\u011eDAT<\/p>\n","protected":false},"excerpt":{"rendered":"<p>Fransa D\u0131\u015fi\u015fleri Bakan\u0131 Barrot, Irak&#8217;ta ter\u00f6rle m\u00fccadele ve Suriye&#8217;deki durum hakk\u0131nda g\u00f6r\u00fc\u015ft\u00fc.<\/p>\n","protected":false},"author":1,"featured_media":56870,"comment_status":"open","ping_status":"open","sticky":false,"template":"","format":"standard","meta":{"footnotes":""},"categories":[12],"tags":[6892,1317,361],"class_list":["post-56869","post","type-post","status-publish","format-standard","has-post-thumbnail","hentry","category-siyaset","tag-barrot","tag-irak","tag-suriye"],"_links":{"self":[{"href":"https:\/\/bihavadis.com\/index.php\/wp-json\/wp\/v2\/posts\/56869","targetHints":{"allow":["GET"]}}],"collection":[{"href":"https:\/\/bihavadis.com\/index.php\/wp-json\/wp\/v2\/posts"}],"about":[{"href":"https:\/\/bihavadis.com\/index.php\/wp-json\/wp\/v2\/types\/post"}],"author":[{"embeddable":true,"href":"https:\/\/bihavadis.com\/index.php\/wp-json\/wp\/v2\/users\/1"}],"replies":[{"embeddable":true,"href":"https:\/\/bihavadis.com\/index.php\/wp-json\/wp\/v2\/comments?post=56869"}],"version-history":[{"count":1,"href":"https:\/\/bihavadis.com\/index.php\/wp-json\/wp\/v2\/posts\/56869\/revisions"}],"predecessor-version":[{"id":56871,"href":"https:\/\/bihavadis.com\/index.php\/wp-json\/wp\/v2\/posts\/56869\/revisions\/56871"}],"wp:featuredmedia":[{"embeddable":true,"href":"https:\/\/bihavadis.com\/index.php\/wp-json\/wp\/v2\/media\/56870"}],"wp:attachment":[{"href":"https:\/\/bihavadis.com\/index.php\/wp-json\/wp\/v2\/media?parent=56869"}],"wp:term":[{"taxonomy":"category","embeddable":true,"href":"https:\/\/bihavadis.com\/index.php\/wp-json\/wp\/v2\/categories?post=56869"},{"taxonomy":"post_tag","embeddable":true,"href":"https:\/\/bihavadis.com\/index.php\/wp-json\/wp\/v2\/tags?post=56869"}],"curies":[{"name":"wp","href":"https:\/\/api.w.org\/{rel}","templated":true}]}}