{"id":56894,"date":"2026-03-02T12:42:06","date_gmt":"2026-03-02T12:42:06","guid":{"rendered":"https:\/\/bihavadis.com\/?p=56894"},"modified":"2026-03-02T12:42:06","modified_gmt":"2026-03-02T12:42:06","slug":"ulastirma-ve-altyapi-bakani-uraloglu-deprem-sehitliginde-dua-etti-ve-projeleri-tanitti","status":"publish","type":"post","link":"https:\/\/bihavadis.com\/index.php\/2026\/03\/02\/ulastirma-ve-altyapi-bakani-uraloglu-deprem-sehitliginde-dua-etti-ve-projeleri-tanitti\/","title":{"rendered":"Ula\u015ft\u0131rma ve Altyap\u0131 Bakan\u0131 Uralo\u011flu, Deprem \u015eehitli\u011finde Dua Etti ve Projeleri Tan\u0131tt\u0131"},"content":{"rendered":"<p>\n<p>AK PART\u0130 \u0130L TE\u015eK\u0130LATINDA KONU\u015eTU<\/p>\n<p> Ula\u015ft\u0131rma ve Altyap\u0131 Bakan\u0131 Abdulkadir Uralo\u011flu, Malatya \u015eehir Mezarl\u0131\u011f\u0131nda olu\u015fturulan Deprem \u015eehitli\u011fin giderek, depremde hayat\u0131n\u0131 kaybedenler i\u00e7in dua etti. Ard\u0131ndan deprem \u015fehitleri i\u00e7in Kernek Karag\u00f6zl\u00fcler Camisinde okunan Mevlid-i \u015eerif program\u0131na kat\u0131lan Bakan Uralo\u011flu, Valilik ve B\u00fcy\u00fck\u015fehir Belediyesini ziyaret etti. Bakan Uralo\u011flu&#8217;na B\u00fcy\u00fck\u015fehir Belediye Ba\u015fkan\u0131 Sami Er taraf\u0131ndan &#8216;Fahri Hem\u015fehrilik Berat\u0131&#8217; takdim edildi. Ziyaretlerin ard\u0131ndan AK Parti Malatya \u0130l Ba\u015fkanl\u0131\u011f\u0131na ge\u00e7en Ula\u015ft\u0131rma ve Altyap\u0131 Bakan\u0131 Abdulkadir Uralo\u011flu, parti te\u015fkilat\u0131 ile bir araya gelerek \u015funlar\u0131 s\u00f6yledi: <\/p>\n<p>&#8220;50 binin \u00fczerinde insan\u0131m\u0131z hakka kavu\u015ftu. 11 ilimizi etkileyen bir depremde 2,5 y\u0131lda 455 bin konut yap\u0131ld\u0131. D\u00fcnyada en zengin, en dirayetli \u00fclkenin yapabilece\u011fi bir \u015fey de\u011fildir bu. \u00d6nce bir liderlik i\u015fidir. Biz 1 Nisan itibar\u0131yla 5G&#8217;yi T\u00fcrkiye genelinde kapsamas\u0131 ba\u015flam\u0131\u015f olacak. B\u00fct\u00fcn yerle\u015fimleri de 2 y\u0131l i\u00e7erisinde kapsayaca\u011f\u0131z. Yani esas\u0131nda biz 2 y\u0131l i\u00e7erisinde zaten bir problemimiz kalmayacak ama o zamana kadar da gene yapmam\u0131z gerekenleri peyderpey yapaca\u011f\u0131z. Yine Telekom&#8217;un imtiyaz hakk\u0131n\u0131 uzatt\u0131k ve 3 milyar dolar hazineye bir para aktard\u0131k. 17 milyar dolar da yat\u0131r\u0131m \u015fart\u0131 koyduk. Dolay\u0131s\u0131yla bu internet problemlerini de in\u015fallah o kapsamda biz \u00e7\u00f6zm\u00fc\u015f olaca\u011f\u0131z. T\u00fcrkiye&#8217;de olsun d\u00fcnyada olsun bak\u0131n bir g\u00fcndem eksikli\u011fi \u00e7ekilmiyor. Ne demek bu? Her g\u00fcn neredeyse yeni bir olayla kar\u015f\u0131la\u015f\u0131yoruz. Burada siz liderseniz ve sahada g\u00fc\u00e7l\u00fcyseniz masada g\u00fc\u00e7l\u00fc olursunuz. Bunu da d\u00fcnyada yapabilen birka\u00e7 liderden bir tanesidir Say\u0131n Cumhurba\u015fkan\u0131m\u0131z. Allah ondan raz\u0131 olsun. Yani bug\u00fcn Suriye&#8217;deki bu geli\u015fmeler kendi kendine mi oldu? Burada bir devlet akl\u0131 var. Bir sab\u0131r var. ve yani al\u0131nan bir sonu\u00e7 var. Bak\u0131n bug\u00fcn yine Gazze konusu, istedi\u011fimizi elde ettik mi? Hen\u00fcz de\u011fil. Ama en az\u0131ndan yani silahlar sustu. M\u00fcstakil olaylar var. Onlar\u0131 da \u015fiddetle kar\u015f\u0131 \u00e7\u0131k\u0131yoruz. Orada Cumhurba\u015fkan\u0131m\u0131z\u0131n \u00e7ok b\u00fcy\u00fck katk\u0131s\u0131 var. Yine Azerbaycan&#8217;da bak\u0131n, yine Libya&#8217;da. Yani gidin Ukrayna, Rusya&#8217;da iki \u00fclkeyle g\u00f6r\u00fc\u015febilen ve s\u00f6z\u00fc dinlenen tek lider ger\u00e7ekten. 2026 y\u0131l\u0131na girdik, bir ay\u0131 gitti de\u011fil mi? Bak\u0131n \u015fubat ay\u0131n\u0131n da 5 g\u00fcn\u00fc gitti. Yani ba\u015flayan takvim bir anda bitiyor. Se\u00e7ime ne kadar kald\u0131? Yani 2027&#8217;nin sonu mu olur? 2028 mi olur? Biz 2028 diyelim. \u015eu anda resmi olarak \u00f6yle g\u00f6r\u00fcn\u00fcyor. Say\u0131l\u0131 g\u00fcn kolay biter de\u011ferli karde\u015flerim. Yani 2 y\u0131l gibi bir vaktimiz kald\u0131. Herkese ula\u015fmaya gayret edelim. Herkese dokunmaya gayret edece\u011fiz ve yar\u0131n se\u00e7im olacakm\u0131\u015f gibi yolumuza devam edece\u011fiz. Allah&#8217;\u0131n izniyle biz bu \u00fclkeyi daha iyi yerlere \u00e7\u0131karmak i\u00e7in gayret edece\u011fiz. Baz\u0131 muhalefet partilerin ald\u0131\u011f\u0131 belediyelerde neler yapt\u0131klar\u0131n\u0131 g\u00f6r\u00fcyorsunuz. Bunlar \u015fimdi \u00fclkenin y\u00f6netimine talipler. Yani Allah muhafaza ya. Allah muhafaza yani bunlar\u0131n \u00fclkenin y\u00f6netimine geldiklerini d\u00fc\u015f\u00fcn\u00fcn. Onun i\u00e7in biz gayret edece\u011fiz. Bizim g\u00f6revimiz sefere \u00e7\u0131kmakt\u0131r. Zafer Allahutaala&#8217;n\u0131nd\u0131r.&#8221;<\/p>\n<p>KUZEY \u00c7EVRE YOLU \u015eANT\u0130YES\u0130NDE A\u00c7IKLAMALARDA BULUNDU <\/p>\n<p>AK Parti \u0130l Ba\u015fkanl\u0131\u011f\u0131 ziyaretinin ard\u0131ndan Malatya Kuzey \u00c7evre Yolu \u015fantiyesine ge\u00e7erek incelemelerde bulunan Bakan Uralo\u011flu, \u00e7evre yolunun tamam\u0131n\u0131n hizmete al\u0131nmas\u0131 ile trafi\u011fin pik saatlerinde 50 dakikaya \u00e7\u0131kan mevcut \u015fehir ge\u00e7i\u015finin 25 dakikaya d\u00fc\u015fece\u011fini belirtti. Uralo\u011flu, &#8220;Zamandan 623 milyon lira, akaryak\u0131ttan 409 milyon lira olmak \u00fczere y\u0131ll\u0131k toplam 1 milyar 32 milyon lira tasarruf edece\u011fiz. \u00c7evreye zarar veren ara\u00e7lar\u0131n karbon emisyonunu da 19 bin ton azaltarak do\u011fan\u0131n korunmas\u0131na katk\u0131 sa\u011flayaca\u011f\u0131z.&#8221; diye konu\u015ftu. <\/p>\n<p>Recep BA\u011eDAT\/ MALATYA, <\/p>\n","protected":false},"excerpt":{"rendered":"<p>Ula\u015ft\u0131rma ve Altyap\u0131 Bakan\u0131 Abdulkadir Uralo\u011flu, Malatya&#8217;da depremde hayat\u0131n\u0131 kaybedenler i\u00e7in dua etti ve \u00e7e\u015fitli ziyaretlerde bulundu. Bakan, 11 ildeki deprem sonras\u0131 455 bin konut yap\u0131ld\u0131\u011f\u0131n\u0131 belirtti. Ayr\u0131ca, 5G&#8217;nin T\u00fcrkiye genelinde kapsama alan\u0131na girece\u011fini ve Kuzey \u00c7evre Yolunun tamamlanmas\u0131yla trafikte \u00f6nemli tasarruf yap\u0131laca\u011f\u0131n\u0131 a\u00e7\u0131klad\u0131.<\/p>\n","protected":false},"author":1,"featured_media":56895,"comment_status":"open","ping_status":"open","sticky":false,"template":"","format":"standard","meta":{"footnotes":""},"categories":[8],"tags":[5603,436,6946,267,211],"class_list":["post-56894","post","type-post","status-publish","format-standard","has-post-thumbnail","hentry","category-ekonomi","tag-allah","tag-bakan","tag-edecegiz","tag-uraloglu","tag-var"],"_links":{"self":[{"href":"https:\/\/bihavadis.com\/index.php\/wp-json\/wp\/v2\/posts\/56894","targetHints":{"allow":["GET"]}}],"collection":[{"href":"https:\/\/bihavadis.com\/index.php\/wp-json\/wp\/v2\/posts"}],"about":[{"href":"https:\/\/bihavadis.com\/index.php\/wp-json\/wp\/v2\/types\/post"}],"author":[{"embeddable":true,"href":"https:\/\/bihavadis.com\/index.php\/wp-json\/wp\/v2\/users\/1"}],"replies":[{"embeddable":true,"href":"https:\/\/bihavadis.com\/index.php\/wp-json\/wp\/v2\/comments?post=56894"}],"version-history":[{"count":1,"href":"https:\/\/bihavadis.com\/index.php\/wp-json\/wp\/v2\/posts\/56894\/revisions"}],"predecessor-version":[{"id":56896,"href":"https:\/\/bihavadis.com\/index.php\/wp-json\/wp\/v2\/posts\/56894\/revisions\/56896"}],"wp:featuredmedia":[{"embeddable":true,"href":"https:\/\/bihavadis.com\/index.php\/wp-json\/wp\/v2\/media\/56895"}],"wp:attachment":[{"href":"https:\/\/bihavadis.com\/index.php\/wp-json\/wp\/v2\/media?parent=56894"}],"wp:term":[{"taxonomy":"category","embeddable":true,"href":"https:\/\/bihavadis.com\/index.php\/wp-json\/wp\/v2\/categories?post=56894"},{"taxonomy":"post_tag","embeddable":true,"href":"https:\/\/bihavadis.com\/index.php\/wp-json\/wp\/v2\/tags?post=56894"}],"curies":[{"name":"wp","href":"https:\/\/api.w.org\/{rel}","templated":true}]}}