{"id":56945,"date":"2026-03-02T13:15:11","date_gmt":"2026-03-02T13:15:11","guid":{"rendered":"https:\/\/bihavadis.com\/?p=56945"},"modified":"2026-03-02T13:15:11","modified_gmt":"2026-03-02T13:15:11","slug":"hanau-saldirisinin-6-yilinda-turk-ailelerden-tepki-19-subati-silemezsiniz","status":"publish","type":"post","link":"https:\/\/bihavadis.com\/index.php\/2026\/03\/02\/hanau-saldirisinin-6-yilinda-turk-ailelerden-tepki-19-subati-silemezsiniz\/","title":{"rendered":"Hanau sald\u0131r\u0131s\u0131n\u0131n 6. y\u0131l\u0131nda T\u00fcrk ailelerden tepki: 19 \u015eubat\u2019\u0131 silemezsiniz"},"content":{"rendered":"<p>Almanya\u2019n\u0131n Hanau kentinde 19 \u015eubat 2020\u2019de d\u00fczenlenen \u0131rk\u00e7\u0131 ter\u00f6r sald\u0131r\u0131s\u0131nda hayat\u0131n\u0131 kaybeden 9 ki\u015fiden T\u00fcrk k\u00f6kenli Sedat G\u00fcrb\u00fcz\u2019\u00fcn annesi Emi\u015f G\u00fcrb\u00fcz, katliam\u0131n alt\u0131nc\u0131 y\u0131l\u0131nda adalet aray\u0131\u015flar\u0131n\u0131n s\u00fcrd\u00fc\u011f\u00fcn\u00fc belirterek yetkililere tepki g\u00f6sterdi.<\/p>\n<p>Sald\u0131r\u0131n\u0131n ger\u00e7ekle\u015ftirildi\u011fi noktada a\u00e7\u0131klamalarda bulunan ac\u0131l\u0131 anne, Hanau Belediyesinin bu y\u0131l konu\u015fmalar\u0131n yap\u0131lmad\u0131\u011f\u0131 \u201csessiz anma\u201d program\u0131 d\u00fczenlemesini ele\u015ftirdi. G\u00fcrb\u00fcz, 19 \u015eubat\u2019\u0131n unutturulmak istendi\u011fini savunarak, \u201cNe yaparlarsa yaps\u0131nlar, ben Sedat\u2019\u0131n annesi olarak buna izin vermeyece\u011fim. Herkes sussa da ben sesimi duyuraca\u011f\u0131m\u201d dedi.<\/p>\n<p><img decoding=\"async\" src=\"https:\/\/bihavadis.com\/wp-content\/uploads\/2026\/03\/hanau-saldirisinin-6-yilinda-turk-ailelerden-tepki-19-subati-silemezsiniz-0-9HN4B7e1.jpg\"\/><\/p>\n<p><strong>&#8220;ADALET YOK&#8221; VURGUSU<\/strong><\/p>\n<p>G\u00fcrb\u00fcz, Alman makamlar\u0131n\u0131n olay\u0131n t\u00fcm y\u00f6nleriyle ayd\u0131nlat\u0131lmad\u0131\u011f\u0131n\u0131 ileri s\u00fcrerek, ailelerin 6 y\u0131ld\u0131r adalet i\u00e7in m\u00fccadele etti\u011fini s\u00f6yledi.<\/p>\n<p>Evlad\u0131n\u0131 kaybetmenin ac\u0131s\u0131n\u0131n dinmedi\u011fini dile getiren G\u00fcrb\u00fcz, \u0131rk\u00e7\u0131l\u0131\u011f\u0131n son bulmas\u0131 gerekti\u011fini belirterek, <em><b>\u201cKimse evlad\u0131n\u0131 bu \u015fekilde kaybetmesin. Kin ve nefret bitsin\u201d <\/b><\/em>ifadelerini kulland\u0131.<\/p>\n<p><img decoding=\"async\" src=\"https:\/\/bihavadis.com\/wp-content\/uploads\/2026\/03\/hanau-saldirisinin-6-yilinda-turk-ailelerden-tepki-19-subati-silemezsiniz-1-WJI4gHjl.jpg\"\/><\/p>\n<p><strong>ANMA T\u00d6RENLER\u0130N\u0130N &#8220;SESS\u0130ZLE\u015eT\u0130R\u0130LMES\u0130&#8221; ELE\u015eT\u0130R\u0130S\u0130<\/strong><\/p>\n<p>Sald\u0131r\u0131da ya\u015fam\u0131n\u0131 yitiren 37 ya\u015f\u0131ndaki G\u00f6khan G\u00fcltekin\u2019in a\u011fabeyi \u00c7etin G\u00fcltekin de aradan ge\u00e7en y\u0131llara ra\u011fmen ac\u0131lar\u0131n\u0131n ilk g\u00fcnk\u00fc gibi taze oldu\u011funu s\u00f6yledi.<\/p>\n<p>Olay sonras\u0131nda ortaya \u00e7\u0131kan baz\u0131 ihmallere dikkat \u00e7eken G\u00fcltekin, acil \u00e7a\u011fr\u0131 hatt\u0131n\u0131n \u00e7al\u0131\u015fmad\u0131\u011f\u0131, sald\u0131r\u0131n\u0131n ger\u00e7ekle\u015fti\u011fi mek\u00e2nda acil \u00e7\u0131k\u0131\u015f kap\u0131s\u0131n\u0131n kilitli oldu\u011fu ve g\u00fcvenlik birimlerine y\u00f6nelik iddialar\u0131n kamuoyuna yans\u0131d\u0131\u011f\u0131n\u0131 hat\u0131rlatt\u0131. Yetkililerin eksikleri kabul etti\u011fini ancak adaletin sa\u011flanmad\u0131\u011f\u0131n\u0131 savundu.<\/p>\n<p>Anma programlar\u0131n\u0131n sessizle\u015ftirilmesini ve kat\u0131l\u0131m\u0131n azalmas\u0131n\u0131 ele\u015ftiren G\u00fcltekin, \u015funlar\u0131 s\u00f6yledi:<\/p>\n<p>Benim karde\u015fim bir taneydi. Alt\u0131 y\u0131ld\u0131r her g\u00fcn bu m\u00fccadeleyi veriyorum. Bunu sadece kendi karde\u015fim i\u00e7in de\u011fil, herkesin \u00e7ocuklar\u0131 i\u00e7in yap\u0131yorum. Yaln\u0131z b\u0131rak\u0131lmak bize dokunuyor.<\/p>\n<p>G\u00fcltekin ayr\u0131ca, sald\u0131rgan\u0131n babas\u0131n\u0131n b\u00f6lgede ya\u015famaya devam etti\u011fini ve ma\u011fdur aileler a\u00e7\u0131s\u0131ndan bunun rahats\u0131zl\u0131k yaratt\u0131\u011f\u0131n\u0131 ifade ederek, yetkililerden bu konuda ad\u0131m at\u0131lmas\u0131n\u0131 talep etti.<\/p>\n<p><img decoding=\"async\" src=\"https:\/\/bihavadis.com\/wp-content\/uploads\/2026\/03\/hanau-saldirisinin-6-yilinda-turk-ailelerden-tepki-19-subati-silemezsiniz-2-mDhzQU3b.jpg\"\/><\/p>\n<p><strong>19 \u015eUBAT 2020&#8217;DEK\u0130 HANAU KATL\u0130AMI<\/strong><\/p>\n<p>Hanau\u2019da 19 \u015eubat 2020\u2019de a\u015f\u0131r\u0131 sa\u011fc\u0131 Tobias Rathjen taraf\u0131ndan \u015fehir merkezindeki iki kafeye d\u00fczenlenen silahl\u0131 sald\u0131r\u0131da aralar\u0131nda 4 T\u00fcrk\u2019\u00fcn de bulundu\u011fu 9 ki\u015fi hayat\u0131n\u0131 kaybetmi\u015fti.<\/p>\n<p>Sald\u0131r\u0131n\u0131n ard\u0131ndan d\u00fczenlenen operasyonda Rathjen ile annesi evlerinde \u00f6l\u00fc bulunmu\u015ftu. Olay, Almanya\u2019da \u0131rk\u00e7\u0131l\u0131k ve a\u015f\u0131r\u0131 sa\u011f tehdidine ili\u015fkin geni\u015f \u00e7apl\u0131 tart\u0131\u015fmalara yol a\u00e7m\u0131\u015ft\u0131.<\/p>\n<p>D\u00f6nemin Almanya Ba\u015fbakan\u0131 Angela Merkel, sald\u0131r\u0131n\u0131n ard\u0131ndan yapt\u0131\u011f\u0131 a\u00e7\u0131klamada, <b><em>\u201cIrk\u00e7\u0131l\u0131k zehirdir, nefret de zehirdir ve bu zehir toplumumuzda vard\u0131r.\u201d<\/em><\/b> ifadelerini kullanm\u0131\u015ft\u0131.<\/p>\n<p>Federal Savc\u0131l\u0131k ise Aral\u0131k 2021\u2019de, sald\u0131r\u0131yla ilgili ba\u015fka ki\u015filerin su\u00e7 ortakl\u0131\u011f\u0131na dair yeterli delil bulunamad\u0131\u011f\u0131 gerek\u00e7esiyle soru\u015fturmada takipsizlik karar\u0131 verildi\u011fini duyurmu\u015ftu.<\/p>\n<p>Alt\u0131nc\u0131 y\u0131l\u0131nda da Hanau\u2019daki \u0131rk\u00e7\u0131 ter\u00f6r sald\u0131r\u0131s\u0131, ma\u011fdur ailelerin adalet talebi ve \u0131rk\u00e7\u0131l\u0131kla m\u00fccadele \u00e7a\u011fr\u0131lar\u0131yla g\u00fcndemdeki yerini koruyor.<\/p>\n<p><img decoding=\"async\" src=\"https:\/\/bihavadis.com\/wp-content\/uploads\/2026\/03\/hanau-saldirisinin-6-yilinda-turk-ailelerden-tepki-19-subati-silemezsiniz-3-TlggMcep.jpg\"\/><\/p>\n<p><img decoding=\"async\" src=\"https:\/\/bihavadis.com\/wp-content\/uploads\/2026\/03\/hanau-saldirisinin-6-yilinda-turk-ailelerden-tepki-19-subati-silemezsiniz-4-htrdYyfb.jpg\"\/> <\/p>\n<div> <span><strong>Kaynak:<\/strong> Anadolu Ajans\u0131 (AA)<\/span> <\/div>\n","protected":false},"excerpt":{"rendered":"<p>Almanya\u2019n\u0131n Hanau kentinde 19 \u015eubat 2020\u2019de d\u00fczenlenen \u0131rk\u00e7\u0131 ter\u00f6r sald\u0131r\u0131s\u0131nda hayat\u0131n\u0131 kaybeden 9 ki\u015fiden T\u00fcrk k\u00f6kenli Sedat G\u00fcrb\u00fcz\u2019\u00fcn annesi Emi\u015f G\u00fcrb\u00fcz, katliam\u0131n alt\u0131nc\u0131 y\u0131l\u0131nda adalet aray\u0131\u015flar\u0131n\u0131n s\u00fcrd\u00fc\u011f\u00fcn\u00fc belirterek yetkililere tepki &#8230;<\/p>\n","protected":false},"author":1,"featured_media":56946,"comment_status":"open","ping_status":"open","sticky":false,"template":"","format":"standard","meta":{"footnotes":""},"categories":[6],"tags":[3234,5647,6948,6613],"class_list":["post-56945","post","type-post","status-publish","format-standard","has-post-thumbnail","hentry","category-dunya","tag-adalet","tag-gultekin","tag-hanau","tag-irkci"],"_links":{"self":[{"href":"https:\/\/bihavadis.com\/index.php\/wp-json\/wp\/v2\/posts\/56945","targetHints":{"allow":["GET"]}}],"collection":[{"href":"https:\/\/bihavadis.com\/index.php\/wp-json\/wp\/v2\/posts"}],"about":[{"href":"https:\/\/bihavadis.com\/index.php\/wp-json\/wp\/v2\/types\/post"}],"author":[{"embeddable":true,"href":"https:\/\/bihavadis.com\/index.php\/wp-json\/wp\/v2\/users\/1"}],"replies":[{"embeddable":true,"href":"https:\/\/bihavadis.com\/index.php\/wp-json\/wp\/v2\/comments?post=56945"}],"version-history":[{"count":1,"href":"https:\/\/bihavadis.com\/index.php\/wp-json\/wp\/v2\/posts\/56945\/revisions"}],"predecessor-version":[{"id":56952,"href":"https:\/\/bihavadis.com\/index.php\/wp-json\/wp\/v2\/posts\/56945\/revisions\/56952"}],"wp:featuredmedia":[{"embeddable":true,"href":"https:\/\/bihavadis.com\/index.php\/wp-json\/wp\/v2\/media\/56946"}],"wp:attachment":[{"href":"https:\/\/bihavadis.com\/index.php\/wp-json\/wp\/v2\/media?parent=56945"}],"wp:term":[{"taxonomy":"category","embeddable":true,"href":"https:\/\/bihavadis.com\/index.php\/wp-json\/wp\/v2\/categories?post=56945"},{"taxonomy":"post_tag","embeddable":true,"href":"https:\/\/bihavadis.com\/index.php\/wp-json\/wp\/v2\/tags?post=56945"}],"curies":[{"name":"wp","href":"https:\/\/api.w.org\/{rel}","templated":true}]}}