{"id":56958,"date":"2026-03-02T13:21:09","date_gmt":"2026-03-02T13:21:09","guid":{"rendered":"https:\/\/bihavadis.com\/?p=56958"},"modified":"2026-03-02T13:21:09","modified_gmt":"2026-03-02T13:21:09","slug":"bingolde-2-metreyi-asan-karla-mucadele-devam-ediyor","status":"publish","type":"post","link":"https:\/\/bihavadis.com\/index.php\/2026\/03\/02\/bingolde-2-metreyi-asan-karla-mucadele-devam-ediyor\/","title":{"rendered":"Bing\u00f6l&#8217;de 2 metreyi a\u015fan karla m\u00fccadele devam ediyor"},"content":{"rendered":"<p>Bing\u00f6l&#8217;\u00fcn Karl\u0131ova il\u00e7esi beyaza b\u00fcr\u00fcnd\u00fc.<\/p>\n<p>\u0130l\u00e7ede etkili olan yo\u011fun kar ya\u011f\u0131\u015f\u0131 sonras\u0131 k\u0131rsal b\u00f6lgelerde kar kal\u0131nl\u0131\u011f\u0131 yer yer 2 metrenin \u00fczerine \u00e7\u0131kt\u0131.<\/p>\n<p>Karl\u0131ova il\u00e7esine ba\u011fl\u0131 Hasanova K\u00f6y\u00fc Burmata\u015f mezras\u0131nda da ula\u015f\u0131m\u0131n aksamamas\u0131 ve vatanda\u015flar\u0131n ma\u011fduriyet ya\u015famamas\u0131 i\u00e7in ekipler i\u015f makineleriyle aral\u0131ks\u0131z mesai yap\u0131yor.<\/p>\n<p><strong>YOLLARIN EN KISA S\u00dcREDE ULA\u015eIMA A\u00c7ILMASI HEDEFLEN\u0130YOR<\/strong><\/p>\n<p>Zorlu hava \u015fartlar\u0131na ra\u011fmen s\u00fcrd\u00fcr\u00fclen \u00e7al\u0131\u015fmalar kapsam\u0131nda kapanan mezra yollar\u0131n\u0131n en k\u0131sa s\u00fcrede tamamen ula\u015f\u0131ma a\u00e7\u0131lmas\u0131 hedefleniyor.<\/p>\n<p>Yetkililer, karla m\u00fccadele \u00e7al\u0131\u015fmalar\u0131n\u0131n il genelinde devam etti\u011fini bildirdi.<\/p>\n<p><img decoding=\"async\" src=\"https:\/\/bihavadis.com\/wp-content\/uploads\/2026\/03\/bingolde-2-metreyi-asan-karla-mucadele-devam-ediyor-0-FVxsT2xJ.jpg\"\/> <\/p>\n<div> <span><strong>Kaynak:<\/strong> \u0130hlas Haber Ajans\u0131 (\u0130HA)<\/span> <\/div>\n","protected":false},"excerpt":{"rendered":"<p>Bing\u00f6l&#8217;\u00fcn Karl\u0131ova il\u00e7esi beyaza b\u00fcr\u00fcnd\u00fc. \u0130l\u00e7ede etkili olan yo\u011fun kar ya\u011f\u0131\u015f\u0131 sonras\u0131 k\u0131rsal b\u00f6lgelerde kar kal\u0131nl\u0131\u011f\u0131 yer yer 2 metrenin \u00fczerine \u00e7\u0131kt\u0131. Karl\u0131ova il\u00e7esine ba\u011fl\u0131 Hasanova K\u00f6y\u00fc Burmata\u015f mezras\u0131nda da ula\u015f\u0131m\u0131n aksamamas\u0131 ve vatanda\u015flar\u0131n &#8230;<\/p>\n","protected":false},"author":1,"featured_media":56959,"comment_status":"open","ping_status":"open","sticky":false,"template":"","format":"standard","meta":{"footnotes":""},"categories":[4,13],"tags":[297],"class_list":["post-56958","post","type-post","status-publish","format-standard","has-post-thumbnail","hentry","category-gundem","category-son-dakika","tag-kar"],"_links":{"self":[{"href":"https:\/\/bihavadis.com\/index.php\/wp-json\/wp\/v2\/posts\/56958","targetHints":{"allow":["GET"]}}],"collection":[{"href":"https:\/\/bihavadis.com\/index.php\/wp-json\/wp\/v2\/posts"}],"about":[{"href":"https:\/\/bihavadis.com\/index.php\/wp-json\/wp\/v2\/types\/post"}],"author":[{"embeddable":true,"href":"https:\/\/bihavadis.com\/index.php\/wp-json\/wp\/v2\/users\/1"}],"replies":[{"embeddable":true,"href":"https:\/\/bihavadis.com\/index.php\/wp-json\/wp\/v2\/comments?post=56958"}],"version-history":[{"count":1,"href":"https:\/\/bihavadis.com\/index.php\/wp-json\/wp\/v2\/posts\/56958\/revisions"}],"predecessor-version":[{"id":56961,"href":"https:\/\/bihavadis.com\/index.php\/wp-json\/wp\/v2\/posts\/56958\/revisions\/56961"}],"wp:featuredmedia":[{"embeddable":true,"href":"https:\/\/bihavadis.com\/index.php\/wp-json\/wp\/v2\/media\/56959"}],"wp:attachment":[{"href":"https:\/\/bihavadis.com\/index.php\/wp-json\/wp\/v2\/media?parent=56958"}],"wp:term":[{"taxonomy":"category","embeddable":true,"href":"https:\/\/bihavadis.com\/index.php\/wp-json\/wp\/v2\/categories?post=56958"},{"taxonomy":"post_tag","embeddable":true,"href":"https:\/\/bihavadis.com\/index.php\/wp-json\/wp\/v2\/tags?post=56958"}],"curies":[{"name":"wp","href":"https:\/\/api.w.org\/{rel}","templated":true}]}}