{"id":56997,"date":"2026-03-02T13:51:06","date_gmt":"2026-03-02T13:51:06","guid":{"rendered":"https:\/\/bihavadis.com\/?p=56997"},"modified":"2026-03-02T13:51:06","modified_gmt":"2026-03-02T13:51:06","slug":"tbmm-kahramanmaras-depremlerini-gundeme-aldi","status":"publish","type":"post","link":"https:\/\/bihavadis.com\/index.php\/2026\/03\/02\/tbmm-kahramanmaras-depremlerini-gundeme-aldi\/","title":{"rendered":"TBMM, Kahramanmara\u015f Depremlerini G\u00fcndeme Ald\u0131"},"content":{"rendered":"<p>\n<p>T\u00dcRK\u0130YE B\u00fcy\u00fck Millet Meclisi (TBMM) Genel Kurulu, 6 \u015eubat Kahramanmara\u015f depremlerinin 3&#8217;\u00fcnc\u00fc y\u0131l d\u00f6n\u00fcm\u00fc \u00f6zel g\u00fcndemi ile topland\u0131.<\/p>\n<p>TBMM Genel Kurulu, 6 \u015eubat Kahramanmara\u015f depremlerinin 3&#8217;\u00fcnc\u00fc y\u0131l d\u00f6n\u00fcm\u00fc dolay\u0131s\u0131yla \u00f6zel g\u00fcndemiyle Meclis Ba\u015fkanvekili Tekin Bing\u00f6l ba\u015fkanl\u0131\u011f\u0131nda topland\u0131. MHP grubu ad\u0131na s\u00f6z alan Adana Milletvekili Ay\u015fe Sibel Ersoy, Kahramanmara\u015f depremlerinin ekonomik, sosyal ve k\u00fclt\u00fcrel alanlarda ciddi hasarlar b\u0131rakt\u0131\u011f\u0131n\u0131 belirtti ve yeni afetlere kar\u015f\u0131 tedbir al\u0131nmas\u0131 gerekti\u011fini s\u00f6yledi. Ersoy, &#8220;Afetlere haz\u0131rl\u0131k toplumsal bilin\u00e7le ba\u015flar. Afet bilinci k\u00fc\u00e7\u00fck ya\u015flardan itibaren e\u011fitim sistemimize entegre edilmelidir, okullar\u0131m\u0131zda afet e\u011fitimleri yayg\u0131nla\u015ft\u0131r\u0131lmal\u0131, \u00f6\u011frenciler acil durum senaryolar\u0131na haz\u0131rl\u0131kl\u0131 hale getirilmelidir. Vatanda\u015flar\u0131m\u0131z\u0131n bireysel afet planlar\u0131 olu\u015fturmas\u0131 te\u015fvik edilmelidir. Ailelerin acil durum \u00e7antalar\u0131 haz\u0131rlamas\u0131, toplanma alanlar\u0131n\u0131 bilmesi ve afet an\u0131ndaki do\u011fru davran\u0131\u015flar\u0131 \u00f6\u011frenmesi can kay\u0131plar\u0131n\u0131 \u00f6nemli \u00f6l\u00e7\u00fcde azaltacakt\u0131r. Teknolojik geli\u015fmeler afet y\u00f6netiminde \u00f6nemli f\u0131rsatlar sunmaktad\u0131r. Erken uyar\u0131 sistemleri, yap\u0131 sa\u011fl\u0131\u011f\u0131 izleme teknolojileri ve afet bilgi sistemleri risklerin \u00f6nceden tespit edilmesini sa\u011flamaktad\u0131r. Bu sistemlerin yayg\u0131nla\u015ft\u0131r\u0131lmas\u0131 afetlere m\u00fcdahale s\u00fcrecini h\u0131zland\u0131racakt\u0131r. Afet y\u00f6netiminde veri temelli karar alma s\u00fcre\u00e7leri geli\u015ftirilmelidir. B\u00fcy\u00fck veri analizi, yapay zeka ve co\u011frafi bilgi sistemleri afet risklerinin do\u011fru \u015fekilde analiz edilmesini sa\u011flayacakt\u0131r&#8221; ifadelerini kulland\u0131. <\/p>\n<p>&#8216;6 \u015eUBATTA KAR\u015eILA\u015eTI\u011eIMIZ TABLO \u0130KT\u0130DARIN \u0130HMALLER\u0130N\u0130N B\u0130R NET\u0130CES\u0130D\u0130R&#8217;<\/p>\n<p>\u0130Y\u0130 Parti grubu ad\u0131na s\u00f6z alan Bal\u0131kesir Milletvekili Burak Dalg\u0131n ise 6 \u015eubat depremlerinin Cumhuriyet tarihinin en b\u00fcy\u00fck felaketlerinden biri oldu\u011funu kaydederek, &#8220;\u00dcz\u00fclerek s\u00f6yl\u00fcyorum, bu tip olaylarda 3 g\u00fcn \u00fcz\u00fcl\u00fcyoruz, 4&#8217;\u00fcnc\u00fc g\u00fcn unutup normal hayata d\u00f6n\u00fcyoruz. Yer isimleri de\u011fi\u015fiyor, seneler de\u011fi\u015fiyor, Richter \u00f6l\u00e7ekleri de\u011fi\u015fiyor ama netice de\u011fi\u015fmiyor. Bunun ad\u0131 bazen Yalova, Kocaeli, D\u00fczce oluyor; bunun ad\u0131 bazen \u0130zmir, Van, Elaz\u0131\u011f oluyor; bazen Hatay, Kahramanmara\u015f, Ad\u0131yaman oluyor; bazen de ge\u00e7en yaz g\u00f6rd\u00fc\u011f\u00fcm\u00fcz gibi S\u0131nd\u0131rg\u0131 oluyor ama bilan\u00e7o genel olarak \u00e7ok ac\u0131 bir \u015fekilde kar\u015f\u0131m\u0131za geliyor. \u00c7ok a\u00e7\u0131k s\u00f6yleyeyim. Afet do\u011fal olabilir ama sonucu do\u011fal de\u011fildir. Nitekim, 6 \u015eubat&#8217;ta kar\u015f\u0131la\u015ft\u0131\u011f\u0131m\u0131z tablo asl\u0131nda iktidar\u0131n tercihlerinin, yapt\u0131klar\u0131n\u0131n, yapamad\u0131klar\u0131n\u0131n ve ihmallerinin bir neticesidir&#8221; diye konu\u015ftu. <\/p>\n<p>&#8216;DEPREMLE \u0130LG\u0130L\u0130 M\u0130LL\u0130 POL\u0130T\u0130KA OLU\u015eTURULMALI&#8217;<\/p>\n<p>Deprem b\u00f6lgelerinde y\u00fcr\u00fct\u00fclen konut \u00e7al\u0131\u015fmalar\u0131na de\u011finen Yeni Yol grubu Hatay Milletvekili Necmettin \u00c7al\u0131\u015fkan, &#8220;Bizim g\u00f6revimiz bu konutlar\u0131n maliyetini sormak. Halen konutlar ka\u00e7a mal oldu, kim ald\u0131, kim satt\u0131 bunlar\u0131 bilmiyoruz. Deprem b\u00f6lgesinde halen ihaleler do\u011frudan al\u0131mla yap\u0131l\u0131yor. B\u00fcy\u00fck k\u00fc\u00e7\u00fck b\u00fct\u00fcn i\u015flerde yerel partili yanda\u015flar \u00e7a\u011fr\u0131l\u0131yor, &#8216;Al \u015funlar\u0131 yap gel&#8217; deniyor. Oysa siz bunu \u015feffaf, do\u011frudan al\u0131mla de\u011fil ihale usul\u00fcyle yapsan\u0131z kamu zarar\u0131 da azal\u0131r. Problemimiz \u00e7ok ama bunlar\u0131n \u00e7\u00f6z\u00fclmesi, gelece\u011fe y\u00f6nelik sa\u011flam ad\u0131mlar at\u0131lmas\u0131 gerekir. Derhal depremle ilgili imar ve benzeri yasalar \u00e7\u0131kar\u0131lmal\u0131, milli politika olu\u015fturulmal\u0131, okullarda ders olarak deprem bilinci verilmeli. Ge\u00e7mi\u015fi kurcalaman\u0131n zannediyorum art\u0131k faydas\u0131 yok ama kay\u0131p \u00e7ocuklarla ilgili, halen tespit edilememi\u015f cenazelerle ilgili hi\u00e7bir a\u00e7\u0131klama yap\u0131lmamas\u0131 da \u00e7ok manidar. Burada insan\u0131n y\u00fcre\u011fine su serpen a\u00e7\u0131klamalar yap\u0131lmal\u0131. M\u00fccbir sebep sona erdi, depremzede esnaf\u0131n bir defaya mahsus bor\u00e7lar\u0131 silinmeli. KOSGEB \u00f6demeleri geldi, bunlar \u00f6telenmeli. Kredi kullanmak isteyen insanlardan &#8216;Borcu yoktur&#8217; yaz\u0131s\u0131 istemek ak\u0131llara ziyand\u0131r&#8221; dedi.<\/p>\n<p>&#8216;\u0130KT\u0130DARIN GER\u00c7EKLER\u0130 BA\u015eKA HAYATIN GER\u00c7EKLER\u0130 \u0130SE BAMBA\u015eKA G\u00d6R\u00dcN\u00dcYOR&#8217;<\/p>\n<p>DEM Parti grubu ad\u0131na s\u00f6z alan Mersin Milletvekili Perihan Koca, &#8220;6 \u015eubat depremlerinin \u00fczerinden koca bir 3 y\u0131l ge\u00e7ti. \u0130ktidar temsilcilerinin dilinden deprem b\u00f6lgelerindeki durumu dinleyecek olursak her \u015fey g\u00fcll\u00fck g\u00fclistanl\u0131k. Hatta iktidar temsilcilerine kalsa insanlar neredeyse deprem ya\u015fad\u0131klar\u0131 i\u00e7in &#8216;Allah&#8217;a bin \u015f\u00fck\u00fcr&#8217; diyecek vaziyetteler. Tablo sanki tozpembe bir vaziyette ama her zaman oldu\u011fu gibi iktidar\u0131n ger\u00e7ekleri ba\u015fka, hayat\u0131n ger\u00e7ekleri ise bamba\u015fka g\u00f6r\u00fcn\u00fcyor. Bug\u00fcn depremzedeler, depremin \u00e7ok boyutlu etkilerini ya\u015far vaziyetteler, hem \u00f6zel alandan hem kamusal alanda siyasal, toplumsal, ekonomik y\u00f6nleriyle y\u0131k\u0131c\u0131 bir deprem ger\u00e7ekli\u011fini taze bir \u015fekilde her an ya\u015famaya devam ediyorlar ve bug\u00fcn temel ihtiya\u00e7lar\u0131ndan mahrum bir depremzede ger\u00e7ekli\u011fiyle kar\u015f\u0131 kar\u015f\u0131yay\u0131z. Bak\u0131n, geldi\u011fimiz a\u015famada depremin \u00fczerinden 3 y\u0131l ge\u00e7ti ve asl\u0131na bakarsan\u0131z 3 y\u0131l k\u0131sa bir s\u00fcre de\u011fil, depremin yaralar\u0131n\u0131n sar\u0131labilmesi i\u00e7in gayet uzun bir zaman diliminden s\u00f6z ediyoruz. E\u011fer bu 3 y\u0131lda kamucu bir anlay\u0131\u015fla, bir planlamayla, bir afet ve y\u00f6netim bi\u00e7imi, politikas\u0131 y\u00fcr\u00fct\u00fclebilmi\u015f olsayd\u0131 \u015fimdiye kadar en az\u0131ndan k\u0131sa vadeli akut \u00f6nlemlerin geride b\u0131rak\u0131ld\u0131\u011f\u0131n\u0131 ya\u015fayacakt\u0131k&#8221; de\u011ferlendirmesinde bulundu. <\/p>\n<p>&#8216;B\u0130Z TUR\u0130ST DE\u011e\u0130L\u0130Z, B\u0130Z O ACIYI YA\u015eADIK&#8217;<\/p>\n<p>Cumhurba\u015fkan\u0131 Recep Tayyip Erdo\u011fan&#8217;\u0131n M\u0131s\u0131r ziyareti d\u00f6n\u00fc\u015f\u00fcndeki s\u00f6zlerini hat\u0131rlatan CHP Grup Ba\u015fkanvekili Ali Mahir Ba\u015far\u0131r, \u015f\u00f6yle devam etti: <\/p>\n<p>&#8220;Say\u0131n Cumhurba\u015fkan\u0131 Erdo\u011fan Suudi Arabistan ve M\u0131s\u0131r ziyaretleri d\u00f6n\u00fc\u015f\u00fc u\u00e7akta, &#8216;Asr\u0131n felaketi yakla\u015f\u0131rken deprem turistleri b\u00f6lgeye gitmi\u015f&#8217; demi\u015f. Bir dakika, beyefendi bunu nerede s\u00f6yl\u00fcyor, u\u00e7akta. Benim Genel Ba\u015fkan\u0131m nerede, Hatay&#8217;da. Kim turist arkada\u015flar? Beyefendi bunu s\u00f6ylerken u\u00e7akta, benim K\u0131ymetli Genel Ba\u015fkan\u0131m Malatya&#8217;da. Beyefendi bunu s\u00f6ylerken u\u00e7akta, benim Genel Ba\u015fkan\u0131m Ad\u0131yaman&#8217;da. Beyefendi bunu s\u00f6ylerken u\u00e7akta, benim Genel Ba\u015fkan\u0131m Adana&#8217;da. Bir millete, bir partiye, milletvekillerine hakaret edilmez; biz turist de\u011filiz, biz o ac\u0131y\u0131 ya\u015fad\u0131k, insanlara sar\u0131ld\u0131k, \u00e7aresizli\u011fi payla\u015ft\u0131k. T\u00fcrkiye&#8217;de herkes imkanlar\u0131 \u00f6l\u00e7\u00fcs\u00fcnde deprem b\u00f6lgesinde el ele verdi.&#8221;<\/p>\n<p>&#8216;GU\u0130NNESS REKORLAR K\u0130TABINA GE\u00c7ECEK B\u00dcY\u00dcK B\u0130R BA\u015eARIYA \u0130MZA ATTIK&#8217;<\/p>\n<p>AK Parti Grup Ba\u015fkanvekili Muhammet Emin Akba\u015fo\u011flu ise deprem b\u00f6lgelerinde y\u00fcr\u00fct\u00fclen imar \u00e7al\u0131\u015fmalar\u0131na de\u011finerek, &#8220;11 vilayetin tamam\u0131nda b\u00fct\u00fcn tarih yeniden aya\u011fa kalkt\u0131; \u00e7ar\u015f\u0131lar, pazarlar, altyap\u0131lar, parklar, kanalizasyon ve su \u015febekeleri; sadece yap\u0131 yapmad\u0131k, bina in\u015fa etmedik; bir altyap\u0131y\u0131 ortaya koyduk. Ne demek biliyor musunuz 455 bin konut? Milyonlarca insan\u0131n s\u0131cak yuvas\u0131n\u0131 haz\u0131rlamak ve kendilerine \u00e7ok k\u0131sa bir zaman diliminde teslim etmek. Ak\u0131l havsala alacak gibi bir \u00f6rne\u011fi olmayan, Guinness rekorlar kitab\u0131na ge\u00e7ecek b\u00fcy\u00fck bir ba\u015far\u0131ya; ger\u00e7ekten ve hakikaten bir Avrupa \u00fclkesini adeta yeniden in\u015fa edercesine muazzam bir ba\u015far\u0131ya imza att\u0131k. Buna; d\u0131\u015far\u0131dan, Avrupa&#8217;dan gelen b\u00fct\u00fcn bilim adamlar\u0131, gazeteciler \u015fa\u015fk\u0131n ve hayretlerini gizleyemez bir \u015fekilde tan\u0131kl\u0131klar\u0131n\u0131 ifade ediyorlar ve beyanlarda bulunuyorlar. Bilim adamlar\u0131, gazeteciler bunun T\u00fcrkiye \u00f6rne\u011fi olarak kendileriyle payla\u015f\u0131lmas\u0131n\u0131 istiyorlar&#8221; ifadelerini kulland\u0131. <\/p>\n<p>&#8216;GU\u0130NESS REKORLARI&#8217;NA B\u0130R TEK S\u0130Z G\u0130RERS\u0130N\u0130Z&#8217;<\/p>\n<p>AK Parti&#8217;li Akba\u015fo\u011flu&#8217;nun a\u00e7\u0131klamalar\u0131 s\u0131ras\u0131nda CHP&#8217;li milletvekilleri tepki g\u00f6sterdi. Ard\u0131ndan CHP Grup Ba\u015fkanvekili Ali Mahir Ba\u015far\u0131r, Akba\u015fo\u011flu&#8217;na cevaben, &#8220;Yalan; bu kadar profesyonel yalan s\u00f6ylenmez, ger\u00e7ekten s\u00f6ylenmez, ger\u00e7ekleri konu\u015fun burada. Bir haftad\u0131r davalarla, deprem b\u00f6lgesiyle ilgili alg\u0131 yap\u0131yorsunuz. Guinness Rekorlar\u0131&#8217;na girmi\u015fler yapt\u0131klar\u0131 binayla; vallahi Guiness Rekorlar\u0131&#8217;na bir tek siz girersiniz, d\u00fcnyada liderine bu kadar ya\u011f \u00e7eken ba\u015fka bir milletvekili, Grup Ba\u015fkan\u0131 yoktur&#8221; diye konu\u015ftu. <\/p>\n<p>&#8216;SAYIN AKBA\u015eO\u011eLU S\u0130Z\u0130N ADINIZA \u00c7OK \u00dcZ\u00dcLD\u00dcM&#8217;<\/p>\n<p>DEM Parti Grup Ba\u015fkanvekili G\u00fclistan K\u0131l\u0131\u00e7 Ko\u00e7yi\u011fit de yerinden s\u00f6z alarak, &#8220;Burada eksik kalan, yanl\u0131\u015f yapt\u0131\u011f\u0131n\u0131z \u015feylerin \u00f6z ele\u015ftirisini vermek, eksikli\u011finizi, i\u00e7ini doldurmad\u0131\u011f\u0131n\u0131z, \u00e7\u00fcr\u00fctt\u00fc\u011f\u00fcn\u00fcz kurumlar nedeniyle tek bir ki\u015fi bile ya\u015fam\u0131n\u0131 yitirmi\u015fse onun i\u00e7in ac\u0131 duymak, \u00f6z\u00fcr dilemelisiniz. Bunun ferasetini g\u00f6stermek yerine yine siyasi bir ajitasyon ve propaganda edici ve ara ara alk\u0131\u015flarla da kesilen bir konu\u015fma yapt\u0131n\u0131z. Ben, sizin ad\u0131n\u0131za \u00e7ok \u00fcz\u00fcld\u00fcm Say\u0131n Akba\u015fo\u011flu \u00e7\u00fcnk\u00fc bug\u00fcn burada konu\u015fulmas\u0131 gereken \u015fey, &#8216;Ac\u0131lar nas\u0131l onar\u0131l\u0131r?&#8217; &#8216;Biz nerede eksik yapt\u0131k?&#8217; ve &#8216;Biz bundan sonra bu ac\u0131lar\u0131 ya\u015famamak i\u00e7in ne yapmal\u0131y\u0131z?&#8217; sorular\u0131n\u0131n yan\u0131tlar olmal\u0131yd\u0131, binalar olmamal\u0131yd\u0131. Say\u0131n Akba\u015fo\u011flu, \u015fovlar\u0131 de\u011fil, h\u00fck\u00fcmetinizin propagandas\u0131n\u0131 de\u011fil; insanlar\u0131 konu\u015fmal\u0131yd\u0131k&#8221; dedi. <\/p>\n<p>&#8216;H\u0130\u00c7 HAMASET YAPMADIK&#8217;<\/p>\n<p>CHP&#8217;li Ba\u015far\u0131r ve DEM Partili Ko\u00e7yi\u011fit&#8217;e cevap vermek i\u00e7in s\u00f6z alan AK Parti Grup Ba\u015fkanvekili Muhammet Emin Akba\u015fo\u011flu, &#8220;Ger\u00e7ekleri anlatmak, ger\u00e7eklerin pe\u015finde olmak hepimizin ortak vazifesi de\u011fil mi? Ger\u00e7ek ba\u015fka, alg\u0131 ba\u015fka, olgu ba\u015fka. Vatanda\u015f\u0131n ortaya koydu\u011fu o &#8216;deprem turisti&#8217; c\u00fcmlesini tekrarlad\u0131 diye ifade ettim. Onu cevaplam\u0131\u015ft\u0131m hamaset yapmad\u0131k hi\u00e7, hakikatlerden, rakamlardan bahsettik. \u0130nsandan, \u00e7evreden, hastaneden, parktan, yeni bir ya\u015famdan, yeni bir umuttan, bununla beraber fiziki altyap\u0131s\u0131ndan, madde ve manas\u0131yla beraber sosyok\u00fclt\u00fcrel olarak, ekonomik olarak, \u015fehircilik olarak hep beraber b\u00fcy\u00fck hedeflere do\u011fru devlet millet kayna\u015fmas\u0131yla y\u00f6neldi\u011fimizden bahsettik. Dolay\u0131s\u0131yla, bu konuda bizim yakla\u015f\u0131m\u0131m\u0131z hi\u00e7bir zaman yalan ve iftiraya tevess\u00fcl etmemektir. Bizim en b\u00fcy\u00fck kazanc\u0131m\u0131z \u00f6nce ahlak ve maneviyat diyerek sadece ger\u00e7ekler \u00fczerinden siyaset yapmakt\u0131r&#8221; de\u011ferlendirmesinde bulundu. <\/p>\n<p>GENEL KURUL KAPANDI<\/p>\n<p>Siyasi parti temsilcilerinin depreme ili\u015fkin de\u011ferlendirmelerinin tamamlanmas\u0131n\u0131n ard\u0131ndan Meclis Ba\u015fkanvekili Tekin Bing\u00f6l, birle\u015fimi 10 \u015eubat Sal\u0131 g\u00fcn\u00fc toplanmak \u00fczere kapatt\u0131. <\/p>\n","protected":false},"excerpt":{"rendered":"<p>TBMM, 6 \u015eubat Kahramanmara\u015f depremlerinin 3. y\u0131l d\u00f6n\u00fcm\u00fcnde \u00f6zel g\u00fcndemle topland\u0131.<\/p>\n","protected":false},"author":1,"featured_media":56998,"comment_status":"open","ping_status":"open","sticky":false,"template":"","format":"standard","meta":{"footnotes":""},"categories":[12],"tags":[3434,1194,60,563,1358],"class_list":["post-56997","post","type-post","status-publish","format-standard","has-post-thumbnail","hentry","category-siyaset","tag-adi","tag-afet","tag-deprem","tag-parti","tag-yap"],"_links":{"self":[{"href":"https:\/\/bihavadis.com\/index.php\/wp-json\/wp\/v2\/posts\/56997","targetHints":{"allow":["GET"]}}],"collection":[{"href":"https:\/\/bihavadis.com\/index.php\/wp-json\/wp\/v2\/posts"}],"about":[{"href":"https:\/\/bihavadis.com\/index.php\/wp-json\/wp\/v2\/types\/post"}],"author":[{"embeddable":true,"href":"https:\/\/bihavadis.com\/index.php\/wp-json\/wp\/v2\/users\/1"}],"replies":[{"embeddable":true,"href":"https:\/\/bihavadis.com\/index.php\/wp-json\/wp\/v2\/comments?post=56997"}],"version-history":[{"count":1,"href":"https:\/\/bihavadis.com\/index.php\/wp-json\/wp\/v2\/posts\/56997\/revisions"}],"predecessor-version":[{"id":56999,"href":"https:\/\/bihavadis.com\/index.php\/wp-json\/wp\/v2\/posts\/56997\/revisions\/56999"}],"wp:featuredmedia":[{"embeddable":true,"href":"https:\/\/bihavadis.com\/index.php\/wp-json\/wp\/v2\/media\/56998"}],"wp:attachment":[{"href":"https:\/\/bihavadis.com\/index.php\/wp-json\/wp\/v2\/media?parent=56997"}],"wp:term":[{"taxonomy":"category","embeddable":true,"href":"https:\/\/bihavadis.com\/index.php\/wp-json\/wp\/v2\/categories?post=56997"},{"taxonomy":"post_tag","embeddable":true,"href":"https:\/\/bihavadis.com\/index.php\/wp-json\/wp\/v2\/tags?post=56997"}],"curies":[{"name":"wp","href":"https:\/\/api.w.org\/{rel}","templated":true}]}}