{"id":57006,"date":"2026-03-02T13:57:06","date_gmt":"2026-03-02T13:57:06","guid":{"rendered":"https:\/\/bihavadis.com\/?p=57006"},"modified":"2026-03-02T13:57:06","modified_gmt":"2026-03-02T13:57:06","slug":"tekin-deprem-uzerinden-siyaset-yapmadik","status":"publish","type":"post","link":"https:\/\/bihavadis.com\/index.php\/2026\/03\/02\/tekin-deprem-uzerinden-siyaset-yapmadik\/","title":{"rendered":"Tekin: Deprem \u00dczerinden Siyaset Yapmad\u0131k"},"content":{"rendered":"<p>\n<p>TEK\u0130N: \u0130NSANLARIN ACILARI \u00dcZER\u0130NDEN S\u0130YASET YAPMADIK<\/p>\n<p> Milli E\u011fitim Bakan\u0131 Yusuf Tekin, partisinin \u0130l Ba\u015fkanl\u0131\u011f\u0131&#8217;na ger\u00e7ekle\u015ftirdi\u011fi ziyaret s\u0131ras\u0131nda a\u00e7\u0131klamalarda bulundu. Kabine toplant\u0131lar\u0131n\u0131n ana g\u00fcndeminin deprem oldu\u011funu vurgulayan Bakan Tekin, &#8220;Bug\u00fcne kadarki b\u00fct\u00fcn kabine toplant\u0131lar\u0131m\u0131zda birinci g\u00fcndemimiz deprem oldu. Biz, ba\u015fkalar\u0131 gibi deprem turistli\u011fi yap\u0131p insanlar\u0131n ac\u0131lar\u0131 \u00fczerinden siyaset yapanlardan olmad\u0131k. \u0130nsanlar\u0131n ac\u0131lar\u0131n\u0131 g\u00f6rmezden gelerek bunu siyasi ranta d\u00f6n\u00fc\u015ft\u00fcren bir anlay\u0131\u015f\u0131n i\u00e7erisinde hi\u00e7 yer almad\u0131k. Bir kez gitti\u011fi bir deprem ilinde, sanki s\u00fcrekli gidiyormu\u015f gibi foto\u011fraf vermedik. Bakan arkada\u015flar\u0131m\u0131zla birlikte depremden etkilenen 11 ilimizi defalarca ziyaret ettik&#8221; dedi.<\/p>\n<p>Milli E\u011fitim Bakanl\u0131\u011f\u0131 b\u00fcnyesinde deprem s\u00fcrecini koordine etmek \u00fczere bir birim olu\u015fturduklar\u0131n\u0131 ifade eden Tekin, benzer \u00e7al\u0131\u015fmalar\u0131n di\u011fer bakanl\u0131klarda da y\u00fcr\u00fct\u00fcld\u00fc\u011f\u00fcn\u00fc s\u00f6yledi. 6 \u015eubat 2023&#8217;te T\u00fcrkiye&#8217;nin b\u00fcy\u00fck bir ac\u0131yla uyand\u0131\u011f\u0131n\u0131 belirten Tekin, &#8220;Bir daha o g\u00fcnleri ya\u015famamay\u0131 temenni ediyoruz. Devlet ve millet el ele vererek yaralar\u0131 sarmaya \u00e7al\u0131\u015ft\u0131. T\u00fcrkiye&#8217;nin d\u00f6rt bir yan\u0131nda kamu kurumlar\u0131, \u00f6zel sekt\u00f6r ve sivil toplum kurulu\u015flar\u0131 bu ac\u0131y\u0131 hafifletmek i\u00e7in seferber oldu. 50 binin \u00fczerinde vatanda\u015f\u0131m\u0131z\u0131 kaybettik. Mekanlar\u0131 cennet olsun, geride kalanlara Allah sab\u0131r versin. Deprem b\u00f6lgesinde 11 il ve 2 il\u00e7ede yakla\u015f\u0131k 10 bine yak\u0131n dersli\u011fimiz kullan\u0131lamaz hale geldi. Buna kar\u015f\u0131l\u0131k, 2025-2026 e\u011fitim \u00f6\u011fretim y\u0131l\u0131 ba\u015f\u0131 itibar\u0131yla yakla\u015f\u0131k 15 bin dersli\u011fi hizmete a\u00e7t\u0131k. \u00d6n\u00fcm\u00fczdeki eyl\u00fcl ay\u0131na kadar devam eden yat\u0131r\u0131mlarla birlikte, deprem \u00f6ncesine k\u0131yasla derslik say\u0131m\u0131z en az y\u00fczde 15 artm\u0131\u015f olacak. Yani sadece y\u0131k\u0131lanlar\u0131 yeniden yapmad\u0131k, daha fazlas\u0131n\u0131 in\u015fa ettik&#8221; dedi.<\/p>\n<p>L\u0130SEL\u0130 KEND\u0130RC\u0130&#8217;N\u0130N \u00d6L\u00dcM\u00dc SORULDU<\/p>\n<p>Bakan Tekin&#8217;e, Bozova il\u00e7esinde Mesleki E\u011fitim Merkezi (MESEM) kapsam\u0131nda bir marangoz at\u00f6lyesinde \u00e7al\u0131\u015fan 15 ya\u015f\u0131ndaki lise \u00f6\u011frencisi Muhammed Kendirci&#8217;nin, i\u015f yerinde u\u011frad\u0131\u011f\u0131 i\u015fkence sonucu hayat\u0131n\u0131 kaybetmesi de soruldu.<\/p>\n<p>Tekin, MESEM projesinden geri ad\u0131m at\u0131lmayaca\u011f\u0131n\u0131 belirterek, &#8220;Bu proje \u00f6\u011frencilerimiz i\u00e7in \u00e7ok faydal\u0131. \u0130\u015f sa\u011fl\u0131\u011f\u0131 ve g\u00fcvenli\u011fi konusunda gerekli t\u00fcm tedbirleri al\u0131yoruz. Oraya giden her \u00f6\u011frenciyi kendi \u00e7ocu\u011fumuz gibi g\u00f6r\u00fcyoruz. Ya\u015fanan her olay\u0131n ard\u0131ndan hem biz hem de ilgili bakanl\u0131klar gerekli idari ve cezai i\u015flemleri uyguluyor. Bu t\u00fcr olaylar ya\u015fan\u0131yor diye projeyi durduramay\u0131z, aksine tedbirleri art\u0131r\u0131yoruz&#8221; diye konu\u015ftu.<\/p>\n<p>E\u011e\u0130T\u0130M YATIRIMLARI VE ESNAF Z\u0130YARET\u0130<\/p>\n<p>\u015eanl\u0131urfa&#8217;daki temaslar\u0131 kapsam\u0131nda kentin e\u011fitim yat\u0131r\u0131mlar\u0131n\u0131 da de\u011ferlendirdiklerini s\u00f6yleyen Bakan Tekin, depremde zarar g\u00f6ren \u00f6\u011fretmenevi projesinin bu y\u0131l yat\u0131r\u0131m program\u0131na al\u0131naca\u011f\u0131n\u0131 a\u00e7\u0131klad\u0131. Esnaf ziyaretlerinde kuyumculuk, tak\u0131 ve bak\u0131r i\u015flemecili\u011finin b\u00f6lgede yo\u011funla\u015ft\u0131\u011f\u0131n\u0131 g\u00f6zlemlediklerini ifade eden Tekin, bu alanlara y\u00f6nelik bir Mesleki ve Teknik Anadolu Lisesi program\u0131 olu\u015fturulaca\u011f\u0131n\u0131 s\u00f6yledi.<\/p>\n","protected":false},"excerpt":{"rendered":"<p>Milli E\u011fitim Bakan\u0131 Tekin, deprem s\u00fcrecinde siyaset yapmad\u0131klar\u0131n\u0131 ve e\u011fitim yat\u0131r\u0131mlar\u0131n\u0131 art\u0131rd\u0131klar\u0131n\u0131 belirtti.<\/p>\n","protected":false},"author":1,"featured_media":57007,"comment_status":"open","ping_status":"open","sticky":false,"template":"","format":"standard","meta":{"footnotes":""},"categories":[12],"tags":[436,60,233,395,3466],"class_list":["post-57006","post","type-post","status-publish","format-standard","has-post-thumbnail","hentry","category-siyaset","tag-bakan","tag-deprem","tag-egitim","tag-is","tag-tekin"],"_links":{"self":[{"href":"https:\/\/bihavadis.com\/index.php\/wp-json\/wp\/v2\/posts\/57006","targetHints":{"allow":["GET"]}}],"collection":[{"href":"https:\/\/bihavadis.com\/index.php\/wp-json\/wp\/v2\/posts"}],"about":[{"href":"https:\/\/bihavadis.com\/index.php\/wp-json\/wp\/v2\/types\/post"}],"author":[{"embeddable":true,"href":"https:\/\/bihavadis.com\/index.php\/wp-json\/wp\/v2\/users\/1"}],"replies":[{"embeddable":true,"href":"https:\/\/bihavadis.com\/index.php\/wp-json\/wp\/v2\/comments?post=57006"}],"version-history":[{"count":1,"href":"https:\/\/bihavadis.com\/index.php\/wp-json\/wp\/v2\/posts\/57006\/revisions"}],"predecessor-version":[{"id":57008,"href":"https:\/\/bihavadis.com\/index.php\/wp-json\/wp\/v2\/posts\/57006\/revisions\/57008"}],"wp:featuredmedia":[{"embeddable":true,"href":"https:\/\/bihavadis.com\/index.php\/wp-json\/wp\/v2\/media\/57007"}],"wp:attachment":[{"href":"https:\/\/bihavadis.com\/index.php\/wp-json\/wp\/v2\/media?parent=57006"}],"wp:term":[{"taxonomy":"category","embeddable":true,"href":"https:\/\/bihavadis.com\/index.php\/wp-json\/wp\/v2\/categories?post=57006"},{"taxonomy":"post_tag","embeddable":true,"href":"https:\/\/bihavadis.com\/index.php\/wp-json\/wp\/v2\/tags?post=57006"}],"curies":[{"name":"wp","href":"https:\/\/api.w.org\/{rel}","templated":true}]}}