{"id":57046,"date":"2026-03-02T14:27:11","date_gmt":"2026-03-02T14:27:11","guid":{"rendered":"https:\/\/bihavadis.com\/?p=57046"},"modified":"2026-03-02T14:27:11","modified_gmt":"2026-03-02T14:27:11","slug":"bilal-erdogan-kutuphane-sohbetleri-programina-konuk-oldu-aciklamasi","status":"publish","type":"post","link":"https:\/\/bihavadis.com\/index.php\/2026\/03\/02\/bilal-erdogan-kutuphane-sohbetleri-programina-konuk-oldu-aciklamasi\/","title":{"rendered":"Bilal Erdo\u011fan, &#8220;K\u00fct\u00fcphane Sohbetleri&#8221; program\u0131na konuk oldu A\u00e7\u0131klamas\u0131"},"content":{"rendered":"<p>\u0130lim Yayma Vakf\u0131 M\u00fctevelli Heyeti Ba\u015fkan\u0131 Bilal Erdo\u011fan, AK Parti K\u00fclt\u00fcr ve Sanat Politikalar\u0131 Ba\u015fkanl\u0131\u011f\u0131n\u0131n AK Parti Kongre Merkezi&#8217;ndeki k\u00fct\u00fcphanede d\u00fczenledi\u011fi &#8220;K\u00fct\u00fcphane Sohbetleri&#8221; program\u0131na kat\u0131ld\u0131.<\/p>\n<p>Program\u0131n moderat\u00f6rl\u00fc\u011f\u00fcn\u00fc \u00fcstlenen AK Parti Genel Ba\u015fkan Yard\u0131mc\u0131s\u0131, K\u00fclt\u00fcr ve Sanat Politikalar\u0131 Ba\u015fkan\u0131 H\u00fcseyin Yayman, buradaki konu\u015fmas\u0131nda, siyasetin yo\u011fun g\u00fcndemi i\u00e7inde k\u00fclt\u00fcr\u00fc, sanat\u0131, esteti\u011fi, mimariyi, \u015fehri ve de\u011ferleri konu\u015fmak i\u00e7in K\u00fct\u00fcphane Sohbetleri&#8217;ni s\u00fcrd\u00fcrd\u00fcklerini s\u00f6yledi.<\/p>\n<p>Yayman, Cumhurba\u015fkan\u0131 Recep Tayyip Erdo\u011fan liderli\u011finde T\u00fcrkiye Y\u00fczy\u0131l\u0131&#8217;n\u0131 k\u00fclt\u00fcr\u00fcn ve sanat\u0131n y\u00fczy\u0131l\u0131 yapmak i\u00e7in \u00e7al\u0131\u015fmalar\u0131n\u0131 s\u00fcrd\u00fcrd\u00fcklerini ve gen\u00e7leri gelecek olarak g\u00f6rd\u00fcklerini dile getirdi.<\/p>\n<p>\u0130lim Yayma Vakf\u0131 M\u00fctevelli Heyeti Ba\u015fkan\u0131 Bilal Erdo\u011fan ise e\u011fitim ve meslek hayat\u0131na ili\u015fkin bilgi vererek, 2011&#8217;den bu yana T\u00fcrk kimli\u011fini olu\u015fturan k\u00fclt\u00fcr\u00fcn ihyas\u0131, yeni nesillere sa\u011fl\u0131kl\u0131 ve canl\u0131 \u015fekilde aktar\u0131lmas\u0131, yeni nesillerin bu k\u00fclt\u00fcrel kimlikle ku\u015fanmas\u0131n\u0131 sa\u011flamaya y\u00f6nelik \u00e7al\u0131\u015fmalarda bulundu\u011funu anlatt\u0131.<\/p>\n<p>Bunun alt\u0131nda \u00e7e\u015fitli e\u011fitim ve gen\u00e7lik \u00e7al\u0131\u015fmalar\u0131n\u0131n yer ald\u0131\u011f\u0131n\u0131 belirten Erdo\u011fan, \u0130lim Yayma Vakf\u0131 olarak ba\u015far\u0131l\u0131 \u00f6\u011frencileri yeni ufuklara eri\u015ftirmek i\u00e7in faaliyetler yapt\u0131klar\u0131n\u0131 kaydetti.<\/p>\n<p>Bilal Erdo\u011fan, milleti merkezine alan bir e\u011fitim hareketi i\u00e7erisinde yerli, milli ve bu topraklar\u0131 vatan yapan de\u011ferleri referans alarak bunlar\u0131 d\u00fcnyaya tesir edecek d\u00fczeye ta\u015f\u0131mak i\u00e7in m\u00fccadele ettiklerini ifade etti.<\/p>\n<p>Bu ama\u00e7 i\u00e7in gerekli \u00f6zg\u00fcveni kendilerine Cumhurba\u015fkan\u0131 Erdo\u011fan&#8217;\u0131n sa\u011flad\u0131\u011f\u0131n\u0131 vurgulayan Erdo\u011fan, 2000&#8217;li y\u0131llardan bu yana T\u00fcrkiye&#8217;nin milli gelirinin katlanarak artt\u0131\u011f\u0131n\u0131, bununla birlikte olu\u015fan imkanlarla T\u00fcrkiye&#8217;nin d\u00fcnyada s\u00f6z sahibi olmaya ba\u015flad\u0131\u011f\u0131n\u0131 aktard\u0131.<\/p>\n<p>&#8220;Ba\u015far\u0131l\u0131 insanlar\u0131 kendinize \u00f6rnek almaya \u00e7al\u0131\u015f\u0131n&#8221;<\/p>\n<p>Bir\u00e7ok \u00fclkenin T\u00fcrkiye&#8217;yi \u00f6rnek ald\u0131\u011f\u0131n\u0131 vurgulayan Erdo\u011fan, bunu ba\u015farman\u0131n yolunun fiziki ve be\u015feri altyap\u0131ya yap\u0131lan g\u00fc\u00e7l\u00fc yat\u0131r\u0131mlarla m\u00fcmk\u00fcn oldu\u011funa dikkati \u00e7ekti.<\/p>\n<p>Cumhurba\u015fkan\u0131 Erdo\u011fan&#8217;\u0131n da her zaman bu konuda g\u00fc\u00e7l\u00fc bir irade ortaya koyan lider oldu\u011funu dile getiren Erdo\u011fan, gen\u00e7lere ba\u015far\u0131l\u0131 insanlar\u0131 \u00f6rnek almalar\u0131n\u0131 tavsiye etti.<\/p>\n<p>\u0130lim Yayma Vakf\u0131 M\u00fctevelli Heyeti Ba\u015fkan\u0131 Bilal Erdo\u011fan, \u015f\u00f6yle konu\u015ftu: <\/p>\n<p>&#8220;Sizler kendinize kolay yoldan bir yere gelmi\u015f insanlar\u0131 \u00f6rnek almay\u0131n. Bizim a\u00e7\u0131m\u0131zdan ger\u00e7ekten Recep Tayyip Erdo\u011fan bu y\u00fczy\u0131la damgas\u0131n\u0131 vurmu\u015f bir lider, ba\u015far\u0131l\u0131 bir insan. Siyaset hayat\u0131nda da siyaset d\u0131\u015f\u0131nda da ba\u015far\u0131l\u0131 olmas\u0131 y\u00f6n\u00fcyle, gen\u00e7lerin Cumhurba\u015fkan\u0131m\u0131z\u0131 tan\u0131mas\u0131n\u0131 ve \u00f6rnek almas\u0131n\u0131 \u00e7ok \u00f6nemsiyorum. Onun bu \u00fclkeye sa\u011flad\u0131\u011f\u0131 kabiliyetler, iddial\u0131 olmam\u0131z\u0131 gerektiriyor ki d\u00fcnyadaki belli meselelerde T\u00fcrkiye s\u00f6z s\u00f6ylemeye devam edebilsin. T\u00fcrkiye, d\u00fcnyan\u0131n b\u00f6yle bir zaman\u0131nda Allah&#8217;\u0131n izniyle insanl\u0131\u011f\u0131n refah\u0131, huzuru i\u00e7in bir \u015feyler yapacak konumda.&#8221;<\/p>\n<p>D\u00fcnyan\u0131n herkesin kendi menfaatini d\u00fc\u015f\u00fcnd\u00fc\u011f\u00fc bir d\u00f6nemden ge\u00e7ti\u011fini ve daha iyi, d\u00fczg\u00fcn, insan\u0131 merkeze alan yeni bir d\u00fcnya d\u00fczeni gerekti\u011fini ifade eden Erdo\u011fan, Cumhurba\u015fkan\u0131 Erdo\u011fan&#8217;\u0131n &#8220;Yeni bir d\u00fcnya m\u00fcmk\u00fcn.&#8221; s\u00f6zlerini hat\u0131rlatt\u0131.<\/p>\n<p>Erdo\u011fan, bu nedenle daha bilin\u00e7li ve idealist bir nesil yeti\u015ftirilmesinin kritik \u00f6nemini vurgulad\u0131.<\/p>\n<p>&#8220;Ok\u00e7ulukta \u00e7\u0131\u011f\u0131r a\u00e7\u0131ld\u0131&#8221;<\/p>\n<p>Konu\u015fmas\u0131n\u0131n ard\u0131ndan gen\u00e7lerin sorular\u0131n\u0131 yan\u0131tlayan Bilal Erdo\u011fan, yeni neslin \u00f6nceki ku\u015faklara g\u00f6re sa\u011fl\u0131k, e\u011fitim gibi bir\u00e7ok alanda avantaja sahip oldu\u011funu s\u00f6yledi.<\/p>\n<p>Bug\u00fcn T\u00fcrkiye&#8217;de do\u011fan bir \u00e7ocu\u011fun d\u00fcnya \u00e7ap\u0131ndaki \u015feyleri d\u00fc\u015f\u00fcnebilecek c\u00fcrete sahip oldu\u011funa de\u011finen Erdo\u011fan, bunun Cumhurba\u015fkan\u0131 Erdo\u011fan&#8217;\u0131n sa\u011flad\u0131\u011f\u0131 imkanlarla olu\u015ftu\u011funu ve b\u00fcy\u00fck bir \u015fans oldu\u011funu dile getirdi.<\/p>\n<p>Bir kat\u0131l\u0131mc\u0131l\u0131n\u0131n geleneksel sporlara y\u00f6nelik gen\u00e7lere \u00f6nerilerini sormas\u0131 \u00fczerine Erdo\u011fan, bu t\u00fcr sporlar\u0131n gen\u00e7lerin \u00f6zel hayat\u0131n\u0131 ve ilgi alanlar\u0131n\u0131 da etkiledi\u011fini anlatt\u0131.<\/p>\n<p>Ok\u00e7ulu\u011fun olduk\u00e7a pop\u00fcler hale geldi\u011fini, olimpik ok\u00e7ulukta ba\u015far\u0131lar\u0131n \u00e7ok ciddi artt\u0131\u011f\u0131n\u0131 ve lisansl\u0131 ok\u00e7u say\u0131s\u0131n\u0131n 6 kat y\u00fckseldi\u011fini vurgulayan Erdo\u011fan, &#8220;Ok\u00e7ulukta ger\u00e7ekten \u00e7\u0131\u011f\u0131r a\u00e7\u0131ld\u0131.&#8221; dedi.<\/p>\n<p>&#8220;Bu millet ve lider olmadan o i\u015fleri de kimse yapamaz&#8221;<\/p>\n<p>Bilal Erdo\u011fan, depremzede bir \u00f6\u011frencinin 6 \u015eubat depremleriyle ilgili sorusunu da yan\u0131tlad\u0131.<\/p>\n<p>Depremden etkilenen \u015fehirlerin hepsinin T\u00fcrkiye&#8217;nin en nezih, en temiz, en sa\u011fl\u0131kl\u0131, en ya\u015famas\u0131 g\u00fczel \u015fehirleri olaca\u011f\u0131n\u0131 ifade eden Erdo\u011fan, bu b\u00f6lgenin T\u00fcrkiye&#8217;nin yeni cazibe merkezi olaca\u011f\u0131n\u0131 kaydetti.<\/p>\n<p>Cumhurba\u015fkan\u0131 Erdo\u011fan&#8217;\u0131n hayat\u0131nda milletine hizmet etmek, i\u015f yapmak d\u0131\u015f\u0131nda bir \u015fey olmad\u0131\u011f\u0131n\u0131n alt\u0131n\u0131 \u00e7izen Bilal Erdo\u011fan, \u015f\u00f6yle konu\u015ftu: <\/p>\n<p>&#8220;\u0130\u015fte torun torba kar\u015f\u0131s\u0131nda oldu\u011fu zaman, g\u00fcld\u00fcrd\u00fc\u011f\u00fc zaman, onlar\u0131 sevdi\u011fi zaman g\u00fczel ama onun d\u0131\u015f\u0131nda &#8216;Tayyip Erdo\u011fan&#8217;\u0131n \u015f\u00f6yle bir hobisi var, b\u00f6yle bir zevki var, i\u015fte f\u0131rsat buldu\u011funda \u015funu yapar&#8217; falan diye orada o bo\u015flukta hi\u00e7bir \u015fey yok. Dolay\u0131s\u0131yla Tayyip Erdo\u011fan bildi\u011fini yapmaya devam ediyor, neticeyi Rabb&#8217;ine b\u0131rak\u0131yor. Tevekk\u00fcl\u00fcn bir sembol\u00fc oldu\u011funu d\u00fc\u015f\u00fcn\u00fcyorum. 6 \u015eubat&#8217;ta da bunu yapt\u0131. Ba\u015far\u0131lmas\u0131 imkans\u0131z olan \u015feyi ba\u015fard\u0131.&#8221;<\/p>\n<p>\u00d6te yandan Bilal Erdo\u011fan, &#8220;Bu millet ve lider olmadan o i\u015fleri de kimse yapamaz.&#8221; dedi.<\/p>\n<p>Bir gencin &#8220;T\u00fcrkiye, ikinci y\u00fczy\u0131l\u0131nda h\u0131zla geli\u015fen ve s\u0131n\u0131rlar\u0131 olmayan dijital d\u00fcnyada devletimiz, milletimiz ve gen\u00e7ler olarak kendini nas\u0131l konumland\u0131rmal\u0131?&#8221; \u015feklindeki sorusuna Bilal Erdo\u011fan, &#8220;Alt yap\u0131s\u0131n\u0131 hallettikten sonra devletin \u00fcst\u00fcne ne d\u00fc\u015f\u00fcyor? Art\u0131k istikametle ilgili belli y\u00f6nlendirmeleri yapabiliyor devlet.&#8221; diye yan\u0131t verdi.<\/p>\n<p>T\u00fcrkiye&#8217;nin 23 y\u0131ll\u0131k ba\u015far\u0131 hikayesinde \u00f6zel sekt\u00f6r\u00fcn g\u00fc\u00e7l\u00fc rol oynad\u0131\u011f\u0131n\u0131 anlatan Erdo\u011fan, &#8220;Kamunun yat\u0131r\u0131mlar\u0131n desteklenmesinde ciddi bir rol oynad\u0131\u011f\u0131n\u0131 kabul etmek laz\u0131m. Bazen ele\u015ftirmek i\u00e7in s\u00f6yl\u00fcyorum. \u00d6yle b\u00fcy\u00fck \u015firketler var ki te\u015fvik kadar yat\u0131r\u0131m yapm\u0131\u015f mesela, te\u015fvi\u011fin \u00f6tesinde yat\u0131r\u0131ma tenezz\u00fcl etmemi\u015f.&#8221; diye konu\u015ftu.<\/p>\n<p>Devletin bir altyap\u0131 olu\u015fturdu\u011funu ve \u00fczerine d\u00fc\u015fen sorumlulu\u011fu her alanda yerine getirdi\u011fini kaydeden Erdo\u011fan, &#8220;Elbette ki devletimiz yurdumuzu, okulumuzu, \u015fu anda sa\u011flad\u0131\u011f\u0131 genel sa\u011fl\u0131k hizmetlerini sa\u011flamaya devam edecek. Bu altyap\u0131y\u0131 bana olu\u015fturmu\u015f. Peki ben acaba d\u00fc\u015f\u00fcn\u00fclmemi\u015f neyi yapar\u0131m? Sonu\u00e7ta Sel\u00e7uk Bayraktar&#8217;a kimse &#8216;Sen gel, bunu \u00e7al\u0131\u015f.&#8217; demedi. Kendisi &#8216;Ben ne yapabilirim?&#8217; diye d\u00fc\u015f\u00fcnm\u00fc\u015f. Bir yol kendisine bulmu\u015f ve o yolla \u00fclkesine \u00e7ok b\u00fcy\u00fck bir hizmet, \u00e7ok b\u00fcy\u00fck katk\u0131, g\u00fc\u00e7, g\u00fc\u00e7 \u00e7arpan\u0131 katm\u0131\u015f.&#8221; de\u011ferlendirmesinde bulundu.<\/p>\n<p>&#8220;Gelece\u011fin teknolojilerinde nereler daha kritik olacak?&#8221; konusunu gen\u00e7lerin herkesten daha iyi takip etti\u011fini s\u00f6yleyen Erdo\u011fan, &#8220;Bug\u00fcn \u00f6zendi\u011fimiz, &#8216;Biz yapabilir miyiz?&#8217; dedi\u011fimiz her \u015feyi yapabilecek bir nesilden bahsediyoruz. Onun i\u00e7in bir yandan devlet yakalayacak, bir yandan \u00f6zel te\u015febb\u00fcs s\u00fcr\u00fckleyecek. O yol bizi i\u015fte T\u00fcrkiye Y\u00fczy\u0131l\u0131&#8217;na g\u00f6t\u00fcren yol olacak in\u015fallah.&#8221; dedi.<\/p>\n<p>Bilal Erdo\u011fan, Filistin&#8217;deki katliama &#8220;dur&#8221; demek i\u00e7in 1 Ocak&#8217;ta Galata K\u00f6pr\u00fcs\u00fc&#8217;nde d\u00fczenlenen y\u00fcr\u00fcy\u00fc\u015fe ili\u015fkin bir soruya ise \u015f\u00f6yle cevap verdi: <\/p>\n<p>&#8220;\u00dc\u00e7\u00fcnc\u00fcs\u00fcn\u00fc yapmadan \u00f6nce arkada\u015flar dedi ki, &#8216;Yapal\u0131m m\u0131? \u015eimdi ate\u015fkes var, millet gelir mi?&#8217; \u0130kincisini yaparken de ayn\u0131 durum vard\u0131 asl\u0131nda. Daha belki ate\u015fkes sonras\u0131 kadar ciddi de\u011fildi ama o zaman da bir s\u00f6n\u00fcmlenme d\u00f6nemine denk gelmi\u015fti. Hassasiyetlerin azald\u0131\u011f\u0131 bir d\u00f6nemdi. &#8216;Yapal\u0131m m\u0131, yapabilir miyiz, gelir mi insanlar?&#8217; derken, \u00fc\u00e7\u00fcnc\u00fcs\u00fcn\u00fc hemen yine de yapal\u0131m, hatta ben dedim ki, &#8216;Aksa \u00f6zg\u00fcrle\u015finceye kadar yapal\u0131m.&#8217; Yani 1 Ocak, bu milletin, Hazreti \u00d6mer, Selahattin Eyyubi&#8217;nin yadigar\u0131 olan Kud\u00fcs&#8217;\u00fcn \u00f6zg\u00fcrl\u00fc\u011f\u00fc i\u00e7in y\u0131lda bir kere bir araya geldi\u011fi bir duas\u0131 olsun. Yani ke\u015fke her zaman yapsak. Ke\u015fke hani Filistin Devleti kurulduktan sonra hala Mescid-i Aksa&#8217;ya gidemiyorsak bile yine yapsak.&#8221;<\/p>\n<p>D\u00fcnyada b\u00fcy\u00fck yozla\u015fma g\u00f6r\u00fcld\u00fc\u011f\u00fcn\u00fc belirten Erdo\u011fan, T\u00fcrk milletinin medeniyet n\u00f6betini devralabilecek m\u00fcktesebata, imkana ve \u00f6zg\u00fcvene sahip oldu\u011funu ancak bunun i\u00e7in \u00e7ok \u00e7al\u0131\u015f\u0131lmas\u0131 gerekti\u011fini dile getirdi.<\/p>\n<p>\u00d6te yandan Erdo\u011fan, daha iyi bir d\u00fcnya, toplum ve \u00fclke i\u00e7in do\u011fum oranlar\u0131nda art\u0131\u015f olmas\u0131n\u0131n \u00f6nemine dikkati \u00e7ekti.<\/p>\n<p>Program\u0131n sonunda Bilal Erdo\u011fan&#8217;a Hatay&#8217;\u0131n tarihini, direncini ve yeniden dirili\u015fini simgeleyen &#8220;Hayat A\u011fac\u0131&#8221; motifli mozaik tablo hediye edildi.<\/p>\n<p>AK Parti Merkez Y\u00fcr\u00fctme Kurulu \u00fcyeleri ve milletvekilleri de programa kat\u0131ld\u0131.<\/p>\n","protected":false},"excerpt":{"rendered":"<p>\u0130lim Yayma Vakf\u0131 M\u00fctevelli Heyeti Ba\u015fkan\u0131 Bilal Erdo\u011fan, AK Parti K\u00fclt\u00fcr ve Sanat Politikalar\u0131 Ba\u015fkanl\u0131\u011f\u0131n\u0131n AK Parti Kongre Merkezi&#8217;ndeki k\u00fct\u00fcphanede d\u00fczenledi\u011fi &#8220;K\u00fct\u00fcphane Sohbetleri&#8221; program\u0131na kat\u0131ld\u0131.<\/p>\n","protected":false},"author":1,"featured_media":57047,"comment_status":"open","ping_status":"open","sticky":false,"template":"","format":"standard","meta":{"footnotes":""},"categories":[9,4,13],"tags":[4037,437,1526,2057,197],"class_list":["post-57046","post","type-post","status-publish","format-standard","has-post-thumbnail","hentry","category-genel","category-gundem","category-son-dakika","tag-bilal-erdogan","tag-dunya","tag-erdogan","tag-kat","tag-turkiye"],"_links":{"self":[{"href":"https:\/\/bihavadis.com\/index.php\/wp-json\/wp\/v2\/posts\/57046","targetHints":{"allow":["GET"]}}],"collection":[{"href":"https:\/\/bihavadis.com\/index.php\/wp-json\/wp\/v2\/posts"}],"about":[{"href":"https:\/\/bihavadis.com\/index.php\/wp-json\/wp\/v2\/types\/post"}],"author":[{"embeddable":true,"href":"https:\/\/bihavadis.com\/index.php\/wp-json\/wp\/v2\/users\/1"}],"replies":[{"embeddable":true,"href":"https:\/\/bihavadis.com\/index.php\/wp-json\/wp\/v2\/comments?post=57046"}],"version-history":[{"count":1,"href":"https:\/\/bihavadis.com\/index.php\/wp-json\/wp\/v2\/posts\/57046\/revisions"}],"predecessor-version":[{"id":57048,"href":"https:\/\/bihavadis.com\/index.php\/wp-json\/wp\/v2\/posts\/57046\/revisions\/57048"}],"wp:featuredmedia":[{"embeddable":true,"href":"https:\/\/bihavadis.com\/index.php\/wp-json\/wp\/v2\/media\/57047"}],"wp:attachment":[{"href":"https:\/\/bihavadis.com\/index.php\/wp-json\/wp\/v2\/media?parent=57046"}],"wp:term":[{"taxonomy":"category","embeddable":true,"href":"https:\/\/bihavadis.com\/index.php\/wp-json\/wp\/v2\/categories?post=57046"},{"taxonomy":"post_tag","embeddable":true,"href":"https:\/\/bihavadis.com\/index.php\/wp-json\/wp\/v2\/tags?post=57046"}],"curies":[{"name":"wp","href":"https:\/\/api.w.org\/{rel}","templated":true}]}}