{"id":57107,"date":"2026-03-02T15:09:37","date_gmt":"2026-03-02T15:09:37","guid":{"rendered":"https:\/\/bihavadis.com\/?p=57107"},"modified":"2026-03-02T15:09:37","modified_gmt":"2026-03-02T15:09:37","slug":"depremin-3-yildonumu-mevlit-programi","status":"publish","type":"post","link":"https:\/\/bihavadis.com\/index.php\/2026\/03\/02\/depremin-3-yildonumu-mevlit-programi\/","title":{"rendered":"Depremin 3. Y\u0131ld\u00f6n\u00fcm\u00fc Mevlit Program\u0131"},"content":{"rendered":"<p> \u0130\u00e7i\u015fleri Bakan\u0131 Ali Yerlikaya, Kahramanmara\u015f merkezli depremlerin 3. y\u0131l d\u00f6n\u00fcm\u00fc dolay\u0131s\u0131yla geldi\u011fi Ad\u0131yaman&#8217;da, depremde hayat\u0131n\u0131 kaybedenler i\u00e7in d\u00fczenlenen mevlit program\u0131na kat\u0131ld\u0131.<\/p>\n<p>6 \u015eubat depremlerinin 3. y\u0131l d\u00f6n\u00fcm\u00fc dolay\u0131s\u0131yla Ad\u0131yaman&#8217;a gelen \u0130\u00e7i\u015fleri Bakan\u0131 Ali Yerlikaya, depremde hayat\u0131n\u0131 kaybeden vatanda\u015flar i\u00e7in d\u00fczenlenen mevlit program\u0131na kat\u0131ld\u0131. Programda din g\u00f6revlileri taraf\u0131ndan depremde hayat\u0131n\u0131 kaybedenler i\u00e7in Kur&#8217;an-\u0131 Kerim tilavetinin ard\u0131ndan dualar edildi.<\/p>\n<p>Ad\u0131yaman Meydan Camii&#8217;nde d\u00fczenlenen mevlit program\u0131na \u0130\u00e7i\u015fleri Bakan\u0131 Ali Yerlikaya, Emniyet Genel M\u00fcd\u00fcr\u00fc Mahmut Demirta\u015f, Jandarma Genel Komutan\u0131 Orgeneral Ali \u00c7ardakc\u0131, Vali Osman Varol, \u00c7al\u0131\u015fma ve Sosyal G\u00fcvenlik Bakan Yard\u0131mc\u0131s\u0131 Ahmet Ayd\u0131n, Ad\u0131yaman \u00dcniversitesi Rekt\u00f6r\u00fc Prof. Dr. Mehmet Kele\u015f, AK Parti \u0130l Ba\u015fkan\u0131 Ekrem \u00c7ad\u0131r, milletvekilleri, kurum ve kurulu\u015f m\u00fcd\u00fcrleri ile amirleri ve \u00e7ok say\u0131da vatanda\u015f kat\u0131ld\u0131. &#8211; ADIYAMAN<\/p>\n","protected":false},"excerpt":{"rendered":"<p>\u0130\u00e7i\u015fleri Bakan\u0131 Yerlikaya, Ad\u0131yaman&#8217;da depremde hayat\u0131n\u0131 kaybedenler i\u00e7in mevlit program\u0131na kat\u0131ld\u0131.<\/p>\n","protected":false},"author":1,"featured_media":57108,"comment_status":"open","ping_status":"open","sticky":false,"template":"","format":"standard","meta":{"footnotes":""},"categories":[12],"tags":[2191],"class_list":["post-57107","post","type-post","status-publish","format-standard","has-post-thumbnail","hentry","category-siyaset","tag-adiyaman"],"_links":{"self":[{"href":"https:\/\/bihavadis.com\/index.php\/wp-json\/wp\/v2\/posts\/57107","targetHints":{"allow":["GET"]}}],"collection":[{"href":"https:\/\/bihavadis.com\/index.php\/wp-json\/wp\/v2\/posts"}],"about":[{"href":"https:\/\/bihavadis.com\/index.php\/wp-json\/wp\/v2\/types\/post"}],"author":[{"embeddable":true,"href":"https:\/\/bihavadis.com\/index.php\/wp-json\/wp\/v2\/users\/1"}],"replies":[{"embeddable":true,"href":"https:\/\/bihavadis.com\/index.php\/wp-json\/wp\/v2\/comments?post=57107"}],"version-history":[{"count":1,"href":"https:\/\/bihavadis.com\/index.php\/wp-json\/wp\/v2\/posts\/57107\/revisions"}],"predecessor-version":[{"id":57109,"href":"https:\/\/bihavadis.com\/index.php\/wp-json\/wp\/v2\/posts\/57107\/revisions\/57109"}],"wp:featuredmedia":[{"embeddable":true,"href":"https:\/\/bihavadis.com\/index.php\/wp-json\/wp\/v2\/media\/57108"}],"wp:attachment":[{"href":"https:\/\/bihavadis.com\/index.php\/wp-json\/wp\/v2\/media?parent=57107"}],"wp:term":[{"taxonomy":"category","embeddable":true,"href":"https:\/\/bihavadis.com\/index.php\/wp-json\/wp\/v2\/categories?post=57107"},{"taxonomy":"post_tag","embeddable":true,"href":"https:\/\/bihavadis.com\/index.php\/wp-json\/wp\/v2\/tags?post=57107"}],"curies":[{"name":"wp","href":"https:\/\/api.w.org\/{rel}","templated":true}]}}