{"id":57126,"date":"2026-03-02T15:21:07","date_gmt":"2026-03-02T15:21:07","guid":{"rendered":"https:\/\/bihavadis.com\/?p=57126"},"modified":"2026-03-02T15:21:07","modified_gmt":"2026-03-02T15:21:07","slug":"ihracat-basarisina-odul","status":"publish","type":"post","link":"https:\/\/bihavadis.com\/index.php\/2026\/03\/02\/ihracat-basarisina-odul\/","title":{"rendered":"\u0130hracat Ba\u015far\u0131s\u0131na \u00d6d\u00fcl"},"content":{"rendered":"<p> Akdeniz Mobilya, Ka\u011f\u0131t ve Orman \u00dcr\u00fcnleri \u0130hracat\u00e7\u0131lar Birli\u011fi (AKAM\u0130B) taraf\u0131ndan 2025 y\u0131l\u0131nda birlik b\u00fcnyesinde en fazla ihracat yapan firmalara \u00f6d\u00fcl verildi.<\/p>\n<p>Kentteki bir d\u00fc\u011f\u00fcn salonunda ger\u00e7ekle\u015ftirilen t\u00f6rende, 2025 y\u0131l\u0131nda 1 milyar 236 milyon dolar ihracat de\u011ferine ula\u015f\u0131lmas\u0131nda katk\u0131 sa\u011flayan Kayseri, Mersin, Adana, Hatay, Karaman ve Ni\u011fde&#8217;deki firmalar \u00f6d\u00fcllendirildi.<\/p>\n<p>Ticaret Bakanl\u0131\u011f\u0131 \u0130hracat Genel M\u00fcd\u00fcr Yard\u0131mc\u0131s\u0131 Tayfun K\u0131l\u0131\u00e7, burada yapt\u0131\u011f\u0131 konu\u015fmada, 2025 y\u0131l\u0131n\u0131n k\u00fcresel ticarette belirsizliklerin y\u00fckseldi\u011fi, korumac\u0131l\u0131k e\u011filimlerinin g\u00fc\u00e7 kazand\u0131\u011f\u0131 ve d\u00fcnya ticaretinde paradigma de\u011fi\u015fikli\u011finin ya\u015fand\u0131\u011f\u0131 bir d\u00f6nem olarak tarihe ge\u00e7ti\u011fini belirtti.<\/p>\n<p>K\u0131l\u0131\u00e7, zay\u0131f d\u0131\u015f talep g\u00f6r\u00fcn\u00fcm\u00fcne ek olarak, T\u00fcrkiye&#8217;nin yak\u0131n co\u011frafyas\u0131ndaki \u00e7at\u0131\u015fmalar, artan jeopolitik gerilimler ve orant\u0131s\u0131z tarife art\u0131\u015flar\u0131n\u0131n uzun s\u00fcredir g\u00f6r\u00fclmeyen \u00f6l\u00e7\u00fcde y\u00fcksek bir belirsizlik ve \u00f6ng\u00f6r\u00fclemezlik ortam\u0131 olu\u015fturdu\u011funu kaydetti.<\/p>\n<p>T\u00fcrkiye&#8217;nin t\u00fcm bu olumsuzluklara ra\u011fmen mal ihracat\u0131n\u0131n 2025 y\u0131l\u0131nda 273,4 milyar dolara y\u00fckseldi\u011finin alt\u0131n\u0131 \u00e7izen K\u0131l\u0131\u00e7, &#8220;Cumhuriyet tarihimizin ihracat rekoru k\u0131r\u0131lm\u0131\u015f ve ihracattaki istikrarl\u0131 y\u00fckseli\u015f e\u011filimi korunmu\u015ftur. 2025 y\u0131l\u0131nda ihracat\u0131n ithalat\u0131 kar\u015f\u0131lama oran\u0131 y\u00fczde 74,8 seviyesinde ger\u00e7ekle\u015ferek d\u0131\u015f ticarette dengelenme e\u011filiminin devam etti\u011fini g\u00f6stermi\u015ftir. Bu oran, ihracat\u0131n d\u0131\u015f ticaret a\u00e7\u0131\u011f\u0131n\u0131n s\u0131n\u0131rland\u0131r\u0131lmas\u0131nda oynad\u0131\u011f\u0131 kritik rol\u00fc bir kez daha ortaya koymu\u015ftur.&#8221; dedi.<\/p>\n<p>&#8220;T\u00fcrkiye, d\u00fcnyada en fazla mobilya ihracat\u0131 ger\u00e7ekle\u015ftiren ilk 10 \u00fclke aras\u0131nda&#8221;<\/p>\n<p>Mobilya sekt\u00f6r\u00fcn\u00fcn T\u00fcrkiye&#8217;nin en k\u00f6kl\u00fc ve en dinamik sekt\u00f6rlerinden biri oldu\u011funu kaydeden K\u0131l\u0131\u00e7, \u015f\u00f6yle konu\u015ftu: <\/p>\n<p>&#8220;Sekt\u00f6r\u00fcm\u00fcz\u00fcn ba\u015far\u0131s\u0131n\u0131n ard\u0131nda b\u00fcy\u00fck bir emek, tasar\u0131m g\u00fcc\u00fc, al\u0131n teri ve azim bulunmaktad\u0131r. Bu sekt\u00f6rde 2025 y\u0131l\u0131nda da bir \u00f6nceki y\u0131la g\u00f6re y\u00fczde 1,8 oran\u0131nda art\u0131\u015f g\u00f6stermi\u015f ve yakla\u015f\u0131k 4,6 milyar dolar seviyesine ula\u015fm\u0131\u015ft\u0131r. T\u00fcrkiye, d\u00fcnyada en fazla mobilya ihracat\u0131 ger\u00e7ekle\u015ftiren ilk 10 \u00fclke aras\u0131na girmeyi de ba\u015farm\u0131\u015ft\u0131r. 2025 y\u0131l\u0131nda da 200&#8217;\u00fcn \u00fczerinde \u00fclkeye ihracat yaparak k\u00fcresel eri\u015fimini geni\u015fletmi\u015ftir. \u00dclkemizin k\u00fcresel mobilya ihracat\u0131ndan ald\u0131\u011f\u0131 pay\u0131n y\u00fczde 1,9&#8217;a ula\u015fmas\u0131 ve T\u00fcrk mobilyas\u0131n\u0131n d\u00fcnyan\u0131n d\u00f6rt bir yan\u0131nda tercih edilmesi hepimiz i\u00e7in b\u00fcy\u00fck bir gurur kayna\u011f\u0131 olmu\u015ftur.&#8221;<\/p>\n<p>T\u00fcrkiye \u0130hracat\u00e7\u0131lar Meclisi (T\u0130M) Ba\u015fkanvekili Ahmet G\u00fcle\u00e7 de 2026&#8217;n\u0131n ilk ay\u0131nda ihracat\u0131n ge\u00e7en y\u0131l\u0131n ayn\u0131 ay\u0131na g\u00f6re y\u00fczde 3,9 azal\u0131\u015fla 20,3 milyar dolar seviyesinde ger\u00e7ekle\u015fti\u011fini s\u00f6yledi.<\/p>\n<p>\u0130hracat a\u00e7\u0131s\u0131ndan kritik bir d\u00f6nemde olduklar\u0131n\u0131 vurgulayan G\u00fcle\u00e7, &#8220;Mevcut pazarlardaki pay\u0131m\u0131z\u0131 korumak i\u00e7in rekabet\u00e7ili\u011fimizi yeniden kazanmak zorunday\u0131z. Genel tablodaki bu zorlanmaya ra\u011fmen mobilya, ka\u011f\u0131t ve orman \u00fcr\u00fcnleri sekt\u00f6r\u00fcm\u00fcz\u00fcn g\u00f6sterdi\u011fi diren\u00e7 olduk\u00e7a k\u0131ymetli.&#8221; ifadelerini kulland\u0131.<\/p>\n<p>Akdeniz \u0130hracat\u00e7\u0131 Birlikleri (AK\u0130B) Y\u00f6netim Kurulu Ba\u015fkan\u0131 Onur K\u0131l\u0131\u00e7er de birli\u011fin \u00fcye say\u0131s\u0131n\u0131n 2025 y\u0131l\u0131nda 5 bine ula\u015ft\u0131\u011f\u0131n\u0131 aktard\u0131.<\/p>\n<p>Sekt\u00f6r temsilcilerinin 165 \u00fclkeye ihracat yapt\u0131\u011f\u0131n\u0131n alt\u0131n\u0131 \u00e7izen K\u0131l\u0131\u00e7er, \u015funlar\u0131 kaydetti: <\/p>\n<p>&#8220;2025 y\u0131l\u0131nda \u00fclkemiz ihracat\u0131 a\u00e7\u0131s\u0131ndan zorlu bir d\u00f6nemi daha geride b\u0131rakt\u0131k. Tarife sava\u015flar\u0131, etraf\u0131m\u0131zda ve d\u00fcnyam\u0131zda s\u00fcren s\u0131cak sava\u015flar, gerilimler ve \u00c7in&#8217;in olumsuz etkisi sekt\u00f6r\u00fcm\u00fcz\u00fc zorlasa da \u015funu belirtmek isterim ki ihracat ve \u00fcretim uzun soluklu s\u00fcre\u00e7lerdir. Sekt\u00f6r\u00fcm\u00fcz y\u0131llar i\u00e7inde olu\u015fturdu\u011fu g\u00fc\u00e7l\u00fc bir ekosisteme sahip olup d\u00fcnyada mobilya konusunda marka olma yolunda h\u0131zla ilerlemektedir. Bu nedenle, ihracat\u00e7\u0131lar\u0131m\u0131z y\u0131llard\u0131r emek verdikleri end\u00fcstriyi ve pazarlar\u0131 korumak ad\u0131na son y\u0131llarda b\u00fcy\u00fck \u00e7aba harcamaktad\u0131r. 2026 y\u0131l\u0131nda da umudumuzu yitirmeden, pazarlar\u0131m\u0131z\u0131 koruyarak var g\u00fcc\u00fcm\u00fczle \u00e7al\u0131\u015fmaya devam edece\u011fiz.&#8221;<\/p>\n<p>Programda, Kayseri Valisi G\u00f6kmen \u00c7i\u00e7ek, AK Parti Kayseri Milletvekili \u015eaban \u00c7opuro\u011flu ile B\u00fcy\u00fck\u015fehir Belediye Ba\u015fkan\u0131 Memduh B\u00fcy\u00fckk\u0131l\u0131\u00e7 da birer konu\u015fma yaparak \u00f6d\u00fcl alanlar\u0131 tebrik etti.<\/p>\n<p>Konu\u015fmalar\u0131n ard\u0131ndan protokol \u00fcyeleri taraf\u0131ndan firma yetkililerine \u00f6d\u00fclleri verildi.<\/p>\n","protected":false},"excerpt":{"rendered":"<p>2025 y\u0131l\u0131nda en fazla ihracat yapan firmalara \u00f6d\u00fcl verildi; T\u00fcrkiye&#8217;nin ihracat\u0131 273,4 milyar dolara ula\u015ft\u0131.<\/p>\n","protected":false},"author":1,"featured_media":57127,"comment_status":"open","ping_status":"open","sticky":false,"template":"","format":"standard","meta":{"footnotes":""},"categories":[8],"tags":[396,982,502,517,700],"class_list":["post-57126","post","type-post","status-publish","format-standard","has-post-thumbnail","hentry","category-ekonomi","tag-ihracat","tag-mobilya","tag-sektor","tag-turk","tag-ulke"],"_links":{"self":[{"href":"https:\/\/bihavadis.com\/index.php\/wp-json\/wp\/v2\/posts\/57126","targetHints":{"allow":["GET"]}}],"collection":[{"href":"https:\/\/bihavadis.com\/index.php\/wp-json\/wp\/v2\/posts"}],"about":[{"href":"https:\/\/bihavadis.com\/index.php\/wp-json\/wp\/v2\/types\/post"}],"author":[{"embeddable":true,"href":"https:\/\/bihavadis.com\/index.php\/wp-json\/wp\/v2\/users\/1"}],"replies":[{"embeddable":true,"href":"https:\/\/bihavadis.com\/index.php\/wp-json\/wp\/v2\/comments?post=57126"}],"version-history":[{"count":1,"href":"https:\/\/bihavadis.com\/index.php\/wp-json\/wp\/v2\/posts\/57126\/revisions"}],"predecessor-version":[{"id":57128,"href":"https:\/\/bihavadis.com\/index.php\/wp-json\/wp\/v2\/posts\/57126\/revisions\/57128"}],"wp:featuredmedia":[{"embeddable":true,"href":"https:\/\/bihavadis.com\/index.php\/wp-json\/wp\/v2\/media\/57127"}],"wp:attachment":[{"href":"https:\/\/bihavadis.com\/index.php\/wp-json\/wp\/v2\/media?parent=57126"}],"wp:term":[{"taxonomy":"category","embeddable":true,"href":"https:\/\/bihavadis.com\/index.php\/wp-json\/wp\/v2\/categories?post=57126"},{"taxonomy":"post_tag","embeddable":true,"href":"https:\/\/bihavadis.com\/index.php\/wp-json\/wp\/v2\/tags?post=57126"}],"curies":[{"name":"wp","href":"https:\/\/api.w.org\/{rel}","templated":true}]}}