{"id":57188,"date":"2026-03-02T16:03:05","date_gmt":"2026-03-02T16:03:05","guid":{"rendered":"https:\/\/bihavadis.com\/?p=57188"},"modified":"2026-03-02T16:03:05","modified_gmt":"2026-03-02T16:03:05","slug":"emmanuel-macrondan-kavgada-oldurulen-genc-icin-sukunet-cagrisi","status":"publish","type":"post","link":"https:\/\/bihavadis.com\/index.php\/2026\/03\/02\/emmanuel-macrondan-kavgada-oldurulen-genc-icin-sukunet-cagrisi\/","title":{"rendered":"Emmanuel Macron&#8217;dan kavgada \u00f6ld\u00fcr\u00fclen gen\u00e7 i\u00e7in s\u00fckunet \u00e7a\u011fr\u0131s\u0131"},"content":{"rendered":"<p>Fransa&#8217;n\u0131n Lyon kentinde\u00a0solcu ve a\u015f\u0131r\u0131 sa\u011fc\u0131 gruplar aras\u0131nda 12 \u015eubat&#8217;ta meydana geldi\u011fi iddia edilen olayda darbedilen 23 ya\u015f\u0131ndaki gen\u00e7, kald\u0131r\u0131ld\u0131\u011f\u0131 hastanede hayat\u0131n\u0131 kaybettmi\u015fti.\u00a0<\/p>\n<p>62. Paris Uluslararas\u0131 Tar\u0131m Fuar\u0131&#8217;n\u0131n a\u00e7\u0131l\u0131\u015f\u0131nda bas\u0131n mensuplar\u0131na konu\u015fan Cumhurba\u015fkan\u0131 Emmanuel Macron, \u00f6len gen\u00e7le ilgili a\u00e7\u0131klamalarda bulundu.<\/p>\n<p><strong>&#8220;M\u0130L\u0130SLERE YER YOK&#8221;<\/strong><\/p>\n<p>\u00d6ld\u00fcr\u00fclen Quentin Deranque i\u00e7in Avrupa&#8217;n\u0131n d\u00f6rt bir yan\u0131ndan a\u015f\u0131r\u0131 sa\u011fc\u0131lar\u0131n kat\u0131l\u0131m\u0131yla bug\u00fcn Lyon&#8217;da d\u00fczenlenecek anma eyleminden \u00f6nce Macron, herkesi s\u00fckunete \u00e7a\u011f\u0131rd\u0131.<\/p>\n<p>Macron, eylemi \u00f6len gen\u00e7 i\u00e7in <em><b>&#8220;anma an\u0131&#8221;<\/b><\/em> olarak nitelendirerek, gelecek hafta d\u00fczenleyecekleri toplant\u0131da farkl\u0131 siyasi partilerle ba\u011f\u0131 olan ve \u015fiddetle hareket eden gruplar\u0131 g\u00f6r\u00fc\u015feceklerini s\u00f6yledi.<\/p>\n<p>Herhangi bir \u015fiddet eyleminin me\u015fru olmad\u0131\u011f\u0131n\u0131 savunan Macron, <em><b>&#8220;Nereden gelirse gelsin, burada milislere yer yok.&#8221; <\/b><\/em>dedi.<\/p>\n<p>Macron, mevcut uluslararas\u0131 ba\u011flamda saf davranmayarak tar\u0131m sekt\u00f6rlerini korumalar\u0131 gerekti\u011finin alt\u0131n\u0131 \u00e7izerek, \u00fcretmeye devam etmenin g\u0131da ba\u011f\u0131ms\u0131zl\u0131\u011f\u0131 a\u00e7\u0131s\u0131ndan \u00f6nemini vurgulad\u0131.<\/p>\n<p><strong>A\u015eIRI SA\u011eCILARIN EYLEMLER\u0130 S\u00dcR\u00dcYOR <\/strong><\/p>\n<p>Lyon kentinde bug\u00fcn yerel saatle 15.00&#8217;ten itibaren farkl\u0131 a\u015f\u0131r\u0131 sa\u011fc\u0131 gruplardan y\u00fczlerce ki\u015finin Deranque i\u00e7in eylem yapmas\u0131 bekleniyor.<\/p>\n<p>Eylemde ta\u015fk\u0131nl\u0131k ihtimaline kar\u015f\u0131 yerel yetkililer, g\u00fcvenlik \u00f6nlemlerinin \u00fcst d\u00fczeye \u00e7\u0131kar\u0131laca\u011f\u0131n\u0131 bildirdi.<\/p>\n<p>RTL radyosunun haberine g\u00f6re, \u00fclkenin g\u00fcneyindeki Nice kentinde gece 300&#8217;den fazla a\u015f\u0131r\u0131 sa\u011fc\u0131, Deranque i\u00e7in eylem yapt\u0131.<\/p>\n<p>Sosyal medyaya yans\u0131yan g\u00f6r\u00fcnt\u00fclere g\u00f6re me\u015faleli eylemciler, <em><b>&#8220;Quentin i\u00e7in adalet&#8221;<\/b><\/em> sloganlar\u0131 att\u0131.<\/p>\n<p><strong>\u015e\u0130DDET OLAYLARI A\u015eIRI SA\u011eCI VE SOLCU GRUPLAR ARASINDA \u00c7IKTI \u0130DD\u0130ASI <\/strong><\/p>\n<p>Avrupa Parlamentosu (AP) \u00fcyesi Boyun E\u011fmeyen Fransa (LFI) partisinden Rima Hassan&#8217;\u0131n konferansa kat\u0131lmak \u00fczere 12 \u015eubat&#8217;ta Lyon&#8217;da bulundu\u011fu s\u0131rada ya\u015fanan \u015fiddet olay\u0131n\u0131n, a\u015f\u0131r\u0131 sa\u011fc\u0131 ve solcu gruplar aras\u0131nda \u00e7\u0131kt\u0131\u011f\u0131 iddia edilmi\u015fti.<\/p>\n<p>A\u015f\u0131r\u0131 sa\u011fc\u0131 Nemesis isimli grup, gencin hayat\u0131n\u0131 kaybetmesinden solcu Jeune Garde isimli grubu sorumlu tutarken bu konuda hen\u00fcz resmi a\u00e7\u0131klama yap\u0131lmad\u0131.<\/p>\n<p><strong>MACRON \u0130T\u0130DAL \u00c7A\u011eRISI YAPMI\u015eTI <\/strong><\/p>\n<p>Macron, ABD merkezli X \u015firketinin sosyal medya platformundan yapt\u0131\u011f\u0131 a\u00e7\u0131klamada, Fransa&#8217;da hi\u00e7bir dava ya da ideolojinin, gencin \u00f6l\u00fcm\u00fcn\u00fc hakl\u0131 \u00e7\u0131karamayaca\u011f\u0131n\u0131 vurgulayarak, itidal \u00e7a\u011fr\u0131s\u0131nda bulunmu\u015ftu.<\/p>\n<p>Frans\u0131z bas\u0131n\u0131na yans\u0131yan g\u00fcvenlik kameras\u0131 kay\u0131tlar\u0131nda Lyon kentinin 5. b\u00f6lgesinde bir grubun 3 genci darbetti\u011fi, gen\u00e7lerden 2&#8217;sinin olay yerinden ka\u00e7may\u0131 ba\u015fard\u0131\u011f\u0131, di\u011ferinin ise yerde hareketsiz yatt\u0131\u011f\u0131 g\u00f6r\u00fclm\u00fc\u015ft\u00fc.<\/p>\n<p><strong>SORU\u015eTURMA A\u00c7ILMI\u015eTI <\/strong><\/p>\n<p>Lyon Savc\u0131l\u0131\u011f\u0131ndan yap\u0131lan a\u00e7\u0131klamada, hayat\u0131n\u0131 kaybeden Deranque&#8217;a 6 ki\u015finin birlikte sald\u0131rd\u0131\u011f\u0131n\u0131n tespit edildi\u011fi belirtilmi\u015fti.<\/p>\n<p>Deranque&#8217;\u0131n ba\u015f\u0131ndan ald\u0131\u011f\u0131 darbe nedeniyle kald\u0131r\u0131ld\u0131\u011f\u0131 hastanede hayat\u0131n\u0131 kaybetti\u011fi olaya ili\u015fkin cinayet soru\u015fturmas\u0131 a\u00e7\u0131lm\u0131\u015ft\u0131.<\/p>\n<p><img decoding=\"async\" src=\"https:\/\/bihavadis.com\/wp-content\/uploads\/2026\/03\/emmanuel-macrondan-kavgada-oldurulen-genc-icin-sukunet-cagrisi-0-7vPgHXds.jpg\"\/> <\/p>\n<div> <span><strong>Kaynak:<\/strong> Anadolu Ajans\u0131 (AA)<\/span> <\/div>\n","protected":false},"excerpt":{"rendered":"<p>Fransa&#8217;n\u0131n Lyon kentinde\u00a0solcu ve a\u015f\u0131r\u0131 sa\u011fc\u0131 gruplar aras\u0131nda 12 \u015eubat&#8217;ta meydana geldi\u011fi iddia edilen olayda darbedilen 23 ya\u015f\u0131ndaki gen\u00e7, kald\u0131r\u0131ld\u0131\u011f\u0131 hastanede hayat\u0131n\u0131 kaybettmi\u015fti.\u00a0 62. Paris Uluslararas\u0131 Tar\u0131m Fuar\u0131&#8217;n\u0131n a\u00e7\u0131l\u0131\u015f\u0131nda bas\u0131n &#8230;<\/p>\n","protected":false},"author":1,"featured_media":57189,"comment_status":"open","ping_status":"open","sticky":false,"template":"","format":"standard","meta":{"footnotes":""},"categories":[6],"tags":[6958,1502,1889,1510,256],"class_list":["post-57188","post","type-post","status-publish","format-standard","has-post-thumbnail","hentry","category-dunya","tag-asiri-sagci","tag-eylem","tag-lyon","tag-macron","tag-olay"],"_links":{"self":[{"href":"https:\/\/bihavadis.com\/index.php\/wp-json\/wp\/v2\/posts\/57188","targetHints":{"allow":["GET"]}}],"collection":[{"href":"https:\/\/bihavadis.com\/index.php\/wp-json\/wp\/v2\/posts"}],"about":[{"href":"https:\/\/bihavadis.com\/index.php\/wp-json\/wp\/v2\/types\/post"}],"author":[{"embeddable":true,"href":"https:\/\/bihavadis.com\/index.php\/wp-json\/wp\/v2\/users\/1"}],"replies":[{"embeddable":true,"href":"https:\/\/bihavadis.com\/index.php\/wp-json\/wp\/v2\/comments?post=57188"}],"version-history":[{"count":1,"href":"https:\/\/bihavadis.com\/index.php\/wp-json\/wp\/v2\/posts\/57188\/revisions"}],"predecessor-version":[{"id":57191,"href":"https:\/\/bihavadis.com\/index.php\/wp-json\/wp\/v2\/posts\/57188\/revisions\/57191"}],"wp:featuredmedia":[{"embeddable":true,"href":"https:\/\/bihavadis.com\/index.php\/wp-json\/wp\/v2\/media\/57189"}],"wp:attachment":[{"href":"https:\/\/bihavadis.com\/index.php\/wp-json\/wp\/v2\/media?parent=57188"}],"wp:term":[{"taxonomy":"category","embeddable":true,"href":"https:\/\/bihavadis.com\/index.php\/wp-json\/wp\/v2\/categories?post=57188"},{"taxonomy":"post_tag","embeddable":true,"href":"https:\/\/bihavadis.com\/index.php\/wp-json\/wp\/v2\/tags?post=57188"}],"curies":[{"name":"wp","href":"https:\/\/api.w.org\/{rel}","templated":true}]}}