{"id":57220,"date":"2026-03-02T16:27:04","date_gmt":"2026-03-02T16:27:04","guid":{"rendered":"https:\/\/bihavadis.com\/?p=57220"},"modified":"2026-03-02T16:27:04","modified_gmt":"2026-03-02T16:27:04","slug":"galatasarayla-da-aniliyordu-newells-old-boysun-baskanindan-messi-aciklamasi","status":"publish","type":"post","link":"https:\/\/bihavadis.com\/index.php\/2026\/03\/02\/galatasarayla-da-aniliyordu-newells-old-boysun-baskanindan-messi-aciklamasi\/","title":{"rendered":"Galatasaray&#8217;la da an\u0131l\u0131yordu! Newell&#8217;s Old Boys&#8217;un ba\u015fkan\u0131ndan Messi a\u00e7\u0131klamas\u0131"},"content":{"rendered":"<p>S\u00fcper Lig&#8217;de lider durumda bulunan Galatasaray&#8217;a transfer olaca\u011f\u0131 iddia edilen Arjantinli futbolcu Lionel Messi&#8217;nin gelece\u011fiyle ilgili s\u0131cak bir geli\u015fme ya\u015fand\u0131. Newell&#8217;s Old Boys Kul\u00fcb\u00fc Ba\u015fkan\u0131 Juan Manuel Medina, Messi hakk\u0131nda konu\u015ftu. <\/p>\n<p><b>&#8221;NEWELL&#8217;S&#8217;TA OYNAMASI \u0130\u00c7\u0130N \u00c7ALI\u015eIYORUZ&#8221;<\/b><\/p>\n<p>Newell&#8217;s Old Boys, Ba\u015fkan\u0131 Medina, altyap\u0131lar\u0131ndan yeti\u015fen Lionel Messi&#8217;yi transfer etmek istediklerini belirterek,&#8221;Leo&#8217;nun 2027&#8217;nin ilk yar\u0131s\u0131nda Newell&#8217;s&#8217;ta oynamas\u0131 i\u00e7in \u00e7al\u0131\u015f\u0131yoruz, ancak \u015fu anda s\u00f6ylenecek ba\u015fka bir \u015fey yok.&#8221; dedi.<\/p>\n<p><b>&#8221;G\u00d6R\u00dc\u015eMELER YAPILDI&#8221;<\/b><\/p>\n<p>G\u00f6r\u00fc\u015fme yap\u0131ld\u0131\u011f\u0131n\u0131 belirten Medina, &#8220;G\u00f6r\u00fc\u015fmeler yap\u0131ld\u0131, fikir g\u00fcndeme geldi, ama \u015fu anda hen\u00fcz bir karar al\u0131nmad\u0131.&#8221; s\u00f6zleriyle konu\u015fmas\u0131n\u0131 noktalad\u0131.<\/p>\n","protected":false},"excerpt":{"rendered":"<p>Galatasaray&#8217;a transfer olaca\u011f\u0131 iddia edilen Arjantinli futbolcu Lionel Messi&#8217;nin gelece\u011fi hakk\u0131nda Newell&#8217;s Old Boys Kul\u00fcb\u00fc Ba\u015fkan\u0131 Juan Manuel Medina&#8217;dan a\u00e7\u0131klama geldi. Medina, Messi&#8217;yi transfer etmek istediklerini ve 2027&#8217;nin ilk yar\u0131s\u0131nda Newell&#8217;s&#8217;ta oynamas\u0131 i\u00e7in \u00e7al\u0131\u015ft\u0131klar\u0131n\u0131 ifade etti. Medina, g\u00f6r\u00fc\u015fmelerin yap\u0131ld\u0131\u011f\u0131n\u0131 ancak hen\u00fcz bir karar al\u0131nmad\u0131\u011f\u0131n\u0131 belirtti.<\/p>\n","protected":false},"author":1,"featured_media":0,"comment_status":"open","ping_status":"open","sticky":false,"template":"","format":"standard","meta":{"footnotes":""},"categories":[14],"tags":[],"class_list":["post-57220","post","type-post","status-publish","format-standard","hentry","category-spor"],"_links":{"self":[{"href":"https:\/\/bihavadis.com\/index.php\/wp-json\/wp\/v2\/posts\/57220","targetHints":{"allow":["GET"]}}],"collection":[{"href":"https:\/\/bihavadis.com\/index.php\/wp-json\/wp\/v2\/posts"}],"about":[{"href":"https:\/\/bihavadis.com\/index.php\/wp-json\/wp\/v2\/types\/post"}],"author":[{"embeddable":true,"href":"https:\/\/bihavadis.com\/index.php\/wp-json\/wp\/v2\/users\/1"}],"replies":[{"embeddable":true,"href":"https:\/\/bihavadis.com\/index.php\/wp-json\/wp\/v2\/comments?post=57220"}],"version-history":[{"count":1,"href":"https:\/\/bihavadis.com\/index.php\/wp-json\/wp\/v2\/posts\/57220\/revisions"}],"predecessor-version":[{"id":57221,"href":"https:\/\/bihavadis.com\/index.php\/wp-json\/wp\/v2\/posts\/57220\/revisions\/57221"}],"wp:attachment":[{"href":"https:\/\/bihavadis.com\/index.php\/wp-json\/wp\/v2\/media?parent=57220"}],"wp:term":[{"taxonomy":"category","embeddable":true,"href":"https:\/\/bihavadis.com\/index.php\/wp-json\/wp\/v2\/categories?post=57220"},{"taxonomy":"post_tag","embeddable":true,"href":"https:\/\/bihavadis.com\/index.php\/wp-json\/wp\/v2\/tags?post=57220"}],"curies":[{"name":"wp","href":"https:\/\/api.w.org\/{rel}","templated":true}]}}