{"id":57229,"date":"2026-03-02T21:06:08","date_gmt":"2026-03-02T21:06:08","guid":{"rendered":"https:\/\/bihavadis.com\/?p=57229"},"modified":"2026-03-02T21:06:08","modified_gmt":"2026-03-02T21:06:08","slug":"marco-asensio-avrupa-maclarinda-etkisini-gosteremedi","status":"publish","type":"post","link":"https:\/\/bihavadis.com\/index.php\/2026\/03\/02\/marco-asensio-avrupa-maclarinda-etkisini-gosteremedi\/","title":{"rendered":"Marco Asensio, Avrupa ma\u00e7lar\u0131nda etkisini g\u00f6steremedi"},"content":{"rendered":"<p>Fenerbah\u00e7e, UEFA Avrupa Ligi son 16 play-off turu ilk ma\u00e7\u0131nda Nottingham Forest kar\u015f\u0131s\u0131nda sahada etkisiz kald\u0131.<\/p>\n<p>\u00d6zellikle Marco Asensio, sar\u0131-lacivertlilerin h\u00fccum g\u00fcc\u00fcn\u00fc adeta s\u0131rtlayan isim olmas\u0131na ra\u011fmen \u0130ngiliz ekibi kar\u015f\u0131s\u0131nda etkisiz kald\u0131.<\/p>\n<p><strong>ETK\u0130S\u0130Z KALDI <\/strong><\/p>\n<p>\u0130spanyol y\u0131ld\u0131z, 90 dakika sahada kalmas\u0131na ra\u011fmen sadece 42 kez topla bulu\u015fabildi, 2 \u015fut \u00e7ekti ve yaln\u0131zca 1 kilit pas \u00fcretebildi.<\/p>\n<p>Vitor Pereira&#8217;n\u0131n Sangare&#8217;yi Asensio&#8217;ya yak\u0131n oynatmas\u0131, oyuncunun beklenen etkinli\u011fi g\u00f6stermesini engelledi.<\/p>\n<p><img decoding=\"async\" src=\"https:\/\/bihavadis.com\/wp-content\/uploads\/2026\/03\/marco-asensio-avrupa-maclarinda-etkisini-gosteremedi-0-t3fxiscm.jpg\"\/><\/p>\n<p><strong>AVRUPA MA\u00c7LARINDA KAYIP&#8230;<\/strong><\/p>\n<p>Sezon genelinde S\u00fcper Lig, T\u00fcrkiye Kupas\u0131 ve TFF S\u00fcper Kupa&#8217;da 22 ma\u00e7ta 12 gol ve 9 asist \u00fcreterek tak\u0131m\u0131n\u0131 s\u0131rtlayan Asensio, Avrupa Ligi&#8217;nde ise 8 ma\u00e7ta toplam 525 dakika forma giymesine ra\u011fmen gol veya asist katk\u0131s\u0131 sa\u011flayamad\u0131.<\/p>\n<p><img decoding=\"async\" src=\"https:\/\/bihavadis.com\/wp-content\/uploads\/2026\/03\/marco-asensio-avrupa-maclarinda-etkisini-gosteremedi-1-lLJhcpWa.jpg\"\/><\/p>\n<p><strong>GOL VE AS\u0130ST KATKISI VEREMED\u0130<\/strong><\/p>\n<p>Nottingham Forest kar\u015f\u0131s\u0131nda da Talisca ve Kerem Akt\u00fcrko\u011flu ile birlikte etkisiz kalan Asensio, Fenerbah\u00e7e&#8217;nin Avrupa arenas\u0131ndaki hayal k\u0131r\u0131kl\u0131\u011f\u0131nda en dikkat \u00e7ekici isim oldu.<\/p>\n<p><img decoding=\"async\" src=\"https:\/\/bihavadis.com\/wp-content\/uploads\/2026\/03\/marco-asensio-avrupa-maclarinda-etkisini-gosteremedi-2-bvnsKFvr.jpg\"\/> <\/p>\n<div> <span><strong>Kaynak:<\/strong> Ensonhaber Haber Merkezi<\/span> <\/div>\n","protected":false},"excerpt":{"rendered":"<p>Fenerbah\u00e7e, UEFA Avrupa Ligi son 16 play-off turu ilk ma\u00e7\u0131nda Nottingham Forest kar\u015f\u0131s\u0131nda sahada etkisiz kald\u0131. \u00d6zellikle Marco Asensio, sar\u0131-lacivertlilerin h\u00fccum g\u00fcc\u00fcn\u00fc adeta s\u0131rtlayan isim olmas\u0131na ra\u011fmen \u0130ngiliz ekibi kar\u015f\u0131s\u0131nda etkisiz kald\u0131 &#8230;<\/p>\n","protected":false},"author":1,"featured_media":57230,"comment_status":"open","ping_status":"open","sticky":false,"template":"","format":"standard","meta":{"footnotes":""},"categories":[14],"tags":[],"class_list":["post-57229","post","type-post","status-publish","format-standard","has-post-thumbnail","hentry","category-spor"],"_links":{"self":[{"href":"https:\/\/bihavadis.com\/index.php\/wp-json\/wp\/v2\/posts\/57229","targetHints":{"allow":["GET"]}}],"collection":[{"href":"https:\/\/bihavadis.com\/index.php\/wp-json\/wp\/v2\/posts"}],"about":[{"href":"https:\/\/bihavadis.com\/index.php\/wp-json\/wp\/v2\/types\/post"}],"author":[{"embeddable":true,"href":"https:\/\/bihavadis.com\/index.php\/wp-json\/wp\/v2\/users\/1"}],"replies":[{"embeddable":true,"href":"https:\/\/bihavadis.com\/index.php\/wp-json\/wp\/v2\/comments?post=57229"}],"version-history":[{"count":1,"href":"https:\/\/bihavadis.com\/index.php\/wp-json\/wp\/v2\/posts\/57229\/revisions"}],"predecessor-version":[{"id":57234,"href":"https:\/\/bihavadis.com\/index.php\/wp-json\/wp\/v2\/posts\/57229\/revisions\/57234"}],"wp:featuredmedia":[{"embeddable":true,"href":"https:\/\/bihavadis.com\/index.php\/wp-json\/wp\/v2\/media\/57230"}],"wp:attachment":[{"href":"https:\/\/bihavadis.com\/index.php\/wp-json\/wp\/v2\/media?parent=57229"}],"wp:term":[{"taxonomy":"category","embeddable":true,"href":"https:\/\/bihavadis.com\/index.php\/wp-json\/wp\/v2\/categories?post=57229"},{"taxonomy":"post_tag","embeddable":true,"href":"https:\/\/bihavadis.com\/index.php\/wp-json\/wp\/v2\/tags?post=57229"}],"curies":[{"name":"wp","href":"https:\/\/api.w.org\/{rel}","templated":true}]}}