{"id":57241,"date":"2026-03-02T21:15:10","date_gmt":"2026-03-02T21:15:10","guid":{"rendered":"https:\/\/bihavadis.com\/?p=57241"},"modified":"2026-03-02T21:15:10","modified_gmt":"2026-03-02T21:15:10","slug":"emekli-polis-icin-taziye-mesaji","status":"publish","type":"post","link":"https:\/\/bihavadis.com\/index.php\/2026\/03\/02\/emekli-polis-icin-taziye-mesaji\/","title":{"rendered":"Emekli Polis \u0130\u00e7in Taziye Mesaj\u0131"},"content":{"rendered":"<p>\n<p>MERS\u0130N&#8217;in Silifke il\u00e7esinde ge\u00e7en hafta hayat\u0131n\u0131 kaybeden emekli polis memuru Mehmet Ali Gen\u00e7 i\u00e7in \u0130\u00e7i\u015fleri Bakan\u0131 Ali Yerlikaya taziye mesaj\u0131 yay\u0131mlad\u0131. Gen\u00e7&#8217;in ailesi ise mesaj dolay\u0131s\u0131yla Bakan Yerlikaya&#8217;ya te\u015fekk\u00fcr etti.<\/p>\n<p>1963 y\u0131l\u0131nda T\u00fcrk Polis Te\u015fkilat\u0131&#8217;nda g\u00f6reve ba\u015flayan ve uzun y\u0131llar devlete hizmet eden emekli polis memuru Mehmet Ali Gen\u00e7, ge\u00e7en hafta Mersin&#8217;in Silifke il\u00e7esinde hayat\u0131n\u0131 kaybetti. Gen\u00e7&#8217;in vefat\u0131 ile ailesi ve birlikte g\u00f6rev yapt\u0131\u011f\u0131 meslekta\u015flar\u0131 \u00fcz\u00fcnt\u00fc ya\u015fad\u0131. T\u00fcrk Polis Te\u015fkilat\u0131&#8217;n\u0131n 180&#8217;inci kurulu\u015f y\u0131l d\u00f6n\u00fcm\u00fc dolay\u0131s\u0131yla payla\u015f\u0131lan videoda da yer alan Mehmet Ali Gen\u00e7 i\u00e7in \u0130\u00e7i\u015fleri Bakan\u0131 Ali Yerlikaya taziye mesaj\u0131 yay\u0131mlad\u0131. <\/p>\n<p>Bakan Yerlikaya mesaj\u0131nda, &#8220;T\u00fcrk Polis Te\u015fkilat\u0131m\u0131z\u0131n 180&#8217;inci kurulu\u015f y\u0131l d\u00f6n\u00fcm\u00fc vesilesiyle payla\u015ft\u0131\u011f\u0131m\u0131z videoda; 1963 y\u0131l\u0131nda o asil \u00fcniformay\u0131 giyip g\u00f6reve ba\u015flam\u0131\u015f, \u00f6mr\u00fcn\u00fc devletine ve milletine adam\u0131\u015f emekli Polis Memurumuz Mehmet Ali amcam\u0131z\u0131 ge\u00e7en hafta kaybettik. Merhum Mehmet Ali Gen\u00e7 amcam\u0131za Allah&#8217;tan rahmet, k\u0131ymetli ailesine, yak\u0131nlar\u0131na ve Emniyet Te\u015fkilat\u0131m\u0131za ba\u015fsa\u011fl\u0131\u011f\u0131 diliyorum. Mekan\u0131 cennet olsun&#8221; ifadelerine yer verdi.<\/p>\n<p>Gen\u00e7&#8217;in e\u015fi Ay\u015fe Gen\u00e7, yay\u0131mlanan taziye mesaj\u0131 dolay\u0131s\u0131yla \u0130\u00e7i\u015fleri Bakan\u0131 Yerlikaya&#8217;ya te\u015fekk\u00fcr ederek, &#8220;\u0130\u00e7i\u015fleri Bakan\u0131m\u0131za taziye mesajlar\u0131 i\u00e7in \u00e7ok te\u015fekk\u00fcr ederim&#8221; dedi. <\/p>\n","protected":false},"excerpt":{"rendered":"<p>\u0130\u00e7i\u015fleri Bakan\u0131 Yerlikaya, vefat eden emekli polis Mehmet Ali Gen\u00e7 i\u00e7in taziye mesaj\u0131 yay\u0131mlad\u0131.<\/p>\n","protected":false},"author":1,"featured_media":57242,"comment_status":"open","ping_status":"open","sticky":false,"template":"","format":"standard","meta":{"footnotes":""},"categories":[9,4,13],"tags":[436,340,294,261,2590],"class_list":["post-57241","post","type-post","status-publish","format-standard","has-post-thumbnail","hentry","category-genel","category-gundem","category-son-dakika","tag-bakan","tag-genc","tag-mesaj","tag-polis","tag-yerlikaya"],"_links":{"self":[{"href":"https:\/\/bihavadis.com\/index.php\/wp-json\/wp\/v2\/posts\/57241","targetHints":{"allow":["GET"]}}],"collection":[{"href":"https:\/\/bihavadis.com\/index.php\/wp-json\/wp\/v2\/posts"}],"about":[{"href":"https:\/\/bihavadis.com\/index.php\/wp-json\/wp\/v2\/types\/post"}],"author":[{"embeddable":true,"href":"https:\/\/bihavadis.com\/index.php\/wp-json\/wp\/v2\/users\/1"}],"replies":[{"embeddable":true,"href":"https:\/\/bihavadis.com\/index.php\/wp-json\/wp\/v2\/comments?post=57241"}],"version-history":[{"count":1,"href":"https:\/\/bihavadis.com\/index.php\/wp-json\/wp\/v2\/posts\/57241\/revisions"}],"predecessor-version":[{"id":57243,"href":"https:\/\/bihavadis.com\/index.php\/wp-json\/wp\/v2\/posts\/57241\/revisions\/57243"}],"wp:featuredmedia":[{"embeddable":true,"href":"https:\/\/bihavadis.com\/index.php\/wp-json\/wp\/v2\/media\/57242"}],"wp:attachment":[{"href":"https:\/\/bihavadis.com\/index.php\/wp-json\/wp\/v2\/media?parent=57241"}],"wp:term":[{"taxonomy":"category","embeddable":true,"href":"https:\/\/bihavadis.com\/index.php\/wp-json\/wp\/v2\/categories?post=57241"},{"taxonomy":"post_tag","embeddable":true,"href":"https:\/\/bihavadis.com\/index.php\/wp-json\/wp\/v2\/tags?post=57241"}],"curies":[{"name":"wp","href":"https:\/\/api.w.org\/{rel}","templated":true}]}}