{"id":57321,"date":"2026-03-02T22:09:07","date_gmt":"2026-03-02T22:09:07","guid":{"rendered":"https:\/\/bihavadis.com\/?p=57321"},"modified":"2026-03-02T22:09:07","modified_gmt":"2026-03-02T22:09:07","slug":"suriye-ve-fransa-disisleri-bakanlari-gorustu","status":"publish","type":"post","link":"https:\/\/bihavadis.com\/index.php\/2026\/03\/02\/suriye-ve-fransa-disisleri-bakanlari-gorustu\/","title":{"rendered":"Suriye ve Fransa D\u0131\u015fi\u015fleri Bakanlar\u0131 G\u00f6r\u00fc\u015ft\u00fc"},"content":{"rendered":"<p> Fransa D\u0131\u015fi\u015fleri Bakan\u0131 Jean- Noel Barrot, Suriye&#8217;nin ard\u0131ndan b\u00f6lgesel temaslar\u0131n\u0131 Irak&#8217;\u0131n ba\u015fkenti Ba\u011fdat&#8217;ta s\u00fcrd\u00fcrd\u00fc.<\/p>\n<p><b>DEA\u015e&#8217;IN TEKRAR ORTAYA \u00c7IKMA R\u0130SK\u0130<\/b><\/p>\n<p>Burada Irak D\u0131\u015fi\u015fleri Bakan\u0131 Fuad H\u00fcseyin ile bir araya gelen Barrot, ortak bas\u0131n toplant\u0131s\u0131nda konu\u015ftu. Barrot, bir y\u0131l i\u00e7inde ikinci kez Irak&#8217;\u0131 ziyaret etti\u011fini belirterek &#8220;Bu ortakl\u0131\u011f\u0131m\u0131z\u0131n g\u00fcc\u00fc ve kalitesinin yan\u0131 s\u0131ra Fransa&#8217;n\u0131n Irak&#8217;la resmi bir diyalo\u011fu s\u00fcrd\u00fcrmeye verdi\u011fi \u00f6nemi g\u00f6steriyor.&#8221; dedi. Irak&#8217;\u0131n yak\u0131n \u00e7evresinde b\u00f6lgesel gerilim ya\u015fand\u0131\u011f\u0131na dikkati \u00e7eken Barrot, bu durumun askeri bir gerilimin t\u0131rmanmas\u0131 ve ter\u00f6r \u00f6rg\u00fct\u00fc DEA\u015e&#8217;\u0131n yeniden ortaya \u00e7\u0131kmas\u0131 riski ta\u015f\u0131d\u0131\u011f\u0131n\u0131 kaydetti. Barrot, DEA\u015e&#8217;a kar\u015f\u0131 g\u00f6rev bilinciyle Suriye ve Irak&#8217;a geldi\u011fini anlatarak &#8220;Frans\u0131zlar\u0131n g\u00fcvenli\u011fi, burada, Irak ve Suriye&#8217;de \u015fekilleniyor.&#8221; dedi.<\/p>\n<div>\n<figure>Jean-Noel Barrot<\/figure>\n<\/div>\n<p><b>FRANSA VE IRAK ASKERLER\u0130NDEN TER\u00d6RLE M\u00dcCADELEDE ORTAK \u00c7ALI\u015eMA<\/b><\/p>\n<p>Frans\u0131z askerlerin, Irakl\u0131 mevkida\u015flar\u0131yla birlikte Irak&#8217;ta ter\u00f6rle m\u00fccadele kapsam\u0131nda seferber oldu\u011funu kaydeden Barrot, H\u00fcseyin&#8217;le birlikte Suriye&#8217;deki durumu g\u00f6r\u00fc\u015ft\u00fcklerini dile getirdi. Barrot, 30 Ocak&#8217;ta \u015eam Y\u00f6netimi ile ter\u00f6r \u00f6rg\u00fct\u00fc YPG aras\u0131nda imzalanan ate\u015fkes anla\u015fmas\u0131n\u0131 memnuniyetle kar\u015f\u0131lad\u0131klar\u0131n\u0131 belirterek, Fransa ve Irak&#8217;\u0131n, Suriye toplumunun tamam\u0131 i\u00e7in bar\u0131\u015f\u00e7\u0131l ve kapsay\u0131c\u0131 bir ge\u00e7i\u015f s\u00fcrecini destekleme ile ter\u00f6r \u00f6rg\u00fct\u00fc DEA\u015e&#8217;a kar\u015f\u0131 m\u00fccadelenin devam\u0131n\u0131 sa\u011flamada hemfikir oldu\u011funu kaydetti. &#8220;Irak&#8217;\u0131n Suriye&#8217;nin kuzeydo\u011fusundan kendi topraklar\u0131na g\u00f6nderilen binlerce tutukluyu a\u011f\u0131rlamakta \u00f6nemli g\u00f6rev \u00fcstlendi\u011fi&#8221; de\u011ferlendirmesinde bulunan Barrot, &#8220;Irak, bu ba\u011flamda deste\u011fimize g\u00fcvenebilir.&#8221; dedi.<\/p>\n<p><b>&#8220;\u0130RAN&#8217;IN HALKINA TUTUMUNU \u015e\u0130DDETLE KINIYORUZ&#8221;<\/b><\/p>\n<p>Barrot, H\u00fcseyin ile \u0130ran&#8217;daki durumu da g\u00f6r\u00fc\u015ft\u00fcklerini s\u00f6yleyerek, \u015f\u00f6yle devam etti: &#8220;(G\u00f6r\u00fc\u015fmede) \u0130ran makamlar\u0131n\u0131n \u0130ran halk\u0131na y\u00f6nelik kanl\u0131 bask\u0131s\u0131n\u0131 \u015fiddetle k\u0131nad\u0131\u011f\u0131m\u0131z\u0131 dile getirdim. Gerilimin artmas\u0131 riski ve bunun Irak ile b\u00f6lgeye mal olabilecek sonu\u00e7lar\u0131 kar\u015f\u0131s\u0131nda, \u0130ran&#8217;\u0131n ABD&#8217;nin m\u00fczakere talebini kabul etmesinin, n\u00fckleer program\u0131, balistik f\u00fcze cephanesi ve b\u00f6lgeyi istikrars\u0131zla\u015ft\u0131rma faaliyetleri konusunda tavizler vermesinin ve halk\u0131na y\u00f6nelik bask\u0131y\u0131 sona erdirmesinin son derece gerekli oldu\u011funu vurgulad\u0131m.&#8221; Kendi g\u00fcvenlik \u00e7\u0131karlar\u0131n\u0131 ve \u0130ran halk\u0131n\u0131n temel haklar\u0131n\u0131 g\u00f6zeten ve m\u00fczakereyle sa\u011flanacak bir \u00e7\u00f6z\u00fcm bulmaya y\u00f6nelik diplomatik \u00e7abalar\u0131n tamam\u0131n\u0131 desteklediklerini belirten Barrot, &#8220;B\u00f6lgesel ko\u015fullar ne olursa olsun sab\u0131rla elde edilen Irak&#8217;\u0131n istikrar\u0131 ve g\u00fcvenli\u011fi muhafaza edilmeli.&#8221; ifadesini kulland\u0131.<\/p>\n<p><b>&#8220;B\u00d6LGEDE DI\u015e M\u00dcDAHALEDEN UZAK G\u00dc\u00c7L\u00dc DEVLETLER \u0130ST\u0130YORUZ&#8221;<\/b><\/p>\n<p>Barrot, Irak&#8217;\u0131n yeniden aya\u011fa kalkmas\u0131 i\u00e7in bu iki unsurun vazge\u00e7ilmez oldu\u011funu ve b\u00f6lge i\u00e7in &#8220;umut kayna\u011f\u0131&#8221; te\u015fkil etti\u011fini kaydederek, b\u00f6lgede istikrar ve kal\u0131c\u0131 bar\u0131\u015f i\u00e7in \u00e7abalar\u0131n s\u00fcrd\u00fcr\u00fclmesi gerekti\u011fini vurgulad\u0131. H\u00fcseyin&#8217;le \u015fartlar elverdi\u011finde, 3. Ba\u011fdat Konferans\u0131&#8217;n\u0131n d\u00fczenlenmesi i\u00e7in birlikte \u00e7al\u0131\u015fmak konusunda mutab\u0131k kald\u0131klar\u0131n\u0131 aktaran Barrot, b\u00f6lgede d\u0131\u015f m\u00fcdahalelerden uzak g\u00fc\u00e7l\u00fc ve egemen devletler istedikleri g\u00f6r\u00fc\u015f\u00fcn\u00fc payla\u015ft\u0131.<\/p>\n<p><strong>AA\/ \u0130HA<\/strong><\/p>\n","protected":false},"excerpt":{"rendered":"<p>\u015eeybani ve Barrot, Suriye&#8217;deki geli\u015fmeler ve ikili i\u015fbirli\u011fi \u00fczerine g\u00f6r\u00fc\u015f al\u0131\u015fveri\u015finde bulundu.<\/p>\n","protected":false},"author":1,"featured_media":57322,"comment_status":"open","ping_status":"open","sticky":false,"template":"","format":"standard","meta":{"footnotes":""},"categories":[8],"tags":[6892,510,1317,271,361],"class_list":["post-57321","post","type-post","status-publish","format-standard","has-post-thumbnail","hentry","category-ekonomi","tag-barrot","tag-bolge","tag-irak","tag-iran","tag-suriye"],"_links":{"self":[{"href":"https:\/\/bihavadis.com\/index.php\/wp-json\/wp\/v2\/posts\/57321","targetHints":{"allow":["GET"]}}],"collection":[{"href":"https:\/\/bihavadis.com\/index.php\/wp-json\/wp\/v2\/posts"}],"about":[{"href":"https:\/\/bihavadis.com\/index.php\/wp-json\/wp\/v2\/types\/post"}],"author":[{"embeddable":true,"href":"https:\/\/bihavadis.com\/index.php\/wp-json\/wp\/v2\/users\/1"}],"replies":[{"embeddable":true,"href":"https:\/\/bihavadis.com\/index.php\/wp-json\/wp\/v2\/comments?post=57321"}],"version-history":[{"count":1,"href":"https:\/\/bihavadis.com\/index.php\/wp-json\/wp\/v2\/posts\/57321\/revisions"}],"predecessor-version":[{"id":57323,"href":"https:\/\/bihavadis.com\/index.php\/wp-json\/wp\/v2\/posts\/57321\/revisions\/57323"}],"wp:featuredmedia":[{"embeddable":true,"href":"https:\/\/bihavadis.com\/index.php\/wp-json\/wp\/v2\/media\/57322"}],"wp:attachment":[{"href":"https:\/\/bihavadis.com\/index.php\/wp-json\/wp\/v2\/media?parent=57321"}],"wp:term":[{"taxonomy":"category","embeddable":true,"href":"https:\/\/bihavadis.com\/index.php\/wp-json\/wp\/v2\/categories?post=57321"},{"taxonomy":"post_tag","embeddable":true,"href":"https:\/\/bihavadis.com\/index.php\/wp-json\/wp\/v2\/tags?post=57321"}],"curies":[{"name":"wp","href":"https:\/\/api.w.org\/{rel}","templated":true}]}}