{"id":57327,"date":"2026-03-02T22:15:08","date_gmt":"2026-03-02T22:15:08","guid":{"rendered":"https:\/\/bihavadis.com\/?p=57327"},"modified":"2026-03-02T22:15:08","modified_gmt":"2026-03-02T22:15:08","slug":"romanyada-mircea-lucescu-belirsizligi-sona-erdi","status":"publish","type":"post","link":"https:\/\/bihavadis.com\/index.php\/2026\/03\/02\/romanyada-mircea-lucescu-belirsizligi-sona-erdi\/","title":{"rendered":"Romanya&#8217;da Mircea Lucescu belirsizli\u011fi sona erdi"},"content":{"rendered":"<p>Romanya Milli Tak\u0131m\u0131&#8217;nda teknik direkt\u00f6r Mircea Lucescu ile ilgili ya\u015fanan kriz son buldu.<\/p>\n<p>Ya\u015fad\u0131\u011f\u0131 rahats\u0131zl\u0131\u011f\u0131n ard\u0131ndan hastanede tedavi g\u00f6ren Lucescu&#8217;nun g\u00f6revinden ayr\u0131labilece\u011fi g\u00fcndemdeydi.<\/p>\n<p>Romanya Futbol Federasyonu, 80 ya\u015f\u0131ndaki teknik adam\u0131n g\u00f6revinin ba\u015f\u0131nda oldu\u011funu duyurdu.<\/p>\n<p><strong>G\u00d6REV\u0130N BA\u015eINDA OLMAYA DEVAM EDECEK<\/strong><\/p>\n<p>Mircea Lucescu da, g\u00f6reve devam edece\u011finin duyurulmas\u0131n\u0131n ard\u0131ndan a\u00e7\u0131klamalarda bulundu.<\/p>\n<p>Deneyimli teknik adam, <b><em>&#8220;Bug\u00fcnden itibaren tek \u00f6nemli \u015fey, tak\u0131m\u0131n play-off ma\u00e7lar\u0131na haz\u0131rl\u0131\u011f\u0131. Yard\u0131mc\u0131lar\u0131m ve oyuncularla her zaman ileti\u015fim halindeydim, bu s\u00fcre boyunca birlikte en \u00fcst d\u00fczeyde \u00e7al\u0131\u015ft\u0131k. De\u011ferli futbolculardan olu\u015fan bir tak\u0131m\u0131m\u0131z var ve bu ma\u00e7larda \u00e7ok iyi haz\u0131rlanacaklar\u0131na eminim. Yetenekliler ve Rumen halk\u0131n\u0131 mutlu etmek istiyorlar.&#8221; <\/em><\/b>dedi.<\/p>\n<p><img decoding=\"async\" src=\"https:\/\/bihavadis.com\/wp-content\/uploads\/2026\/03\/romanyada-mircea-lucescu-belirsizligi-sona-erdi-0-QWwu7IAj.jpg\"\/><\/p>\n<p><strong>LUCESCU&#8217;DAN A\u00c7IKLAMA GELD\u0130<\/strong><\/p>\n<p>S\u00f6zlerine devam eden Lucescu, <b><em>&#8220;Birlikte elemeyi ba\u015farabilece\u011fimize eminim. \u015eimdi, t\u00fcm Romanya futbolu i\u00e7in \u00e7ok \u00f6nemli olan bu ma\u00e7lara haz\u0131rlanmam\u0131z\u0131 sa\u011flayacak iyi bir atmosfere ihtiyac\u0131m\u0131z var.&#8221;<\/em><\/b> dedi.<\/p>\n<p><strong>D\u00dcNYA KUPASI YOLUNDA RAK\u0130B\u0130M\u0130Z <\/strong><\/p>\n<p>A Milli Tak\u0131m\u0131m\u0131z, D\u00fcnya Kupas\u0131 yolunda Romanya ile play-off&#8217;ta kar\u015f\u0131la\u015facak.<\/p>\n<p>T\u00fcrkiye ile Romanya, 26 Mart&#8217;ta T\u00fcpra\u015f Stadyumu&#8217;nda kar\u015f\u0131 kar\u015f\u0131ya gelecek ve m\u00fccadele saat 20:00&#8217;de ba\u015flayacak.<\/p>\n<p>Bu ma\u00e7\u0131n galibi, Slovakya ile Kosova aras\u0131nda oynanacak ma\u00e7\u0131n galibiyle finalde kar\u015f\u0131la\u015facak.<\/p>\n<p><img decoding=\"async\" src=\"https:\/\/bihavadis.com\/wp-content\/uploads\/2026\/03\/romanyada-mircea-lucescu-belirsizligi-sona-erdi-1-5Fly8sD9.jpg\"\/> <\/p>\n<div> <span><strong>Kaynak:<\/strong> Ensonhaber Haber Merkezi<\/span> <\/div>\n","protected":false},"excerpt":{"rendered":"<p>Romanya Milli Tak\u0131m\u0131&#8217;nda teknik direkt\u00f6r Mircea Lucescu ile ilgili ya\u015fanan kriz son buldu. Ya\u015fad\u0131\u011f\u0131 rahats\u0131zl\u0131\u011f\u0131n ard\u0131ndan hastanede tedavi g\u00f6ren Lucescu&#8217;nun g\u00f6revinden ayr\u0131labilece\u011fi g\u00fcndemdeydi. Romanya Futbol Federasyonu, 80 ya\u015f\u0131ndaki teknik &#8230;<\/p>\n","protected":false},"author":1,"featured_media":57328,"comment_status":"open","ping_status":"open","sticky":false,"template":"","format":"standard","meta":{"footnotes":""},"categories":[14],"tags":[6654,3858],"class_list":["post-57327","post","type-post","status-publish","format-standard","has-post-thumbnail","hentry","category-spor","tag-lucescu","tag-romanya"],"_links":{"self":[{"href":"https:\/\/bihavadis.com\/index.php\/wp-json\/wp\/v2\/posts\/57327","targetHints":{"allow":["GET"]}}],"collection":[{"href":"https:\/\/bihavadis.com\/index.php\/wp-json\/wp\/v2\/posts"}],"about":[{"href":"https:\/\/bihavadis.com\/index.php\/wp-json\/wp\/v2\/types\/post"}],"author":[{"embeddable":true,"href":"https:\/\/bihavadis.com\/index.php\/wp-json\/wp\/v2\/users\/1"}],"replies":[{"embeddable":true,"href":"https:\/\/bihavadis.com\/index.php\/wp-json\/wp\/v2\/comments?post=57327"}],"version-history":[{"count":1,"href":"https:\/\/bihavadis.com\/index.php\/wp-json\/wp\/v2\/posts\/57327\/revisions"}],"predecessor-version":[{"id":57331,"href":"https:\/\/bihavadis.com\/index.php\/wp-json\/wp\/v2\/posts\/57327\/revisions\/57331"}],"wp:featuredmedia":[{"embeddable":true,"href":"https:\/\/bihavadis.com\/index.php\/wp-json\/wp\/v2\/media\/57328"}],"wp:attachment":[{"href":"https:\/\/bihavadis.com\/index.php\/wp-json\/wp\/v2\/media?parent=57327"}],"wp:term":[{"taxonomy":"category","embeddable":true,"href":"https:\/\/bihavadis.com\/index.php\/wp-json\/wp\/v2\/categories?post=57327"},{"taxonomy":"post_tag","embeddable":true,"href":"https:\/\/bihavadis.com\/index.php\/wp-json\/wp\/v2\/tags?post=57327"}],"curies":[{"name":"wp","href":"https:\/\/api.w.org\/{rel}","templated":true}]}}