{"id":57391,"date":"2026-03-02T23:03:07","date_gmt":"2026-03-02T23:03:07","guid":{"rendered":"https:\/\/bihavadis.com\/?p=57391"},"modified":"2026-03-02T23:03:07","modified_gmt":"2026-03-02T23:03:07","slug":"hataydaki-silahli-saldirida-cinsel-taciz-ayrintisi","status":"publish","type":"post","link":"https:\/\/bihavadis.com\/index.php\/2026\/03\/02\/hataydaki-silahli-saldirida-cinsel-taciz-ayrintisi\/","title":{"rendered":"Hatay&#8217;daki silahl\u0131 sald\u0131r\u0131da cinsel taciz ayr\u0131nt\u0131s\u0131"},"content":{"rendered":"<p>Hatay&#8217;da kan donduran seri cinayet giri\u015fimi&#8230;<\/p>\n<p>Bir aileyi katletme giri\u015fiminde bulunan \u015f\u00fcpheli polis ekiplerince yakaland\u0131.<\/p>\n<p>K\u0131r\u0131khan il\u00e7esinde K\u0131r\u0131khan Belediyesi K\u00fclt\u00fcr ve Sosyal \u0130\u015fler M\u00fcd\u00fcr\u00fc Mehmet Demir, 4 y\u0131l \u00f6nce H\u00fcseyin Y\u0131ld\u0131r\u0131m&#8217;a g\u0131da yard\u0131m\u0131 yapt\u0131\u011f\u0131 s\u0131rada, ailenin o g\u00fcn 6 ya\u015f\u0131nda olan k\u0131zlar\u0131 M.D.Y.&#8217;yi taciz etti\u011fi ileri s\u00fcr\u00fcld\u00fc.<\/p>\n<p>Ailenin \u015fikayeti \u00fczerine Mehmet Demir hakk\u0131nda dava a\u00e7\u0131ld\u0131.<\/p>\n<p>Su\u00e7lamalar\u0131 kabul etmeyen \u015f\u00fcpheli, 20 \u015eubat&#8217;ta davan\u0131n duru\u015fmas\u0131na kat\u0131ld\u0131.<\/p>\n<p>Mehmet Demir&#8217;in olay s\u0131ras\u0131nda yan\u0131nda bulunan ve tan\u0131k olarak g\u00f6sterdi\u011fi zab\u0131ta memuru da duru\u015fmaya gelmedi.<\/p>\n<p><strong>OLAY YER\u0130NE POL\u0130S EK\u0130PLER\u0130 SEVK ED\u0130LD\u0130<\/strong><\/p>\n<p>Duru\u015fma \u00e7\u0131k\u0131\u015f\u0131nda \u00f6fkelenen ve eski uzman \u00e7avu\u015f olan Mehmet Demir, daval\u0131k oldu\u011fu Y\u0131ld\u0131r\u0131m ailesinin ya\u015fad\u0131\u011f\u0131 konteyner kente gitti.<\/p>\n<p>Demir, tabancayla \u00f6nce kap\u0131y\u0131 a\u00e7an Cemile Y\u0131ld\u0131r\u0131m&#8217;a, ard\u0131ndan H\u00fcseyin Y\u0131ld\u0131r\u0131m&#8217;a ve sonra da kendisini su\u00e7layan M.D.Y.&#8217;ye ate\u015f etti.<\/p>\n<p>Silah sesleri \u00fczerine konteyner kente sa\u011fl\u0131k ve polis ekipleri sevk edildi.<\/p>\n<p>Ka\u00e7an \u015f\u00fcpheli, K\u0131r\u0131khan Belediyesi&#8217;nin ek binas\u0131na gidip duru\u015fmaya gelmeyen zab\u0131ta Y.G.B.&#8217;ye de 3 el ate\u015f etti.<\/p>\n<p>Y.G.B. yara almad\u0131, \u015f\u00fcpheli ise ka\u00e7t\u0131.<\/p>\n<p><img decoding=\"async\" src=\"https:\/\/bihavadis.com\/wp-content\/uploads\/2026\/03\/hataydaki-silahli-saldirida-cinsel-taciz-ayrintisi-0-JA1qUd2D.jpg\"\/><\/p>\n<p><strong>YARALILARIN DURUMUNUN A\u011eIR OLDU\u011eU B\u0130LD\u0130R\u0130LD\u0130<\/strong><\/p>\n<p>\u0130lk sald\u0131r\u0131n\u0131n ger\u00e7ekle\u015fti\u011fi konteyner kente gelen sa\u011fl\u0131k ekipleri, Cemile Y\u0131ld\u0131r\u0131m&#8217;\u0131n \u00f6ld\u00fc\u011f\u00fcn\u00fc belirledi.<\/p>\n<p>Yaralanan H\u00fcseyin Y\u0131ld\u0131r\u0131m ile k\u0131z\u0131 M.D.Y., g\u00f6t\u00fcr\u00fcld\u00fc\u011f\u00fc K\u0131r\u0131khan Devlet Hastanesi&#8217;nde tedaviye al\u0131nd\u0131.<\/p>\n<p>Durumu a\u011f\u0131r olan yaral\u0131lar, buradan Hatay E\u011fitim ve Ara\u015ft\u0131rma Hastanesi&#8217;ne sevk edildi.<\/p>\n<p>H\u00fcseyin Y\u0131ld\u0131r\u0131m&#8217;\u0131n, yolda kendilerini Mehmet Demir&#8217;in vurdu\u011funu s\u00f6yledi\u011fi belirtildi.<\/p>\n<p><strong>\u015e\u00dcPHEL\u0130 YAKALANARAK CEZAEV\u0130NE G\u00d6NDER\u0130LD\u0130<\/strong><\/p>\n<p>Hastanede kalbi duran Y\u0131ld\u0131r\u0131m, uzun s\u00fcren m\u00fcdahale sonucu tekrar hayata d\u00f6nd\u00fcr\u00fcld\u00fc.<\/p>\n<p>Baba ile k\u0131z\u0131n\u0131n yo\u011fun bak\u0131mda tedavisi s\u00fcr\u00fcyor.<\/p>\n<p>Olay\u0131n ard\u0131ndan Hatay&#8217;\u0131n \u0130skenderun il\u00e7esine ka\u00e7t\u0131\u011f\u0131 belirlenen \u015f\u00fcpheli Mehmet Demir ise sakland\u0131\u011f\u0131 adrese d\u00fczenlenen operasyonla polis taraf\u0131ndan yakaland\u0131.<\/p>\n<p>Demir, ifadesinin ard\u0131ndan sevk edildi\u011fi n\u00f6bet\u00e7i mahkemede tutukland\u0131.<\/p>\n<div> <span><strong>Kaynak:<\/strong> Demir\u00f6ren Haber Ajans\u0131 (DHA)<\/span> <\/div>\n","protected":false},"excerpt":{"rendered":"<p>Hatay&#8217;da kan donduran seri cinayet giri\u015fimi&#8230; Bir aileyi katletme giri\u015fiminde bulunan \u015f\u00fcpheli polis ekiplerince yakaland\u0131. K\u0131r\u0131khan il\u00e7esinde K\u0131r\u0131khan Belediyesi K\u00fclt\u00fcr ve Sosyal \u0130\u015fler M\u00fcd\u00fcr\u00fc Mehmet Demir, 4 y\u0131l \u00f6nce H\u00fcseyin Y\u0131ld\u0131r\u0131m&#8217;a g\u0131da yard\u0131m\u0131 &#8230;<\/p>\n","protected":false},"author":1,"featured_media":57392,"comment_status":"open","ping_status":"open","sticky":false,"template":"","format":"standard","meta":{"footnotes":""},"categories":[4,13],"tags":[6967,246],"class_list":["post-57391","post","type-post","status-publish","format-standard","has-post-thumbnail","hentry","category-gundem","category-son-dakika","tag-mehmet-demir","tag-supheli"],"_links":{"self":[{"href":"https:\/\/bihavadis.com\/index.php\/wp-json\/wp\/v2\/posts\/57391","targetHints":{"allow":["GET"]}}],"collection":[{"href":"https:\/\/bihavadis.com\/index.php\/wp-json\/wp\/v2\/posts"}],"about":[{"href":"https:\/\/bihavadis.com\/index.php\/wp-json\/wp\/v2\/types\/post"}],"author":[{"embeddable":true,"href":"https:\/\/bihavadis.com\/index.php\/wp-json\/wp\/v2\/users\/1"}],"replies":[{"embeddable":true,"href":"https:\/\/bihavadis.com\/index.php\/wp-json\/wp\/v2\/comments?post=57391"}],"version-history":[{"count":1,"href":"https:\/\/bihavadis.com\/index.php\/wp-json\/wp\/v2\/posts\/57391\/revisions"}],"predecessor-version":[{"id":57394,"href":"https:\/\/bihavadis.com\/index.php\/wp-json\/wp\/v2\/posts\/57391\/revisions\/57394"}],"wp:featuredmedia":[{"embeddable":true,"href":"https:\/\/bihavadis.com\/index.php\/wp-json\/wp\/v2\/media\/57392"}],"wp:attachment":[{"href":"https:\/\/bihavadis.com\/index.php\/wp-json\/wp\/v2\/media?parent=57391"}],"wp:term":[{"taxonomy":"category","embeddable":true,"href":"https:\/\/bihavadis.com\/index.php\/wp-json\/wp\/v2\/categories?post=57391"},{"taxonomy":"post_tag","embeddable":true,"href":"https:\/\/bihavadis.com\/index.php\/wp-json\/wp\/v2\/tags?post=57391"}],"curies":[{"name":"wp","href":"https:\/\/api.w.org\/{rel}","templated":true}]}}