{"id":57425,"date":"2026-03-02T23:30:38","date_gmt":"2026-03-02T23:30:38","guid":{"rendered":"https:\/\/bihavadis.com\/?p=57425"},"modified":"2026-03-02T23:30:38","modified_gmt":"2026-03-02T23:30:38","slug":"3-akaretler-designantiques-show-basladi","status":"publish","type":"post","link":"https:\/\/bihavadis.com\/index.php\/2026\/03\/02\/3-akaretler-designantiques-show-basladi\/","title":{"rendered":"3. Akaretler Design&#038;Antiques Show Ba\u015flad\u0131"},"content":{"rendered":"<p>Bilgili Holding taraf\u0131ndan d\u00fczenlenen ve \u015fehrin tarihi dokusuyla modern tasar\u0131m\u0131 bir araya getiren &#8220;3. Akaretler Design&#038;Antiques (ADA) Show&#8221; ba\u015flad\u0131.<\/p>\n<p>Akaretler S\u0131raevler&#8217;de \u00fc\u00e7\u00fcnc\u00fc edisyonuyla kap\u0131lar\u0131n\u0131 ziyaret\u00e7ilere a\u00e7an etkinli\u011fe ili\u015fkin AA muhabirine a\u00e7\u0131klama yapan Bilgili Holding Y\u00f6netim Kurulu \u00dcyesi Levent Abay, Akaretler S\u0131raevler&#8217;in restorasyon s\u00fcrecinde de yer ald\u0131\u011f\u0131n\u0131 belirterek, &#8220;\u00d6zellikle ADA Show bizim i\u00e7in \u00e7ok k\u0131ymetli bir etkinlik. Bu sene \u00e7ok \u00e7ok b\u00fcy\u00fck talep var. Hem mimarl\u0131k ofislerinden hem bir\u00e7ok \u00f6nemli sanat\u00e7\u0131dan ve \u00f6zellikle mobilya d\u00fcnyas\u0131ndan \u00e7ok ciddi ki\u015fileri a\u011f\u0131rlayaca\u011f\u0131z.&#8221; dedi.<\/p>\n<p>Abay, Akaretler S\u0131raevler&#8217;in 1875&#8217;te mimar Sarkis Balyan taraf\u0131ndan tasarlanm\u0131\u015f bir yap\u0131 oldu\u011funu ifade ederek, &#8220;Bilgili Holding olarak biz 2005 ile 2008 y\u0131llar\u0131 aras\u0131nda \u00e7ok h\u0131zl\u0131 \u015fekilde restorasyonunu yaparak hayata ge\u00e7irdik. \u015eu anda bir\u00e7ok konut, ofis, otel ve d\u00fckkanlardan olu\u015fan b\u00fcy\u00fck kompleks buras\u0131.&#8221; \u015feklinde konu\u015ftu.<\/p>\n<p>Son 5 y\u0131ld\u0131r farkl\u0131 zaman dilimlerinde Artweeks Istanbul, Ada Show, 212 Photography Istanbul gibi etkinlik d\u00fczenlediklerini dile getiren Abay, \u015funlar\u0131 kaydetti: <\/p>\n<p>&#8220;Bu, bizim i\u00e7in \u00e7ok \u00f6nemli toplumda olan etkile\u015fimimizi ve tarihi k\u00fclt\u00fcrel mirasa bak\u0131\u015f a\u00e7\u0131m\u0131z\u0131 da Bilgili Holding&#8217;in \u00e7ok iyi yans\u0131tan bir etkinlik. \u00d6zellikle t\u00fcm sanatseverleri k\u00fclt\u00fcrel mirasa sahip \u00e7\u0131kmak isteyenleri de mutlaka etkinli\u011fimize bekliyoruz, 10 g\u00fcn boyunca dolu dolu birbirinden daha farkl\u0131 ve heyecanl\u0131 etkinlikler var. Her g\u00fcn \u00f6zel s\u00f6yle\u015filerimiz olacak burada, k\u00fclt\u00fcrel miras ve sanatla ilgili.&#8221;<\/p>\n<p>Levent Abay, &#8220;\u00d6zellikle bu sene \u00e7ok daha fazla mimarl\u0131k b\u00fcrolar\u0131n\u0131n i\u00e7inde yer ald\u0131\u011f\u0131, tasar\u0131mc\u0131lar\u0131n \u00e7ok daha \u00f6n planda oldu\u011fu, sadece son \u00fcr\u00fcn\u00fcn de\u011fil, \u00fcr\u00fcn\u00fcn hikayesinin de \u00e7ok net \u015fekilde g\u00f6zlemlenebildi\u011fi ve ziyaret\u00e7ilerin de birebir buradaki tasar\u0131mc\u0131larla yak\u0131n temas kurabilece\u011fi bir temam\u0131z var. Ge\u00e7mi\u015f y\u0131llarda bu kadar yak\u0131n temas, bu kadar \u00e7ok fazla i\u015fin mutfa\u011f\u0131 g\u00f6r\u00fclm\u00fcyordu. \u015eu an biraz daha i\u015fin mutfa\u011f\u0131yla beraber kat\u0131l\u0131mc\u0131lar\u0131n interaktif etkile\u015fimini bekliyoruz.&#8221; de\u011ferlendirmesinde bulundu.<\/p>\n<p>&#8220;\u015eehri domine eden bir etkinlik haline geldi&#8221;<\/p>\n<p>Akaretler Genel M\u00fcd\u00fcr\u00fc Ece Akpulat, Akaretler S\u0131raevler&#8217;in yakla\u015f\u0131k 60 bin metrekarelik bir proje oldu\u011funu belirterek, &#8220;\u00dc\u00e7\u00fcnc\u00fcs\u00fcn\u00fc d\u00fczenledi\u011fimiz ADA Show etkinli\u011fi bu sene ekstradan bir ilgi g\u00f6rd\u00fc a\u00e7\u0131k\u00e7as\u0131, 20&#8217;den fazla kat\u0131l\u0131mc\u0131, mevcut kirac\u0131lar\u0131m\u0131zla birlikte de yapt\u0131\u011f\u0131m\u0131z birtak\u0131m i\u015fbirlikleriyle birlikte 5-15 \u015eubat tarihleri aras\u0131nda \u015fehri domine eden bir etkinlik haline geldi.&#8221; dedi.<\/p>\n<p>Akaretler&#8217;i hep bir tasar\u0131m soka\u011f\u0131 olarak konumland\u0131rd\u0131klar\u0131n\u0131 ifade eden Akpulat, &#8220;Dolay\u0131s\u0131yla bo\u015fluklardan bir tanesini de ADA Show&#8217;la dolduruyor olaca\u011f\u0131z. Yapt\u0131\u011f\u0131m\u0131z b\u00fct\u00fcn etkinliklerin bir \u015fekilde her daim sanatla da ilintili olmas\u0131na \u00f6zen g\u00f6steriyoruz.&#8221; \u015feklinde konu\u015ftu.<\/p>\n<p>Ticari kayg\u0131lardan \u00e7ok amat\u00f6r ruhla, etkinlikleri halka mal ederek hareket etmeyi ama\u00e7lad\u0131klar\u0131n\u0131 vurgulayan Akpulat, &#8220;B\u00fct\u00fcn olarak bakt\u0131\u011f\u0131n\u0131zda s\u00fcrd\u00fcr\u00fclebilir bir proje olmu\u015f oluyor. Biz de bu projeyi parlat\u0131p elimizden gelenin en iyisini yapmaya \u00e7al\u0131\u015f\u0131yoruz.&#8221; g\u00f6r\u00fc\u015f\u00fcn\u00fc payla\u015ft\u0131.<\/p>\n<p>Akpulat, &#8220;ADA Show kapsam\u0131nda da \u00e7ok k\u0131ymetli antika evlerini, galeri ve tasar\u0131m evlerini bir araya getirmekti en b\u00fcy\u00fck amac\u0131m\u0131z. Sanat\u0131 seven, sanatla ilgilenen, sanat\u0131n bir par\u00e7as\u0131 olan herkese kap\u0131lar\u0131m\u0131z a\u00e7\u0131k.&#8221; diye konu\u015ftu.<\/p>\n<p> Etkinlik hakk\u0131nda<\/p>\n<p>Ge\u00e7en y\u0131l 12 binden fazla ziyaret\u00e7iyi a\u011f\u0131rlayan ADA Show, bu y\u0131l da T\u00fcrkiye&#8217;nin se\u00e7kin antika evlerini, tasar\u0131m galerilerini ve koleksiyonerlerini bir araya getiriyor.<\/p>\n<p> Dekorasyon d\u00fcnyas\u0131na yeni perspektifler kazand\u0131rman\u0131n hedeflendi\u011fi etkinlik, antika bir objenin ya\u015fanm\u0131\u015fl\u0131\u011f\u0131n\u0131, \u00e7a\u011fda\u015f tasar\u0131m\u0131n yenilik\u00e7i diliyle ayn\u0131 mekanda bulu\u015fturarak ilham verici cevaplar \u00fcretiyor.<\/p>\n<p>Ziyaret\u00e7ilere tarihi binalar\u0131n odalar\u0131 aras\u0131nda dola\u015fma imkan\u0131 tan\u0131yan ADA Show, T\u00fcrkiye&#8217;nin se\u00e7kin antika evlerinin nadide par\u00e7alar\u0131n\u0131 ve tasar\u0131m galerilerinin gelecek vadeden eserlerini bir arada ke\u015ffetme \u015fans\u0131 sunuyor.<\/p>\n<p>Akaretler S\u0131raevler&#8217;in tarihi atmosferinde se\u00e7ilmi\u015f koleksiyonlar\u0131n sergilendi\u011fi edisyonda, 1930 Antika, addresistanbul, AlaTurca House, Art\u0131 Modern, Birim, BMS, BUREAU, Eski Ambar, Fy-shan Glass Studio X Rezzan Benardete Interiors, GEOGALLERY, Halit Berker, Han No 61, ICA, Green Mall, Maru, Maison Saiki, Muse For All, Sevil Dolmac\u0131 X Noyan Berkman, Tar\u0131k Akyel Vintage &#038; Design, Yal\u0131n Mimarl\u0131k, Yunus Karma ve Waxy Design Studio gibi isimler ve markalar yer al\u0131yor.<\/p>\n<p>Antikay\u0131 sadece estetik unsur olarak de\u011fil, toplumsal haf\u0131zay\u0131 ta\u015f\u0131yan miras olarak ele alan ADA Show, 15 \u015eubat&#8217;a kadar gezilebilecek.<\/p>\n","protected":false},"excerpt":{"rendered":"<p>Bilgili Holding&#8217;in d\u00fczenledi\u011fi ADA Show, tarihi ve modern tasar\u0131m\u0131 bir araya getiriyor.<\/p>\n","protected":false},"author":1,"featured_media":57426,"comment_status":"open","ping_status":"open","sticky":false,"template":"","format":"standard","meta":{"footnotes":""},"categories":[9,4,13],"tags":[6970,27,979,981],"class_list":["post-57425","post","type-post","status-publish","format-standard","has-post-thumbnail","hentry","category-genel","category-gundem","category-son-dakika","tag-akaretler","tag-antika","tag-etkinlik","tag-tasarim"],"_links":{"self":[{"href":"https:\/\/bihavadis.com\/index.php\/wp-json\/wp\/v2\/posts\/57425","targetHints":{"allow":["GET"]}}],"collection":[{"href":"https:\/\/bihavadis.com\/index.php\/wp-json\/wp\/v2\/posts"}],"about":[{"href":"https:\/\/bihavadis.com\/index.php\/wp-json\/wp\/v2\/types\/post"}],"author":[{"embeddable":true,"href":"https:\/\/bihavadis.com\/index.php\/wp-json\/wp\/v2\/users\/1"}],"replies":[{"embeddable":true,"href":"https:\/\/bihavadis.com\/index.php\/wp-json\/wp\/v2\/comments?post=57425"}],"version-history":[{"count":1,"href":"https:\/\/bihavadis.com\/index.php\/wp-json\/wp\/v2\/posts\/57425\/revisions"}],"predecessor-version":[{"id":57427,"href":"https:\/\/bihavadis.com\/index.php\/wp-json\/wp\/v2\/posts\/57425\/revisions\/57427"}],"wp:featuredmedia":[{"embeddable":true,"href":"https:\/\/bihavadis.com\/index.php\/wp-json\/wp\/v2\/media\/57426"}],"wp:attachment":[{"href":"https:\/\/bihavadis.com\/index.php\/wp-json\/wp\/v2\/media?parent=57425"}],"wp:term":[{"taxonomy":"category","embeddable":true,"href":"https:\/\/bihavadis.com\/index.php\/wp-json\/wp\/v2\/categories?post=57425"},{"taxonomy":"post_tag","embeddable":true,"href":"https:\/\/bihavadis.com\/index.php\/wp-json\/wp\/v2\/tags?post=57425"}],"curies":[{"name":"wp","href":"https:\/\/api.w.org\/{rel}","templated":true}]}}