{"id":57428,"date":"2026-03-02T23:33:10","date_gmt":"2026-03-02T23:33:10","guid":{"rendered":"https:\/\/bihavadis.com\/?p=57428"},"modified":"2026-03-02T23:33:10","modified_gmt":"2026-03-02T23:33:10","slug":"mardinde-iki-grup-arasindaki-kavgada-ortalik-savas-alanina-dondu","status":"publish","type":"post","link":"https:\/\/bihavadis.com\/index.php\/2026\/03\/02\/mardinde-iki-grup-arasindaki-kavgada-ortalik-savas-alanina-dondu\/","title":{"rendered":"Mardin&#8217;de iki grup aras\u0131ndaki kavgada ortal\u0131k sava\u015f alan\u0131na d\u00f6nd\u00fc"},"content":{"rendered":"<p>Mardin&#8217;in Darge\u00e7it il\u00e7esini aya\u011fa kald\u0131ran kavga&#8230;<\/p>\n<p>Son zamanlarda s\u0131k\u00e7a ya\u015fanan sokak ortas\u0131nda \u00e7\u0131kan kavgalara, bir yenisi daha eklendi.<\/p>\n<p><strong>\u0130K\u0130 GRUP TARTI\u015eMAYA BA\u015eLADI<\/strong><\/p>\n<p>20 \u015eubat&#8217;ta gece saatlerinde il\u00e7enin Bah\u00e7eba\u015f\u0131 Mahallesi\u2019nde iki grup aras\u0131nda hen\u00fcz bilinmeyen bir nedenle ba\u015flayan tart\u0131\u015fma \u00e7\u0131kt\u0131.<\/p>\n<p><strong>3 K\u0130\u015e\u0130 YARALANDI<\/strong><\/p>\n<p>Tart\u0131\u015fma, k\u0131sa s\u00fcrede tekmeli, koval\u0131 ve f\u0131r\u00e7al\u0131 kavgaya d\u00f6n\u00fc\u015ft\u00fc.<\/p>\n<p>Kavgada 3 ki\u015fi yaraland\u0131.<\/p>\n<p>\u0130hbar \u00fczerine olay yerine polis ve sa\u011fl\u0131k ekipleri sevk edildi.<\/p>\n<p><strong>KAVGA ANI CEP TELEFONU KAMERASINA KAYDED\u0130LD\u0130<\/strong><\/p>\n<p>Polis ekipleri taraflar\u0131 ay\u0131rarak olay yerinde g\u00fcvenlik \u00f6nlemi al\u0131rken, yaral\u0131lar hastaneye kald\u0131r\u0131ld\u0131.<\/p>\n<p>Kavga an\u0131 ise \u00e7evredeki vatanda\u015flar taraf\u0131ndan cep telefonu kameras\u0131yla kaydedildi.<\/p>\n<p><img decoding=\"async\" src=\"https:\/\/bihavadis.com\/wp-content\/uploads\/2026\/03\/mardinde-iki-grup-arasindaki-kavgada-ortalik-savas-alanina-dondu-0-2SI9tx9h.jpg\"\/> <\/p>\n<div> <span><strong>Kaynak:<\/strong> \u0130hlas Haber Ajans\u0131 (\u0130HA)<\/span> <\/div>\n","protected":false},"excerpt":{"rendered":"<p>Mardin&#8217;in Darge\u00e7it il\u00e7esini aya\u011fa kald\u0131ran kavga&#8230; Son zamanlarda s\u0131k\u00e7a ya\u015fanan sokak ortas\u0131nda \u00e7\u0131kan kavgalara, bir yenisi daha eklendi. \u0130K\u0130 GRUP TARTI\u015eMAYA BA\u015eLADI 20 \u015eubat&#8217;ta gece saatlerinde il\u00e7enin Bah\u00e7eba\u015f\u0131 Mahallesi\u2019nde iki grup aras\u0131nda &#8230;<\/p>\n","protected":false},"author":1,"featured_media":57429,"comment_status":"open","ping_status":"open","sticky":false,"template":"","format":"standard","meta":{"footnotes":""},"categories":[4,13],"tags":[418],"class_list":["post-57428","post","type-post","status-publish","format-standard","has-post-thumbnail","hentry","category-gundem","category-son-dakika","tag-kavga"],"_links":{"self":[{"href":"https:\/\/bihavadis.com\/index.php\/wp-json\/wp\/v2\/posts\/57428","targetHints":{"allow":["GET"]}}],"collection":[{"href":"https:\/\/bihavadis.com\/index.php\/wp-json\/wp\/v2\/posts"}],"about":[{"href":"https:\/\/bihavadis.com\/index.php\/wp-json\/wp\/v2\/types\/post"}],"author":[{"embeddable":true,"href":"https:\/\/bihavadis.com\/index.php\/wp-json\/wp\/v2\/users\/1"}],"replies":[{"embeddable":true,"href":"https:\/\/bihavadis.com\/index.php\/wp-json\/wp\/v2\/comments?post=57428"}],"version-history":[{"count":1,"href":"https:\/\/bihavadis.com\/index.php\/wp-json\/wp\/v2\/posts\/57428\/revisions"}],"predecessor-version":[{"id":57431,"href":"https:\/\/bihavadis.com\/index.php\/wp-json\/wp\/v2\/posts\/57428\/revisions\/57431"}],"wp:featuredmedia":[{"embeddable":true,"href":"https:\/\/bihavadis.com\/index.php\/wp-json\/wp\/v2\/media\/57429"}],"wp:attachment":[{"href":"https:\/\/bihavadis.com\/index.php\/wp-json\/wp\/v2\/media?parent=57428"}],"wp:term":[{"taxonomy":"category","embeddable":true,"href":"https:\/\/bihavadis.com\/index.php\/wp-json\/wp\/v2\/categories?post=57428"},{"taxonomy":"post_tag","embeddable":true,"href":"https:\/\/bihavadis.com\/index.php\/wp-json\/wp\/v2\/tags?post=57428"}],"curies":[{"name":"wp","href":"https:\/\/api.w.org\/{rel}","templated":true}]}}