{"id":57452,"date":"2026-03-02T23:51:09","date_gmt":"2026-03-02T23:51:09","guid":{"rendered":"https:\/\/bihavadis.com\/?p=57452"},"modified":"2026-03-02T23:51:09","modified_gmt":"2026-03-02T23:51:09","slug":"hatayda-uzun-carsi-esnafi-depremde-hayatini-kaybedenleri-anmak-icin-ikramda-bulundu","status":"publish","type":"post","link":"https:\/\/bihavadis.com\/index.php\/2026\/03\/02\/hatayda-uzun-carsi-esnafi-depremde-hayatini-kaybedenleri-anmak-icin-ikramda-bulundu\/","title":{"rendered":"Hatay&#8217;da Uzun \u00c7ar\u015f\u0131 Esnaf\u0131, Depremde Hayat\u0131n\u0131 Kaybedenleri Anmak \u0130\u00e7in \u0130kramda Bulundu"},"content":{"rendered":"<p>\n<p>HATAY&#8217;da tarihi Uzun \u00c7ar\u015f\u0131 esnaf\u0131, 6 \u015eubat depremlerinin 3&#8217;\u00fcnc\u00fc y\u0131l d\u00f6n\u00fcm\u00fc nedeniyle hayat\u0131 kaybedenlerin an\u0131s\u0131na ikramlarda bulundu. <\/p>\n<p>Antakya il\u00e7esindeki tarihi Uzun \u00c7ar\u015f\u0131 esnaf\u0131, 6 \u015eubat depremlerinde hayat\u0131n\u0131 kaybedenlerin an\u0131s\u0131na vatanda\u015flara d\u00f6ner, \u00e7orba, \u00e7ay ve k\u00f6mbe ikram etti. Tarihi Uzun \u00c7ar\u015f\u0131 Ba\u015fkan\u0131 \u0130smail Bat\u0131, &#8220;Bilindi\u011fi \u00fczere, 6 \u015eubat&#8217;ta \u00e7ok b\u00fcy\u00fck ve \u00f6nemli bir afet ya\u015fad\u0131k. Bu kapsamda; \u015fehitlerimizin aziz hat\u0131ras\u0131na, d\u0131\u015far\u0131dan gelen vatanda\u015flar\u0131m\u0131za, emniyet mensuplar\u0131m\u0131za ve t\u00fcm halk\u0131m\u0131za y\u00f6nelik olarak sabah saat 06.00&#8217;ya kadar \u00e7orba da\u011f\u0131t\u0131m\u0131 yap\u0131lacakt\u0131r. Devletimizden Allah raz\u0131 olsun. Milletimizden Allah raz\u0131 olsun. Bizleri bu s\u00fcre\u00e7te hi\u00e7 yaln\u0131z b\u0131rakmad\u0131lar. Ba\u015fta Say\u0131n Valimiz Mustafa Masatl\u0131 olmak \u00fczere eme\u011fi ge\u00e7en herkese sonsuz te\u015fekk\u00fcr ediyoruz&#8221; dedi. <\/p>\n","protected":false},"excerpt":{"rendered":"<p>Hatay&#8217;\u0131n Antakya il\u00e7esindeki tarihi Uzun \u00c7ar\u015f\u0131 esnaf\u0131, 6 \u015eubat depremlerinin \u00fc\u00e7\u00fcnc\u00fc y\u0131l d\u00f6n\u00fcm\u00fcnde hayat\u0131n\u0131 kaybedenler i\u00e7in d\u00f6ner, \u00e7orba, \u00e7ay ve k\u00f6mbe ikram etti. Uzun \u00c7ar\u015f\u0131 Ba\u015fkan\u0131 \u0130smail Bat\u0131, afette kaybedilenlerin an\u0131s\u0131na yap\u0131lan ikramlar\u0131n yan\u0131 s\u0131ra, duydu\u011fu minneti ve destekleri i\u00e7in devlete ve millete te\u015fekk\u00fcr etti.<\/p>\n","protected":false},"author":1,"featured_media":57453,"comment_status":"open","ping_status":"open","sticky":false,"template":"","format":"standard","meta":{"footnotes":""},"categories":[9,4,13],"tags":[],"class_list":["post-57452","post","type-post","status-publish","format-standard","has-post-thumbnail","hentry","category-genel","category-gundem","category-son-dakika"],"_links":{"self":[{"href":"https:\/\/bihavadis.com\/index.php\/wp-json\/wp\/v2\/posts\/57452","targetHints":{"allow":["GET"]}}],"collection":[{"href":"https:\/\/bihavadis.com\/index.php\/wp-json\/wp\/v2\/posts"}],"about":[{"href":"https:\/\/bihavadis.com\/index.php\/wp-json\/wp\/v2\/types\/post"}],"author":[{"embeddable":true,"href":"https:\/\/bihavadis.com\/index.php\/wp-json\/wp\/v2\/users\/1"}],"replies":[{"embeddable":true,"href":"https:\/\/bihavadis.com\/index.php\/wp-json\/wp\/v2\/comments?post=57452"}],"version-history":[{"count":1,"href":"https:\/\/bihavadis.com\/index.php\/wp-json\/wp\/v2\/posts\/57452\/revisions"}],"predecessor-version":[{"id":57454,"href":"https:\/\/bihavadis.com\/index.php\/wp-json\/wp\/v2\/posts\/57452\/revisions\/57454"}],"wp:featuredmedia":[{"embeddable":true,"href":"https:\/\/bihavadis.com\/index.php\/wp-json\/wp\/v2\/media\/57453"}],"wp:attachment":[{"href":"https:\/\/bihavadis.com\/index.php\/wp-json\/wp\/v2\/media?parent=57452"}],"wp:term":[{"taxonomy":"category","embeddable":true,"href":"https:\/\/bihavadis.com\/index.php\/wp-json\/wp\/v2\/categories?post=57452"},{"taxonomy":"post_tag","embeddable":true,"href":"https:\/\/bihavadis.com\/index.php\/wp-json\/wp\/v2\/tags?post=57452"}],"curies":[{"name":"wp","href":"https:\/\/api.w.org\/{rel}","templated":true}]}}