{"id":5755,"date":"2026-01-30T05:18:07","date_gmt":"2026-01-30T05:18:07","guid":{"rendered":"https:\/\/bihavadis.com\/?p=5755"},"modified":"2026-01-30T05:18:07","modified_gmt":"2026-01-30T05:18:07","slug":"balikesirde-heyelanla-gelen-facia-tren-vagonu-raydan-cikti","status":"publish","type":"post","link":"https:\/\/bihavadis.com\/index.php\/2026\/01\/30\/balikesirde-heyelanla-gelen-facia-tren-vagonu-raydan-cikti\/","title":{"rendered":"Bal\u0131kesir&#8217;de heyelanla gelen facia: Tren vagonu raydan \u00e7\u0131kt\u0131"},"content":{"rendered":"<p>Band\u0131rma-\u0130zmir seferini yapan 6 Eyl\u00fcl Ekspresi&#8217;nin lokomotifi ile bir vagonu, Bal\u0131kesir&#8217;in Sava\u015ftepe il\u00e7esi Kocab\u0131y\u0131klar Mahallesi yak\u0131nlar\u0131nda meydana gelen toprak kaymas\u0131 nedeniyle raydan \u00e7\u0131kt\u0131.<\/p>\n<p>\u0130hbar \u00fczerine olay yerine \u00e7ok say\u0131da jandarma, AFAD ve 112 Acil Sa\u011fl\u0131k ekipleri sevk edildi.<\/p>\n<p><strong>145 YOLCU OTOB\u00dcSLERE NAKLED\u0130LD\u0130<\/strong><\/p>\n<p>Trenin yakla\u015f\u0131k 145 yolcusu, b\u00f6lgeye sevk edilen otob\u00fcslerle nakledildi.<\/p>\n<p>Kaza sonras\u0131nda heyelan nedeniyle demir yoluna d\u00f6k\u00fclen kayalar kald\u0131r\u0131l\u0131rken, lokomotif ve vagonlar\u0131n en yak\u0131n istasyona \u00e7ekilmesi i\u00e7in \u00e7al\u0131\u015fma ba\u015flat\u0131ld\u0131.<\/p>\n<p><img decoding=\"async\" src=\"https:\/\/bihavadis.com\/wp-content\/uploads\/2026\/01\/balikesirde-heyelanla-gelen-facia-tren-vagonu-raydan-cikti-0-NefShJum.jpg\"\/><\/p>\n<p><img decoding=\"async\" src=\"https:\/\/bihavadis.com\/wp-content\/uploads\/2026\/01\/balikesirde-heyelanla-gelen-facia-tren-vagonu-raydan-cikti-1-NSDhfdQQ.jpg\"\/><\/p>\n<p><img decoding=\"async\" src=\"https:\/\/bihavadis.com\/wp-content\/uploads\/2026\/01\/balikesirde-heyelanla-gelen-facia-tren-vagonu-raydan-cikti-2-tHikq2pL.jpg\"\/><\/p>\n<p><img decoding=\"async\" src=\"https:\/\/bihavadis.com\/wp-content\/uploads\/2026\/01\/balikesirde-heyelanla-gelen-facia-tren-vagonu-raydan-cikti-3-HjGIpkBT.jpg\"\/><\/p>\n","protected":false},"excerpt":{"rendered":"<p>Sava\u015ftepe il\u00e7esi yak\u0131nlar\u0131nda ilerleyen yolcu treninin lokomotifi ve bir vagonu, toprak kaymas\u0131 nedeniyle raydan \u00e7\u0131kt\u0131. Kazada can kayb\u0131 ya da yaralanma olmazken trenin yakla\u015f\u0131k 145 yolcusu, otob\u00fcslere nakledildi.<\/p>\n","protected":false},"author":1,"featured_media":5756,"comment_status":"open","ping_status":"open","sticky":false,"template":"","format":"standard","meta":{"footnotes":""},"categories":[4,13],"tags":[],"class_list":["post-5755","post","type-post","status-publish","format-standard","has-post-thumbnail","hentry","category-gundem","category-son-dakika"],"_links":{"self":[{"href":"https:\/\/bihavadis.com\/index.php\/wp-json\/wp\/v2\/posts\/5755","targetHints":{"allow":["GET"]}}],"collection":[{"href":"https:\/\/bihavadis.com\/index.php\/wp-json\/wp\/v2\/posts"}],"about":[{"href":"https:\/\/bihavadis.com\/index.php\/wp-json\/wp\/v2\/types\/post"}],"author":[{"embeddable":true,"href":"https:\/\/bihavadis.com\/index.php\/wp-json\/wp\/v2\/users\/1"}],"replies":[{"embeddable":true,"href":"https:\/\/bihavadis.com\/index.php\/wp-json\/wp\/v2\/comments?post=5755"}],"version-history":[{"count":1,"href":"https:\/\/bihavadis.com\/index.php\/wp-json\/wp\/v2\/posts\/5755\/revisions"}],"predecessor-version":[{"id":5761,"href":"https:\/\/bihavadis.com\/index.php\/wp-json\/wp\/v2\/posts\/5755\/revisions\/5761"}],"wp:featuredmedia":[{"embeddable":true,"href":"https:\/\/bihavadis.com\/index.php\/wp-json\/wp\/v2\/media\/5756"}],"wp:attachment":[{"href":"https:\/\/bihavadis.com\/index.php\/wp-json\/wp\/v2\/media?parent=5755"}],"wp:term":[{"taxonomy":"category","embeddable":true,"href":"https:\/\/bihavadis.com\/index.php\/wp-json\/wp\/v2\/categories?post=5755"},{"taxonomy":"post_tag","embeddable":true,"href":"https:\/\/bihavadis.com\/index.php\/wp-json\/wp\/v2\/tags?post=5755"}],"curies":[{"name":"wp","href":"https:\/\/api.w.org\/{rel}","templated":true}]}}