{"id":5781,"date":"2026-01-30T05:33:06","date_gmt":"2026-01-30T05:33:06","guid":{"rendered":"https:\/\/bihavadis.com\/?p=5781"},"modified":"2026-01-30T05:33:06","modified_gmt":"2026-01-30T05:33:06","slug":"arda-guler-kenara-gelince-cilgina-dondu","status":"publish","type":"post","link":"https:\/\/bihavadis.com\/index.php\/2026\/01\/30\/arda-guler-kenara-gelince-cilgina-dondu\/","title":{"rendered":"Arda G\u00fcler kenara gelince \u00e7\u0131lg\u0131na d\u00f6nd\u00fc"},"content":{"rendered":"<p>Real Madrid&#8217;de milli futbolcumuz Arda G\u00fcler, Benfica&#8217;ya 4-2 yenildikleri m\u00fccadelede Kylian Mbappe&#8217;nin att\u0131\u011f\u0131 ikinci gol\u00fcn pas\u0131n\u0131 verdi.<\/p>\n<p>Arda s\u00fcre ald\u0131\u011f\u0131 dakikalarda performans\u0131yla alk\u0131\u015f ald\u0131.<\/p>\n<p>Ancak Benfica, kaleci Anatoliy Trubin&#8217;in 90+8. dakikada att\u0131\u011f\u0131 gol\u00fcn ard\u0131ndan averajla ilk 24&#8217;e girmeyi ba\u015fard\u0131.<\/p>\n<p><strong>MA\u00c7IN ETK\u0130L\u0130 \u0130S\u0130MLER\u0130NDEND\u0130<\/strong><\/p>\n<p>Real Madrid ise ilk 8 d\u0131\u015f\u0131nda kald\u0131.<\/p>\n<p>Milli y\u0131ld\u0131z Arda G\u00fcler, 79. dakikada Alvaro Arbeloa taraf\u0131ndan kenara al\u0131nd\u0131, yerine Aguado girdi.<\/p>\n<p>Arda o anlarda hocas\u0131na isyan etti, bu anlar ma\u00e7a damga vurdu.<\/p>\n<p><img decoding=\"async\" src=\"https:\/\/bihavadis.com\/wp-content\/uploads\/2026\/01\/arda-guler-kenara-gelince-cilgina-dondu-0-NMdHJQSS.jpg\"\/><\/p>\n<p><strong>OYUNDAN \u00c7IKARILMASINA \u0130SYAN ETT\u0130: NEDEN HEP BEN!<\/strong><\/p>\n<p>Arda G\u00fcler&#8217;in, <b><em>&#8220;Neden hep ben?&#8221;<\/em><\/b> diyerek el hareketleriyle hocas\u0131na do\u011fru tepki g\u00f6sterdi\u011fi anlar kameralar yans\u0131d\u0131.<\/p>\n<p>Milli y\u0131ld\u0131z\u0131m\u0131z Arda G\u00fcler, 7 asistle La Liga&#8217;da 2. s\u0131rada, 4 asistle \u015eampiyonlar Ligi&#8217;nde zirvede yer al\u0131yor.<\/p>\n<p>Hal b\u00f6yleyken Arda&#8217;n\u0131n \u0130spanyol futbol devinde bir t\u00fcrl\u00fc 90 dakika sahada kalamamas\u0131, otoriteler taraf\u0131ndan da \u015fa\u015fk\u0131nl\u0131kla kar\u015f\u0131land\u0131.<\/p>\n<p><img decoding=\"async\" src=\"https:\/\/bihavadis.com\/wp-content\/uploads\/2026\/01\/arda-guler-kenara-gelince-cilgina-dondu-1-NeT6vIF6.jpg\"\/><\/p>\n","protected":false},"excerpt":{"rendered":"<p>Real Madrid&#8217;in son dakika gol\u00fcyle ilk 8 d\u0131\u015f\u0131nda kald\u0131\u011f\u0131 ma\u00e7ta Arda G\u00fcler&#8217;in hocas\u0131na isyan\u0131 ekranlara yans\u0131d\u0131. Arda oyundan al\u0131n\u0131nca &#8220;Neden hep ben&#8221; diyerek el hareketleriyle hocas\u0131na do\u011fru tepki g\u00f6sterdi.<\/p>\n","protected":false},"author":1,"featured_media":5782,"comment_status":"open","ping_status":"open","sticky":false,"template":"","format":"standard","meta":{"footnotes":""},"categories":[14],"tags":[277],"class_list":["post-5781","post","type-post","status-publish","format-standard","has-post-thumbnail","hentry","category-spor","tag-arda"],"_links":{"self":[{"href":"https:\/\/bihavadis.com\/index.php\/wp-json\/wp\/v2\/posts\/5781","targetHints":{"allow":["GET"]}}],"collection":[{"href":"https:\/\/bihavadis.com\/index.php\/wp-json\/wp\/v2\/posts"}],"about":[{"href":"https:\/\/bihavadis.com\/index.php\/wp-json\/wp\/v2\/types\/post"}],"author":[{"embeddable":true,"href":"https:\/\/bihavadis.com\/index.php\/wp-json\/wp\/v2\/users\/1"}],"replies":[{"embeddable":true,"href":"https:\/\/bihavadis.com\/index.php\/wp-json\/wp\/v2\/comments?post=5781"}],"version-history":[{"count":1,"href":"https:\/\/bihavadis.com\/index.php\/wp-json\/wp\/v2\/posts\/5781\/revisions"}],"predecessor-version":[{"id":5785,"href":"https:\/\/bihavadis.com\/index.php\/wp-json\/wp\/v2\/posts\/5781\/revisions\/5785"}],"wp:featuredmedia":[{"embeddable":true,"href":"https:\/\/bihavadis.com\/index.php\/wp-json\/wp\/v2\/media\/5782"}],"wp:attachment":[{"href":"https:\/\/bihavadis.com\/index.php\/wp-json\/wp\/v2\/media?parent=5781"}],"wp:term":[{"taxonomy":"category","embeddable":true,"href":"https:\/\/bihavadis.com\/index.php\/wp-json\/wp\/v2\/categories?post=5781"},{"taxonomy":"post_tag","embeddable":true,"href":"https:\/\/bihavadis.com\/index.php\/wp-json\/wp\/v2\/tags?post=5781"}],"curies":[{"name":"wp","href":"https:\/\/api.w.org\/{rel}","templated":true}]}}