{"id":5792,"date":"2026-01-30T05:42:09","date_gmt":"2026-01-30T05:42:09","guid":{"rendered":"https:\/\/bihavadis.com\/?p=5792"},"modified":"2026-01-30T05:42:09","modified_gmt":"2026-01-30T05:42:09","slug":"songul-odenin-kizi-2-yasinda-sone-larinli-kareler-geldi","status":"publish","type":"post","link":"https:\/\/bihavadis.com\/index.php\/2026\/01\/30\/songul-odenin-kizi-2-yasinda-sone-larinli-kareler-geldi\/","title":{"rendered":"Song\u00fcl \u00d6den&#8217;in k\u0131z\u0131 2 ya\u015f\u0131nda! Sone Larin&#8217;li kareler geldi"},"content":{"rendered":"<p>\u00d6zel hayat\u0131 hayranlar\u0131 taraf\u0131ndan merak edilen, zaman zaman sosyal medya hesab\u0131ndan yapt\u0131\u011f\u0131 payla\u015f\u0131mla ad\u0131ndan s\u00f6z ettiren Song\u00fcl \u00d6den, 2020 y\u0131l\u0131nda i\u015f insan\u0131 Arman B\u0131\u00e7ak\u00e7\u0131 ile nikah masas\u0131na oturmu\u015ftu.<\/p>\n<p>\u0130kiliden k\u0131sa bir s\u00fcre sonra bebek m\u00fcjdesi haberi gelmi\u015fti. Oyuncu, do\u011fum i\u00e7in hi\u00e7bir haz\u0131rl\u0131k yapmad\u0131\u011f\u0131n\u0131 s\u00f6yleyerek<b><em> &#8220;\u00d6nce bir gelsin, ben al\u0131\u015fveri\u015f yapmad\u0131m ama arkada\u015flar\u0131m yap\u0131yor. Do\u011fdu\u011funda yapar\u0131m.&#8221;<\/em><\/b> diye konu\u015fmu\u015ftu.<\/p>\n<p><strong>&#8220;SONE LAR\u0130N&#8221;<\/strong><\/p>\n<p>\u00d6den ve e\u015finin, k\u0131z \u00e7ocuklar\u0131na &#8216;Sone Larin&#8217; ad\u0131n\u0131 verdikleri \u00f6\u011frenilmi\u015fti. 46 ya\u015f\u0131ndaki \u00d6den, 2 ya\u015f\u0131na giren sevimli k\u0131z\u0131 Sone Larin&#8217;in do\u011fum g\u00fcn\u00fcn\u00fc duyguland\u0131ran bir payla\u015f\u0131mla kutlad\u0131.<\/p>\n<p><img decoding=\"async\" src=\"https:\/\/bihavadis.com\/wp-content\/uploads\/2026\/01\/songul-odenin-kizi-2-yasinda-sone-larinli-kareler-geldi-0-nG5Q5uEO.jpg\"\/><\/p>\n<p><strong>&#8220;KAD\u0130FE KIZIM&#8221;<\/strong><\/p>\n<p>K\u0131z\u0131 ve e\u015fiyle aile pozlar\u0131n\u0131 yay\u0131nlayan Song\u00fcl \u00d6den, \u015fu ifadeleri kulland\u0131:<b><em> &#8220;Bug\u00fcn iki ya\u015f\u0131ndas\u0131n kadife k\u0131z\u0131m; Ayaklar\u0131n biraz daha yere bas\u0131yor, ama kalbin h\u00e2l\u00e2 g\u00f6ky\u00fcz\u00fcnde. Ko\u015fuyorsun, d\u00fc\u015f\u00fcyorsun, kalk\u0131yorsun; her seferinde d\u00fcnyaya yeniden inanarak&#8230;<\/em><\/b><\/p>\n<p><img decoding=\"async\" src=\"https:\/\/bihavadis.com\/wp-content\/uploads\/2026\/01\/songul-odenin-kizi-2-yasinda-sone-larinli-kareler-geldi-1-2itcMBZU.jpg\"\/><\/p>\n<p><b><em>Ve zaman sen geldi\u011finden beri ba\u015fka ak\u0131yor. Daha yava\u015f, daha ger\u00e7ek, daha kalpten. D\u00fcnyadaki b\u00fct\u00fcn iyilikler g\u00fczellikler etraf\u0131nda olsun. Bize de; sa\u011fl\u0131kl\u0131 bir \u00f6m\u00fcr diliyorum. Merhametimizle, sevgimizle ve \u015fefkatimizle sana uzun zaman e\u015flik edebilmek i\u00e7in.&#8221;<\/em><\/b><\/p>\n<p><img decoding=\"async\" src=\"https:\/\/bihavadis.com\/wp-content\/uploads\/2026\/01\/songul-odenin-kizi-2-yasinda-sone-larinli-kareler-geldi-2-jKHiUt3f.jpg\"\/><\/p>\n","protected":false},"excerpt":{"rendered":"<p>2 ya\u015f\u0131na giren k\u0131z\u0131 Sone Larin&#8217;in foto\u011fraflar\u0131n\u0131 yay\u0131nlayan \u00fcnl\u00fc oyuncu Song\u00fcl \u00d6den&#8217;in s\u00f6zleri duyguland\u0131rd\u0131.<\/p>\n","protected":false},"author":1,"featured_media":5793,"comment_status":"open","ping_status":"open","sticky":false,"template":"","format":"standard","meta":{"footnotes":""},"categories":[1],"tags":[463],"class_list":["post-5792","post","type-post","status-publish","format-standard","has-post-thumbnail","hentry","category-uncategorized","tag-kiz"],"_links":{"self":[{"href":"https:\/\/bihavadis.com\/index.php\/wp-json\/wp\/v2\/posts\/5792","targetHints":{"allow":["GET"]}}],"collection":[{"href":"https:\/\/bihavadis.com\/index.php\/wp-json\/wp\/v2\/posts"}],"about":[{"href":"https:\/\/bihavadis.com\/index.php\/wp-json\/wp\/v2\/types\/post"}],"author":[{"embeddable":true,"href":"https:\/\/bihavadis.com\/index.php\/wp-json\/wp\/v2\/users\/1"}],"replies":[{"embeddable":true,"href":"https:\/\/bihavadis.com\/index.php\/wp-json\/wp\/v2\/comments?post=5792"}],"version-history":[{"count":1,"href":"https:\/\/bihavadis.com\/index.php\/wp-json\/wp\/v2\/posts\/5792\/revisions"}],"predecessor-version":[{"id":5797,"href":"https:\/\/bihavadis.com\/index.php\/wp-json\/wp\/v2\/posts\/5792\/revisions\/5797"}],"wp:featuredmedia":[{"embeddable":true,"href":"https:\/\/bihavadis.com\/index.php\/wp-json\/wp\/v2\/media\/5793"}],"wp:attachment":[{"href":"https:\/\/bihavadis.com\/index.php\/wp-json\/wp\/v2\/media?parent=5792"}],"wp:term":[{"taxonomy":"category","embeddable":true,"href":"https:\/\/bihavadis.com\/index.php\/wp-json\/wp\/v2\/categories?post=5792"},{"taxonomy":"post_tag","embeddable":true,"href":"https:\/\/bihavadis.com\/index.php\/wp-json\/wp\/v2\/tags?post=5792"}],"curies":[{"name":"wp","href":"https:\/\/api.w.org\/{rel}","templated":true}]}}