{"id":58524,"date":"2026-03-03T14:48:38","date_gmt":"2026-03-03T14:48:38","guid":{"rendered":"https:\/\/bihavadis.com\/?p=58524"},"modified":"2026-03-03T14:48:38","modified_gmt":"2026-03-03T14:48:38","slug":"ses-kaydi-ortaya-cikti-putinden-1-milyon-rusya-yahudisi-gondermesini-istemis","status":"publish","type":"post","link":"https:\/\/bihavadis.com\/index.php\/2026\/03\/03\/ses-kaydi-ortaya-cikti-putinden-1-milyon-rusya-yahudisi-gondermesini-istemis\/","title":{"rendered":"Ses kayd\u0131 ortaya \u00e7\u0131kt\u0131! Putin&#8217;den 1 milyon Rusya Yahudisi g\u00f6ndermesini istemi\u015f"},"content":{"rendered":"<p>Eski \u0130srail Ba\u015fbakan\u0131 Ehud Barak&#8217;\u0131n, ABD&#8217;de pedofili a\u011f\u0131 kurmakla su\u00e7lan\u0131rken cezaevinde hayat\u0131n\u0131 kaybeden Jeffrey Epstein ile yapt\u0131\u011f\u0131 gizli bir g\u00f6r\u00fc\u015fmeye ait ses kayd\u0131 kamuoyuna yans\u0131d\u0131. Kay\u0131tlarda Barak&#8217;\u0131n, \u0130srail&#8217;in demografik yap\u0131s\u0131n\u0131 de\u011fi\u015ftirmeye y\u00f6nelik planlara ili\u015fkin dikkat \u00e7ekici ifadeler kulland\u0131\u011f\u0131 duyuldu.<\/p>\n<p><b>1 M\u0130LYON RUS G\u00d6\u00c7MEN \u0130\u00c7\u0130N LOB\u0130 YAPMI\u015e<\/b><\/p>\n<p>Middle East Eye&#8217;\u0131n (MEE) haberine g\u00f6re Barak, s\u00f6z konusu g\u00f6r\u00fc\u015fmede Rusya Devlet Ba\u015fkan\u0131 Vladimir Putin&#8217;e, \u0130srail&#8217;e &#8220;1 milyon Rus g\u00f6\u00e7men daha&#8221; getirilmesi i\u00e7in lobi yapt\u0131\u011f\u0131n\u0131 anlatt\u0131. Barak&#8217;\u0131n bu ad\u0131mla Filistinli n\u00fcfusun siyasi ve toplumsal etkisini azaltmay\u0131 hedefledi\u011fi \u00f6ne s\u00fcr\u00fcld\u00fc.<\/p>\n<p>14 \u015eubat 2015 tarihli kay\u0131tta Barak, Sovyetler Birli\u011fi&#8217;nin da\u011f\u0131lmas\u0131n\u0131n ard\u0131ndan 1990&#8217;l\u0131 y\u0131llarda \u0130srail&#8217;e gelen yakla\u015f\u0131k 1 milyon Rus g\u00f6\u00e7menin \u00fclkeyi k\u00f6kl\u00fc bi\u00e7imde d\u00f6n\u00fc\u015ft\u00fcrd\u00fc\u011f\u00fcn\u00fc s\u00f6yledi. Ancak 2005&#8217;e gelindi\u011finde bu g\u00f6\u00e7menlerin yar\u0131s\u0131ndan az\u0131n\u0131n Ortodoks Yahudi hukukuna g\u00f6re Yahudi kabul edildi\u011fini hat\u0131rlatan Barak, gelecekte &#8220;g\u00f6\u00e7menlerin niteli\u011finin kontrol edilmesi&#8221; gerekti\u011fini savundu.<\/p>\n<p><b>HAHAMLIK TEKEL\u0130N\u0130N KIRILMASINI \u00d6NERM\u0130\u015e<\/b><\/p>\n<p>Barak, \u0130srail&#8217;de evlilik, cenaze i\u015flemleri ve Yahudilik tan\u0131m\u0131 \u00fczerindeki Ortodoks hahaml\u0131k tekelinin k\u0131r\u0131lmas\u0131n\u0131 da \u00f6nerdi. Yahudili\u011fe ge\u00e7i\u015f s\u00fcre\u00e7lerinin daha sofistike ve kademeli hale getirilmesi gerekti\u011fini belirten Barak, Rusya&#8217;dan gelecek g\u00f6\u00e7menlerin d\u00f6n\u00fc\u015f\u00fcm \u015fart\u0131 aranmadan kabul edilebilece\u011fini, ancak \u00f6zellikle ikinci ku\u015fakta toplumsal bask\u0131 yoluyla bu s\u00fcrecin zamanla tamamlanaca\u011f\u0131n\u0131 ileri s\u00fcrd\u00fc.<\/p>\n<p><b>F\u0130L\u0130ST\u0130NL\u0130 N\u00dcFUSUNUN ARTI\u015eINA TEPK\u0130 G\u00d6STERD\u0130<\/b><\/p>\n<p>Ses kay\u0131tlar\u0131nda \u0130srail&#8217;in 1948 s\u0131n\u0131rlar\u0131 i\u00e7indeki Filistinli vatanda\u015flar\u0131na ili\u015fkin de\u011ferlendirmeler de yer ald\u0131. Barak, Filistinli n\u00fcfusun oran\u0131n\u0131n 40 y\u0131l \u00f6nce y\u00fczde 16 iken bug\u00fcn y\u00fczde 20&#8217;ye y\u00fckseldi\u011fini belirterek bunu bir &#8220;sorun&#8221; olarak nitelendirdi. E\u015fitlik tart\u0131\u015fmalar\u0131nda ise zorunlu askerlik yapan D\u00fcrzilere ve e\u011fitim seviyeleriyle \u00f6ne \u00e7\u0131kan Hristiyan az\u0131nl\u0131\u011fa \u00f6ncelik tan\u0131nmas\u0131 gerekti\u011fini savundu.<\/p>\n<p>Barak&#8217;\u0131n ifadeleri, \u0130srail&#8217;in \u0130kinci D\u00fcnya Sava\u015f\u0131 s\u0131ras\u0131nda ve sonras\u0131nda Avrupa&#8217;dan Yahudileri Filistin topraklar\u0131na ta\u015f\u0131ma ve Arap n\u00fcfusu d\u0131\u015flay\u0131c\u0131 politikalarla azaltma yakla\u015f\u0131m\u0131n\u0131n de\u011fi\u015fmedi\u011fi y\u00f6n\u00fcndeki ele\u015ftirileri yeniden g\u00fcndeme getirdi.<\/p>\n","protected":false},"excerpt":{"rendered":"<p>Yay\u0131nlanan Epstein belgeleri aras\u0131nda yer alan bir ses kayd\u0131nda Ehud Barak&#8217;\u0131n, Filistinli n\u00fcfusun etkisini azaltmak amac\u0131yla \u0130srail&#8217;in demografisini de\u011fi\u015ftirmeye y\u00f6nelik planlar\u0131 Jeffrey Epstein&#8217;e anlatt\u0131\u011f\u0131 ve bu kapsamda Vladimir Putin&#8217;den 1 milyon Rusya Yahudisi i\u00e7in destek istedi\u011fi ortaya \u00e7\u0131kt\u0131.<\/p>\n","protected":false},"author":1,"featured_media":58525,"comment_status":"open","ping_status":"open","sticky":false,"template":"","format":"standard","meta":{"footnotes":""},"categories":[12],"tags":[2237,2478,792,1625,4051],"class_list":["post-58524","post","type-post","status-publish","format-standard","has-post-thumbnail","hentry","category-siyaset","tag-barak","tag-gocmen","tag-israil","tag-rus","tag-yahudi"],"_links":{"self":[{"href":"https:\/\/bihavadis.com\/index.php\/wp-json\/wp\/v2\/posts\/58524","targetHints":{"allow":["GET"]}}],"collection":[{"href":"https:\/\/bihavadis.com\/index.php\/wp-json\/wp\/v2\/posts"}],"about":[{"href":"https:\/\/bihavadis.com\/index.php\/wp-json\/wp\/v2\/types\/post"}],"author":[{"embeddable":true,"href":"https:\/\/bihavadis.com\/index.php\/wp-json\/wp\/v2\/users\/1"}],"replies":[{"embeddable":true,"href":"https:\/\/bihavadis.com\/index.php\/wp-json\/wp\/v2\/comments?post=58524"}],"version-history":[{"count":1,"href":"https:\/\/bihavadis.com\/index.php\/wp-json\/wp\/v2\/posts\/58524\/revisions"}],"predecessor-version":[{"id":58526,"href":"https:\/\/bihavadis.com\/index.php\/wp-json\/wp\/v2\/posts\/58524\/revisions\/58526"}],"wp:featuredmedia":[{"embeddable":true,"href":"https:\/\/bihavadis.com\/index.php\/wp-json\/wp\/v2\/media\/58525"}],"wp:attachment":[{"href":"https:\/\/bihavadis.com\/index.php\/wp-json\/wp\/v2\/media?parent=58524"}],"wp:term":[{"taxonomy":"category","embeddable":true,"href":"https:\/\/bihavadis.com\/index.php\/wp-json\/wp\/v2\/categories?post=58524"},{"taxonomy":"post_tag","embeddable":true,"href":"https:\/\/bihavadis.com\/index.php\/wp-json\/wp\/v2\/tags?post=58524"}],"curies":[{"name":"wp","href":"https:\/\/api.w.org\/{rel}","templated":true}]}}