{"id":58535,"date":"2026-03-03T14:57:08","date_gmt":"2026-03-03T14:57:08","guid":{"rendered":"https:\/\/bihavadis.com\/?p=58535"},"modified":"2026-03-03T14:57:08","modified_gmt":"2026-03-03T14:57:08","slug":"balikesirde-gol-kenarinda-olu-bulundu","status":"publish","type":"post","link":"https:\/\/bihavadis.com\/index.php\/2026\/03\/03\/balikesirde-gol-kenarinda-olu-bulundu\/","title":{"rendered":"Bal\u0131kesir&#8217;de g\u00f6l kenar\u0131nda \u00f6l\u00fc bulundu"},"content":{"rendered":"<p>Bal\u0131kesir&#8217;de Manyas il\u00e7esine ba\u011fl\u0131 k\u0131rsal Ku\u015fcenneti ile Aksakal Mahalleleri aras\u0131ndaki Ilg\u0131nburnu mevkisinde bulunan Manyas G\u00f6l\u00fc kenar\u0131nda, trakt\u00f6r\u00fcyle evinden ayr\u0131lan Ali Ekin, ak\u015fam saatlerinde geri d\u00f6nmeyince yak\u0131nlar\u0131 telefonla kendisine ula\u015fmak istedi.<\/p>\n<p><strong>G\u00d6L KENARINDA HAREKETS\u0130Z BULUNDU, HAYATINI KAYBETT\u0130\u011e\u0130 BEL\u0130RLEND\u0130<\/strong><\/p>\n<p>Ekin&#8217;in telefon aramalar\u0131na bakmamas\u0131 \u00fczerine yak\u0131nlar\u0131, bal\u0131k tutmak i\u00e7in s\u0131k s\u0131k gitti\u011fi b\u00f6lgeyi ara\u015ft\u0131rmaya ba\u015flad\u0131. Yak\u0131nlar\u0131, bir s\u00fcre sonra trakt\u00f6r\u00fc g\u00f6l\u00fcn kenar\u0131nda, Ali Ekin\u2019i ise arac\u0131n \u00f6n k\u0131sm\u0131nda hareketsiz halde buldu.<\/p>\n<p>\u0130hbar \u00fczerine olay yerine jandarma ve sa\u011fl\u0131k ekipleri sevk edildi. Sa\u011fl\u0131k ekiplerinin kontrol\u00fcnde Ekin\u2019in hayat\u0131n\u0131 kaybetti\u011fi belirlendi.<\/p>\n<p>Ekin\u2019in cenazesi, olay yerindeki incelemenin ard\u0131ndan Bursa Adli T\u0131p Kurumu\u2019nun morguna kald\u0131r\u0131ld\u0131. Ekin&#8217;in \u00f6l\u00fcm nedeni, yap\u0131lacak otopsinin ard\u0131ndan kesinlik kazanacak.<\/p>\n<p>Jandarma, olayla ilgili soru\u015fturma ba\u015flatt\u0131.<\/p>\n<div> <span><strong>Kaynak:<\/strong> Demir\u00f6ren Haber Ajans\u0131 (DHA)<\/span> <\/div>\n","protected":false},"excerpt":{"rendered":"<p>Bal\u0131kesir&#8217;de Manyas il\u00e7esine ba\u011fl\u0131 k\u0131rsal Ku\u015fcenneti ile Aksakal Mahalleleri aras\u0131ndaki Ilg\u0131nburnu mevkisinde bulunan Manyas G\u00f6l\u00fc kenar\u0131nda, trakt\u00f6r\u00fcyle evinden ayr\u0131lan Ali Ekin, ak\u015fam saatlerinde geri d\u00f6nmeyince yak\u0131nlar\u0131 telefonla kendisine ula\u015fmak &#8230;<\/p>\n","protected":false},"author":1,"featured_media":58536,"comment_status":"open","ping_status":"open","sticky":false,"template":"","format":"standard","meta":{"footnotes":""},"categories":[4,13],"tags":[],"class_list":["post-58535","post","type-post","status-publish","format-standard","has-post-thumbnail","hentry","category-gundem","category-son-dakika"],"_links":{"self":[{"href":"https:\/\/bihavadis.com\/index.php\/wp-json\/wp\/v2\/posts\/58535","targetHints":{"allow":["GET"]}}],"collection":[{"href":"https:\/\/bihavadis.com\/index.php\/wp-json\/wp\/v2\/posts"}],"about":[{"href":"https:\/\/bihavadis.com\/index.php\/wp-json\/wp\/v2\/types\/post"}],"author":[{"embeddable":true,"href":"https:\/\/bihavadis.com\/index.php\/wp-json\/wp\/v2\/users\/1"}],"replies":[{"embeddable":true,"href":"https:\/\/bihavadis.com\/index.php\/wp-json\/wp\/v2\/comments?post=58535"}],"version-history":[{"count":1,"href":"https:\/\/bihavadis.com\/index.php\/wp-json\/wp\/v2\/posts\/58535\/revisions"}],"predecessor-version":[{"id":58537,"href":"https:\/\/bihavadis.com\/index.php\/wp-json\/wp\/v2\/posts\/58535\/revisions\/58537"}],"wp:featuredmedia":[{"embeddable":true,"href":"https:\/\/bihavadis.com\/index.php\/wp-json\/wp\/v2\/media\/58536"}],"wp:attachment":[{"href":"https:\/\/bihavadis.com\/index.php\/wp-json\/wp\/v2\/media?parent=58535"}],"wp:term":[{"taxonomy":"category","embeddable":true,"href":"https:\/\/bihavadis.com\/index.php\/wp-json\/wp\/v2\/categories?post=58535"},{"taxonomy":"post_tag","embeddable":true,"href":"https:\/\/bihavadis.com\/index.php\/wp-json\/wp\/v2\/tags?post=58535"}],"curies":[{"name":"wp","href":"https:\/\/api.w.org\/{rel}","templated":true}]}}