{"id":58959,"date":"2026-03-04T01:03:06","date_gmt":"2026-03-04T01:03:06","guid":{"rendered":"https:\/\/bihavadis.com\/?p=58959"},"modified":"2026-03-04T01:03:06","modified_gmt":"2026-03-04T01:03:06","slug":"buyuksehirden-trafige-nefes-aldiracak-uc-kavsak-duzenlemesi","status":"publish","type":"post","link":"https:\/\/bihavadis.com\/index.php\/2026\/03\/04\/buyuksehirden-trafige-nefes-aldiracak-uc-kavsak-duzenlemesi\/","title":{"rendered":"B\u00fcy\u00fck\u015fehir&#8217;den trafi\u011fe nefes ald\u0131racak \u00fc\u00e7 kav\u015fak d\u00fczenlemesi"},"content":{"rendered":"<p>\u0130zmir B\u00fcy\u00fck\u015fehir Belediyesi, kent trafi\u011finde uzun ara\u00e7 kuyruklar\u0131na neden olan \u00fc\u00e7 kav\u015fakta e\u015f zamanl\u0131 d\u00fczenleme \u00e7al\u0131\u015fmalar\u0131na ba\u015flad\u0131. \u00c7i\u011fli\u2013Mavi\u015fehir aks\u0131nda trafik ak\u0131\u015f\u0131n\u0131 h\u0131zland\u0131rmak amac\u0131yla Ko\u00e7ta\u015f ve Bazekol Hastanesi kav\u015faklar\u0131nda \u015ferit geni\u015fletme \u00e7al\u0131\u015fmalar\u0131 yap\u0131l\u0131rken, ak\u0131\u015f\u0131 olumsuz etkileyen d\u00f6n\u00fc\u015fler yeniden d\u00fczenleniyor. Gaziemir\u2019de ise Ak\u00e7ay Caddesi \u00fczerindeki ESBA\u015e Kav\u015fa\u011f\u0131\u2019nda otob\u00fcs dura\u011f\u0131 ve \u015ferit d\u00fczenlemelerini kapsayan \u00e7al\u0131\u015fma ile ara\u00e7 kuyruklar\u0131n\u0131n azalt\u0131lmas\u0131 hedefleniyor.<\/p>\n<p>\u0130zmir B\u00fcy\u00fck\u015fehir Belediyesi, kent ula\u015f\u0131m\u0131n\u0131 rahatlatacak b\u00fcy\u00fck yat\u0131r\u0131mlar\u0131n yan\u0131 s\u0131ra kav\u015fak d\u00fczenlemeleriyle de trafik ak\u0131\u015f\u0131n\u0131 iyile\u015ftiriyor. Yol Yap\u0131m Bak\u0131m ve Onar\u0131m Dairesi Ba\u015fkanl\u0131\u011f\u0131 taraf\u0131ndan, uzun ara\u00e7 kuyruklar\u0131n\u0131n olu\u015ftu\u011fu \u00fc\u00e7 ayr\u0131 noktada \u015ferit geni\u015fletme ve kav\u015fak d\u00fczenleme \u00e7al\u0131\u015fmalar\u0131na ba\u015fland\u0131. \u00c7i\u011fli\u2013Mavi\u015fehir aks\u0131ndaki yo\u011funlu\u011fu azaltmak amac\u0131yla Ko\u00e7ta\u015f ve Bazekol kav\u015faklar\u0131 ile Gaziemir\u2019deki ESBA\u015e Kav\u015fa\u011f\u0131\u2019nda yenileme \u00e7al\u0131\u015fmalar\u0131 y\u00fcr\u00fct\u00fcl\u00fcyor. \u00c7i\u011fli y\u00f6n\u00fcnden Mavi\u015fehir istikametine kesintisiz ge\u00e7i\u015f sa\u011flamak i\u00e7in iki kav\u015fakta \u015ferit say\u0131s\u0131 art\u0131r\u0131l\u0131rken, d\u00f6n\u00fc\u015fler yeniden d\u00fczenlenecek. ESBA\u015e Kav\u015fa\u011f\u0131\u2019nda ise yan yol cepleri geni\u015fletilerek uzun ara\u00e7 kuyruklar\u0131n\u0131n \u00f6n\u00fcne ge\u00e7ilmesi hedefleniyor.<\/p>\n<p><strong>Trafik ak\u0131\u015f\u0131 i\u00e7in planl\u0131 m\u00fcdahale<\/strong><\/p>\n<p>Kav\u015faklardaki h\u0131zl\u0131 m\u00fcdahalelerin s\u00fcrece\u011fini vurgulayan Yol Yap\u0131m Bak\u0131m ve Onar\u0131m Dairesi Ba\u015fkanl\u0131\u011f\u0131 \u015eantiye \u015eefi Volkan Keskin, Ko\u00e7ta\u015f Kav\u015fa\u011f\u0131\u2019ndaki d\u00fczenlemede sona yakla\u015f\u0131ld\u0131\u011f\u0131n\u0131, Gaziemir\u2019de ESBA\u015e \u00f6n\u00fcndeki kav\u015fakta \u015ferit art\u0131r\u0131m\u0131 ve y\u00f6nlendirme \u00e7al\u0131\u015fmalar\u0131n\u0131n devam etti\u011fini, ESBA\u015e Kav\u015fa\u011f\u0131\u2019ndaki deplase ve altyap\u0131 \u00e7al\u0131\u015fmalar\u0131n\u0131 da k\u0131sa s\u00fcrede tamamlamay\u0131 planlad\u0131klar\u0131n\u0131 belirtti. \u00d6n\u00fcm\u00fczdeki hafta Bazekol Kav\u015fa\u011f\u0131\u2019nda \u00e7al\u0131\u015fmalara ba\u015flanaca\u011f\u0131n\u0131 aktaran Keskin, \u201cAna arterlerde yan yol ba\u011flant\u0131lar\u0131 trafik ak\u0131\u015f\u0131n\u0131 yava\u015flatabiliyor. Yap\u0131lan y\u00f6nlendirmeler bu nedenle b\u00fcy\u00fck \u00f6nem ta\u015f\u0131yor. \u0130zmir B\u00fcy\u00fck\u015fehir Belediyesi olarak b\u00fcy\u00fck projelerin yan\u0131 s\u0131ra kav\u015faklarda yapt\u0131\u011f\u0131m\u0131z d\u00fczenlemelerle s\u00fcr\u00fcc\u00fclerin daha h\u0131zl\u0131 ve g\u00fcvenli ula\u015f\u0131m sa\u011flamas\u0131n\u0131 hedefliyoruz\u201d dedi.<\/p>\n<p><strong>Otoyoldan Mavi\u015fehir\u2019e ge\u00e7i\u015f \u00fc\u00e7 \u015feride \u00e7\u0131kt\u0131<\/strong><\/p>\n<p>Otoyoldan Mavi\u015fehir y\u00f6n\u00fcne trafik ak\u0131\u015f\u0131n\u0131 h\u0131zland\u0131rmak amac\u0131yla Caher Dudayev Bulvar\u0131\u2019nda d\u00fczenleme yap\u0131ld\u0131. 10500 Sokak kesi\u015fimindeki iki \u015feritli yol \u00fc\u00e7 \u015feride \u00e7\u0131kar\u0131ld\u0131. Organize Sanayi B\u00f6lgesi\u2019nden gelen ara\u00e7lar\u0131n kar\u015f\u0131ya ge\u00e7i\u015fleri, sa\u011f istikametten Caher Dudayev Bulvar\u0131\u2019na ba\u011flant\u0131 ve ileriden kontroll\u00fc d\u00f6n\u00fc\u015f uygulamas\u0131yla yeniden d\u00fczenlendi. B\u00f6ylece kav\u015fak i\u00e7erisindeki trafik ak\u0131\u015f\u0131n\u0131n kesintiye u\u011framas\u0131n\u0131n \u00f6n\u00fcne ge\u00e7ilmesi sa\u011fland\u0131.<\/p>\n<p><strong>ESBA\u015e kav\u015fa\u011f\u0131nda olu\u015fan ara\u00e7 kuyruklar\u0131 ortadan kalkacak<\/strong><\/p>\n<p>Gaziemir trafi\u011finin en yo\u011fun noktalar\u0131ndan Ak\u00e7ay Caddesi \u00fczerindeki ESBA\u015e ve Optimum y\u00f6nlerine d\u00f6n\u00fc\u015f\u00fcn sa\u011fland\u0131\u011f\u0131 kav\u015fakta kapsaml\u0131 d\u00fczenleme ba\u015flat\u0131ld\u0131. \u00c7al\u0131\u015fma kapsam\u0131nda, merkez y\u00f6n\u00fcne gitmek isteyen ara\u00e7lar\u0131n olu\u015fturdu\u011fu kuyruklar\u0131 azaltmak i\u00e7in \u015ferit say\u0131s\u0131 art\u0131r\u0131lacak. 341 Sokak\u2019tan Ak\u00e7ay Caddesi\u2019ne d\u00f6n\u00fc\u015fler s\u0131\u011f\u0131nmal\u0131 kav\u015fak olarak d\u00fczenlenerek yan yol trafi\u011finin ak\u0131\u015f\u0131 h\u0131zland\u0131r\u0131lacak. Merkezden Gaziemir y\u00f6n\u00fcne geli\u015flerde otob\u00fcs dura\u011f\u0131 geni\u015fletilerek toplu ula\u015f\u0131m\u0131n trafi\u011fi aksatmamas\u0131 sa\u011flanacak. Ayr\u0131ca kav\u015fakta yap\u0131lacak sinyalizasyon d\u00fczenlemesiyle kuyruk uzunluklar\u0131n\u0131n en aza indirilmesi hedefleniyor.<\/p>\n<p><strong>\u00c7i\u011fli-Mavi\u015fehir-Kar\u015f\u0131yaka hatt\u0131nda ula\u015f\u0131m h\u0131zlan\u0131yor<\/strong><\/p>\n<p>Caher Dudayev Bulvar\u0131 ile Naz\u0131m Hikmet Ran Bulvar\u0131\u2019n\u0131n kesi\u015fti\u011fi Bazekol Hastanesi kav\u015fa\u011f\u0131nda d\u00fczenleme yap\u0131lacak. Mavi\u015fehir\u2019den \u00c7i\u011fli y\u00f6n\u00fcne sa\u011fa d\u00f6n\u00fc\u015fler yan yola ba\u011flanacak. \u00c7i\u011fli y\u00f6n\u00fcne ak\u0131\u015f\u0131 kesintisiz s\u00fcrd\u00fcrmek i\u00e7in Kent Hastanesi y\u00f6n\u00fcnden gelen ara\u00e7lar\u0131n kar\u015f\u0131ya ge\u00e7i\u015fi kald\u0131r\u0131larak otoyola y\u00f6nlendirilecek. \u00c7i\u011fli\u2019den gelen iki \u015ferit \u00fc\u00e7 \u015feride \u00e7\u0131kar\u0131lacak. \u00c7al\u0131\u015fmalara Ko\u00e7ta\u015f kav\u015fa\u011f\u0131 tamamland\u0131ktan sonra ba\u015flanacak. D\u00fczenlemeyle \u00c7i\u011fli\u2013Mavi\u015fehir\u2013Kar\u015f\u0131yaka hatt\u0131nda ula\u015f\u0131m h\u0131zlanacak.<\/p>\n<p>\u00a0<\/p>\n<p>\u00a0<\/p>\n<p>Kaynak: (BYZHA) Beyaz Haber Ajans\u0131<\/p>\n","protected":false},"excerpt":{"rendered":"<p>\u0130zmir B\u00fcy\u00fck\u015fehir Belediyesi, kent trafi\u011finde uzun ara\u00e7 kuyruklar\u0131na neden olan \u00fc\u00e7 kav\u015fakta e\u015f zamanl\u0131 d\u00fczenleme \u00e7al\u0131\u015fmalar\u0131na ba\u015flad\u0131.<\/p>\n","protected":false},"author":1,"featured_media":58960,"comment_status":"open","ping_status":"open","sticky":false,"template":"","format":"standard","meta":{"footnotes":""},"categories":[4],"tags":[1059,2732,1264,1009,531],"class_list":["post-58959","post","type-post","status-publish","format-standard","has-post-thumbnail","hentry","category-gundem","tag-cigli","tag-duzenleme","tag-mavisehir","tag-serit","tag-yol"],"_links":{"self":[{"href":"https:\/\/bihavadis.com\/index.php\/wp-json\/wp\/v2\/posts\/58959","targetHints":{"allow":["GET"]}}],"collection":[{"href":"https:\/\/bihavadis.com\/index.php\/wp-json\/wp\/v2\/posts"}],"about":[{"href":"https:\/\/bihavadis.com\/index.php\/wp-json\/wp\/v2\/types\/post"}],"author":[{"embeddable":true,"href":"https:\/\/bihavadis.com\/index.php\/wp-json\/wp\/v2\/users\/1"}],"replies":[{"embeddable":true,"href":"https:\/\/bihavadis.com\/index.php\/wp-json\/wp\/v2\/comments?post=58959"}],"version-history":[{"count":1,"href":"https:\/\/bihavadis.com\/index.php\/wp-json\/wp\/v2\/posts\/58959\/revisions"}],"predecessor-version":[{"id":58961,"href":"https:\/\/bihavadis.com\/index.php\/wp-json\/wp\/v2\/posts\/58959\/revisions\/58961"}],"wp:featuredmedia":[{"embeddable":true,"href":"https:\/\/bihavadis.com\/index.php\/wp-json\/wp\/v2\/media\/58960"}],"wp:attachment":[{"href":"https:\/\/bihavadis.com\/index.php\/wp-json\/wp\/v2\/media?parent=58959"}],"wp:term":[{"taxonomy":"category","embeddable":true,"href":"https:\/\/bihavadis.com\/index.php\/wp-json\/wp\/v2\/categories?post=58959"},{"taxonomy":"post_tag","embeddable":true,"href":"https:\/\/bihavadis.com\/index.php\/wp-json\/wp\/v2\/tags?post=58959"}],"curies":[{"name":"wp","href":"https:\/\/api.w.org\/{rel}","templated":true}]}}