{"id":58986,"date":"2026-03-04T01:27:07","date_gmt":"2026-03-04T01:27:07","guid":{"rendered":"https:\/\/bihavadis.com\/?p=58986"},"modified":"2026-03-04T01:27:07","modified_gmt":"2026-03-04T01:27:07","slug":"istanbulda-caddede-silahla-ates-acti-cezaevindeki-arkadasim-icin-yaptim","status":"publish","type":"post","link":"https:\/\/bihavadis.com\/index.php\/2026\/03\/04\/istanbulda-caddede-silahla-ates-acti-cezaevindeki-arkadasim-icin-yaptim\/","title":{"rendered":"\u0130stanbul&#8217;da caddede silahla ate\u015f a\u00e7t\u0131: Cezaevindeki arkada\u015f\u0131m i\u00e7in yapt\u0131m"},"content":{"rendered":"<p>\u0130stanbul Sar\u0131yer&#8217;de gece yar\u0131s\u0131 motosiklet seyreden iki ki\u015fiden biri, silahla havaya ate\u015f a\u00e7t\u0131.<\/p>\n<p>Arkas\u0131ndan seyreden iki ki\u015fiden biri de o anlar\u0131 cep telefonuyla kaydetti.<\/p>\n<p><strong>O ANLAR KAMERADA<\/strong><\/p>\n<p>Motosikletli \u015f\u00fcpheliler ard\u0131ndan olay yerinden uzakla\u015ft\u0131.<\/p>\n<p>Olay an\u0131 ise g\u00fcvenlik kameras\u0131na yans\u0131d\u0131.<\/p>\n<p>Olay\u0131n ard\u0131ndan televizyon kanal\u0131n \u0130dari \u0130\u015fler Amiri D.A.&#8217;n\u0131n \u015fikayeti \u00fczerine Sar\u0131yer Asayi\u015f B\u00fcro Amirli\u011fi ekipleri \u00e7al\u0131\u015fma ba\u015flatt\u0131.<\/p>\n<p><img decoding=\"async\" src=\"https:\/\/bihavadis.com\/wp-content\/uploads\/2026\/03\/istanbulda-caddede-silahla-ates-acti-cezaevindeki-arkadasim-icin-yaptim-0-Una3seeV.jpg\"\/><\/p>\n<p><strong>SARIYER ASAY\u0130\u015e POL\u0130S\u0130 YAKALADI<\/strong><\/p>\n<p>G\u00fcvenlik kamera g\u00f6r\u00fcnt\u00fclerini incelemeye alan polis, olay\u0131 ger\u00e7ekle\u015ftiren \u015f\u00fcphelilerin kulland\u0131\u011f\u0131 motosikletlerin plakalar\u0131n\u0131n oldu\u011funu belirledi.<\/p>\n<p>Devam eden \u00e7al\u0131\u015fmalarda kimlikleri tespit edilen 4 \u015f\u00fcpheli, Ka\u011f\u0131thane Sultan Selim Mahallesi&#8217;nde bir caddede yakaland\u0131.<\/p>\n<p><img decoding=\"async\" src=\"https:\/\/bihavadis.com\/wp-content\/uploads\/2026\/03\/istanbulda-caddede-silahla-ates-acti-cezaevindeki-arkadasim-icin-yaptim-1-PplvtGjN.jpg\"\/><\/p>\n<p><strong>&#8220;CEZAEV\u0130NDEK\u0130 ARKADA\u015eIM \u0130\u00c7\u0130N YAPTIM&#8221;<\/strong><\/p>\n<p>G\u00f6zalt\u0131na al\u0131nan 16, 17, 15 ve 18 ya\u015flar\u0131ndaki F.B., O.Y.A., \u00d6.K. ve Kenan A. emniyete g\u00f6t\u00fcr\u00fcld\u00fc.<\/p>\n<p>\u015e\u00fcphelilerin olayda kulland\u0131\u011f\u0131 kurus\u0131k\u0131 tabancaya da el konuldu.<\/p>\n<p><img decoding=\"async\" src=\"https:\/\/bihavadis.com\/wp-content\/uploads\/2026\/03\/istanbulda-caddede-silahla-ates-acti-cezaevindeki-arkadasim-icin-yaptim-2-2kcH1YDT.jpg\"\/><\/p>\n<p><strong>CEZAEV\u0130NDEK\u0130 ARKADA\u015eIMIZA SELAM G\u00d6NDERMEK \u0130STED\u0130K<\/strong><\/p>\n<p>Burada i\u015flemleri tamamlanan ve poliste su\u00e7 kay\u0131tlar\u0131 olmad\u0131\u011f\u0131 belirlenen 4 \u015f\u00fcpheliden F.B. polise verdi\u011fi ilk ifadede, cezaevinde olan arkada\u015f\u0131na selam g\u00f6ndermek i\u00e7in olay\u0131 ger\u00e7ekle\u015ftirip kayda ald\u0131rd\u0131\u011f\u0131n\u0131 s\u00f6yledi\u011fi \u00f6\u011frenildi.<\/p>\n<p>F.B.&#8217;nin ifadesinde g\u00f6r\u00fcnt\u00fcleri sosyal medyada payla\u015fmak istedi\u011fini s\u00f6yledi\u011fi bilgisi de edinildi.<\/p>\n<p><img decoding=\"async\" src=\"https:\/\/bihavadis.com\/wp-content\/uploads\/2026\/03\/istanbulda-caddede-silahla-ates-acti-cezaevindeki-arkadasim-icin-yaptim-3-j5TYGNBb.jpg\"\/><\/p>\n<p><strong>ADL\u0130 KONTROLLE SERBEST KALDILAR<\/strong><\/p>\n<p>&#8216;Ate\u015fli silahlar kanuna muhalefet&#8217; ve &#8216;silahl\u0131 tehdit&#8217; su\u00e7lar\u0131ndan haklar\u0131nda adli i\u015flem ba\u015flat\u0131lan \u015f\u00fcpheliler adliyeye sevk edildi.<\/p>\n<p>Mahkemeye \u00e7\u0131kar\u0131lan 4 \u015f\u00fcpheli, adli kontrol \u015fart\u0131yla serbest b\u0131rak\u0131ld\u0131.<\/p>\n<p>\u015e\u00fcphelilerin poliste su\u00e7 kayd\u0131n\u0131n olmad\u0131\u011f\u0131 \u00f6\u011frenildi.<\/p>\n<p><img decoding=\"async\" src=\"https:\/\/bihavadis.com\/wp-content\/uploads\/2026\/03\/istanbulda-caddede-silahla-ates-acti-cezaevindeki-arkadasim-icin-yaptim-4-7ys72rs7.jpg\"\/><\/p>\n<p><img decoding=\"async\" src=\"https:\/\/bihavadis.com\/wp-content\/uploads\/2026\/03\/istanbulda-caddede-silahla-ates-acti-cezaevindeki-arkadasim-icin-yaptim-5-LL5ZIYly.jpg\"\/><\/p>\n<p><img decoding=\"async\" src=\"https:\/\/bihavadis.com\/wp-content\/uploads\/2026\/03\/istanbulda-caddede-silahla-ates-acti-cezaevindeki-arkadasim-icin-yaptim-6-NrxO9c29.jpg\"\/> <\/p>\n<div> <span><strong>Kaynak:<\/strong> Demir\u00f6ren Haber Ajans\u0131 (DHA)<\/span> <\/div>\n","protected":false},"excerpt":{"rendered":"<p>\u0130stanbul Sar\u0131yer&#8217;de gece yar\u0131s\u0131 motosiklet seyreden iki ki\u015fiden biri, silahla havaya ate\u015f a\u00e7t\u0131. Arkas\u0131ndan seyreden iki ki\u015fiden biri de o anlar\u0131 cep telefonuyla kaydetti. O ANLAR KAMERADA Motosikletli \u015f\u00fcpheliler ard\u0131ndan olay yerinden uzakla\u015ft\u0131. Olay &#8230;<\/p>\n","protected":false},"author":1,"featured_media":58987,"comment_status":"open","ping_status":"open","sticky":false,"template":"","format":"standard","meta":{"footnotes":""},"categories":[4,13],"tags":[256,1566],"class_list":["post-58986","post","type-post","status-publish","format-standard","has-post-thumbnail","hentry","category-gundem","category-son-dakika","tag-olay","tag-supheliler"],"_links":{"self":[{"href":"https:\/\/bihavadis.com\/index.php\/wp-json\/wp\/v2\/posts\/58986","targetHints":{"allow":["GET"]}}],"collection":[{"href":"https:\/\/bihavadis.com\/index.php\/wp-json\/wp\/v2\/posts"}],"about":[{"href":"https:\/\/bihavadis.com\/index.php\/wp-json\/wp\/v2\/types\/post"}],"author":[{"embeddable":true,"href":"https:\/\/bihavadis.com\/index.php\/wp-json\/wp\/v2\/users\/1"}],"replies":[{"embeddable":true,"href":"https:\/\/bihavadis.com\/index.php\/wp-json\/wp\/v2\/comments?post=58986"}],"version-history":[{"count":1,"href":"https:\/\/bihavadis.com\/index.php\/wp-json\/wp\/v2\/posts\/58986\/revisions"}],"predecessor-version":[{"id":58995,"href":"https:\/\/bihavadis.com\/index.php\/wp-json\/wp\/v2\/posts\/58986\/revisions\/58995"}],"wp:featuredmedia":[{"embeddable":true,"href":"https:\/\/bihavadis.com\/index.php\/wp-json\/wp\/v2\/media\/58987"}],"wp:attachment":[{"href":"https:\/\/bihavadis.com\/index.php\/wp-json\/wp\/v2\/media?parent=58986"}],"wp:term":[{"taxonomy":"category","embeddable":true,"href":"https:\/\/bihavadis.com\/index.php\/wp-json\/wp\/v2\/categories?post=58986"},{"taxonomy":"post_tag","embeddable":true,"href":"https:\/\/bihavadis.com\/index.php\/wp-json\/wp\/v2\/tags?post=58986"}],"curies":[{"name":"wp","href":"https:\/\/api.w.org\/{rel}","templated":true}]}}